{"id":10492,"date":"2022-12-15T10:42:09","date_gmt":"2022-12-15T09:42:09","guid":{"rendered":"https:\/\/radiosummernight.ch\/?p=10492"},"modified":"2023-04-20T09:19:02","modified_gmt":"2023-04-20T07:19:02","slug":"svp-staenderat-jakob-stark-plaediert-fuer-gewalt-gegen-kinder-und-jugendlichen-durch-eltern","status":"publish","type":"post","link":"https:\/\/radiosummernight.ch\/fr\/svp-staenderat-jakob-stark-plaediert-fuer-gewalt-gegen-kinder-und-jugendlichen-durch-eltern\/","title":{"rendered":"SVP St\u00e4nderat Jakob Stark pl\u00e4diert f\u00fcr Gewalt als Erziehungsmethode"},"content":{"rendered":"<blockquote><p><strong>Ein Kommentar von Simon Jacob<\/strong><\/p><\/blockquote>\n<p>&#8220;Ich bin ja kein Erziehungsexperte, ich bin nur ein einfacher und besorgter Vater&#8221; so beginnt das Votum von SVP\/TG St\u00e4nderat Jakob Stark bez\u00fcglich einer Motion welche Gewaltfreie Erziehung im Zivilgesetzbuch verankern will heute Morgen im St\u00e4nderat.<\/p>\n<p>Darauf stellte er sieben Fragen bzw. Aussagen in seinem <a href=\"https:\/\/www.parlament.ch\/de\/ratsbetrieb\/amtliches-bulletin\/amtliches-bulletin-die-verhandlungen?SubjectId=59324#votum4\" target=\"_blank\" rel=\"noopener\">Votum<\/a>\u00a0um sein Unbehagen auszudr\u00fccken, drei davon lauten wie folgt:<\/p>\n<p>1: &#8220;Welche Sanktionen sind gewaltfrei, und welche Sanktionen bedeuten eine Gewaltaus\u00fcbung?&#8221;<\/p>\n<p>2: &#8220;Ist es richtig, Gewalt zu verbieten, oder m\u00fcsste nicht vielmehr der Umgang mit Gewalt geregelt werden, weil Gewalt einfach immer da ist?&#8221;<\/p>\n<p>3:\u00a0<strong>&#8220;Wir sollten Gewaltanwendung nicht pauschal verbieten, sondern sie in die klaren Schranken den verantwortungsbewussten Eltern und Erziehenden zuweisen, eben so, wie es heute geregelt ist. &#8220;<\/strong><\/p>\n<p>&nbsp;<\/p>\n<p><strong>Um zu verstehen wie problematisch die \u00c4usserung ist, speziell Punkt 3, muss man nicht Lange in der Bundesverfassung bl\u00e4ttern. Dort heisst es:<\/strong><\/p>\n<p>Artikel 10: <sup>2<\/sup>\u00a0Jeder Mensch hat das Recht auf pers\u00f6nliche Freiheit, <strong>insbesondere auf k\u00f6rperliche und geistige Unversehrtheit<\/strong> und auf Bewegungsfreiheit.<\/p>\n<p><sup>3<\/sup>\u00a0Folter und <strong>jede andere Art grausamer, unmenschlicher oder erniedrigender Behandlung oder Bestrafung sind verboten<\/strong>.<\/p>\n<p>Artikel 11<sup>1<\/sup>\u00a0<strong>Kinder und Jugendliche haben Anspruch auf besonderen Schutz ihrer Unversehrt\u00adheit<\/strong> und auf F\u00f6rderung ihrer Entwicklung.<\/p>\n<p>Zusammenfassend sagt Herr Jakob Stark also, dass man Gewaltanwendung an Kinder und Jugendlichen durch ihre Eltern nicht pauschal verbieten sollte und stellt es infrage, ob es \u00fcberhaupt richtig w\u00e4re, Gewalt als Erziehungsmethode zu verwenden.<\/p>\n<p>Damit ignoriert er eindeutig die schweizerische Bundesverfassung, welche es ausdr\u00fccklich verbietet, jegliche Art von Gewalt anzuwenden, vor allem gegen\u00fcber Kinder und Jugendliche. Ein Verbot, welches nat\u00fcrlich logisch ist, da Gewalt bzw. Missbrauch als Erziehungsmethode, katastrophale Folgen f\u00fcr Kinder und Jugendliche haben schwere psychische Krankheiten wie Depressionen und Angstst\u00f6rungen sind keine Seltenheit und f\u00fcr einige ist der letzte Ausweg der Suizid.<\/p>\n<p>Wenn man seine Aussage ein wenig weiter denkt, kommt man zum Ergebnis, dass Selbstmorde infolge von Gewalt in der Erziehung keine Gr\u00fcnde darstellen, um den Auftrag aus der Bundesverfassung umzusetzen, welcher klar und deutlich besagt, dass man Kinder und Jugendliche konsequenten Schutz ihrer k\u00f6rperlichen und geistigen Unversehrtheit gew\u00e4hrleisten\u00a0<strong>muss<\/strong>.<\/p>","protected":false},"excerpt":{"rendered":"<p>Ein Kommentar von Simon Jacob &#8220;Ich bin ja kein Erziehungsexperte, ich bin nur ein einfacher und besorgter Vater&#8221; so beginnt das Votum von SVP\/TG St\u00e4nderat Jakob Stark bez\u00fcglich einer Motion welche Gewaltfreie Erziehung im Zivilgesetzbuch verankern will heute Morgen im St\u00e4nderat. Darauf stellte er sieben Fragen bzw. Aussagen in seinem Votum\u00a0um sein Unbehagen auszudr\u00fccken, drei&hellip; <br \/> <a class=\"read-more\" href=\"https:\/\/radiosummernight.ch\/fr\/svp-staenderat-jakob-stark-plaediert-fuer-gewalt-gegen-kinder-und-jugendlichen-durch-eltern\/\">Read more<\/a><\/p>","protected":false},"author":59,"featured_media":10494,"comment_status":"closed","ping_status":"closed","sticky":false,"template":"","format":"standard","meta":{"episode_type":"audio","audio_file":"","podmotor_file_id":"","podmotor_episode_id":"","cover_image":"","cover_image_id":"","duration":"","filesize":"","filesize_raw":"","date_recorded":"","explicit":"","block":"","itunes_episode_number":"","itunes_title":"","itunes_season_number":"","itunes_episode_type":"","footnotes":""},"categories":[186,588],"tags":[358,359,356,360,362,357,361,251],"series":[],"class_list":["post-10492","post","type-post","status-publish","format-standard","has-post-thumbnail","hentry","category-news","category-redaktionell","tag-erziehung","tag-gewalt","tag-jakob-stark","tag-kindes-und-jugendmissbrauch","tag-missbrauch","tag-staenderat","tag-suizid","tag-svp"],"episode_featured_image":"https:\/\/radiosummernight.ch\/upload\/2022\/12\/J-Stark.png","episode_player_image":"https:\/\/radiosummernight.ch\/upload\/2021\/03\/Logo-RSN-Schwarz-300x300-Green.png","download_link":"","player_link":"","audio_player":false,"episode_data":{"playerMode":"light","subscribeUrls":{"apple_podcasts":{"key":"apple_podcasts","url":"https:\/\/podcasts.apple.com\/us\/podcast\/radio-summernight\/id1647787397?uo=4&itsct=podtail_podcasts&itscg=30200&ls=1&at=1001l39ag&ct=deutschepodcasts.de","label":"Apple Podcasts","class":"apple_podcasts","icon":"apple-podcasts.png"},"deezer":{"key":"deezer","url":"https:\/\/deezer.page.link\/NKiaDgyHm5ekBXsE7","label":"Deezer","class":"deezer","icon":"deezer.png"},"google_podcasts":{"key":"google_podcasts","url":"https:\/\/podcasts.google.com\/feed\/aHR0cHM6Ly9yYWRpb3N1bW1lcm5pZ2h0LmNoL2ZlZWQvcG9kY2FzdA?sa=X&ved=0CAMQ4aUDahcKEwj4gc2i0oP8AhUAAAAAHQAAAAAQAQ&hl=de-CH","label":"Google Podcasts","class":"google_podcasts","icon":"google-podcasts.png"},"podcast_de":{"key":"podcast_de","url":"https:\/\/www.podcast.de\/podcast\/3070299\/radio-summernight","label":"Podcast.de","class":"podcast_de","icon":"podcast-de.png"},"spotify":{"key":"spotify","url":"https:\/\/open.spotify.com\/show\/4DnvrNRnOIGTWoVH4yoIpC","label":"Spotify","class":"spotify","icon":"spotify.png"},"itunes":{"key":"itunes","url":"","label":"iTunes","class":"itunes","icon":"itunes.png"},"mytuner_radio":{"key":"mytuner_radio","url":"","label":"myTuner Radio","class":"mytuner_radio","icon":"mytuner-radio.png"}},"rssFeedUrl":"https:\/\/radiosummernight.ch\/fr\/feed\/podcast\/radio-summernight","embedCode":"<blockquote class=\"wp-embedded-content\" data-secret=\"Q1rmR4Vw1l\"><a href=\"https:\/\/radiosummernight.ch\/fr\/svp-staenderat-jakob-stark-plaediert-fuer-gewalt-gegen-kinder-und-jugendlichen-durch-eltern\/\">SVP St\u00e4nderat Jakob Stark pl\u00e4diert f\u00fcr Gewalt als Erziehungsmethode<\/a><\/blockquote><iframe sandbox=\"allow-scripts\" security=\"restricted\" src=\"https:\/\/radiosummernight.ch\/fr\/svp-staenderat-jakob-stark-plaediert-fuer-gewalt-gegen-kinder-und-jugendlichen-durch-eltern\/embed\/#?secret=Q1rmR4Vw1l\" width=\"500\" height=\"350\" title=\"\u00ab\u00a0SVP St\u00e4nderat Jakob Stark pl\u00e4diert f\u00fcr Gewalt als Erziehungsmethode\u00a0\u00bb &#8212; Radio Summernight\" data-secret=\"Q1rmR4Vw1l\" frameborder=\"0\" marginwidth=\"0\" marginheight=\"0\" scrolling=\"no\" class=\"wp-embedded-content\"><\/iframe><script type=\"text\/javascript\">\n\/* <![CDATA[ *\/\n\/*! This file is auto-generated *\/\n!function(d,l){\"use strict\";l.querySelector&&d.addEventListener&&\"undefined\"!=typeof URL&&(d.wp=d.wp||{},d.wp.receiveEmbedMessage||(d.wp.receiveEmbedMessage=function(e){var t=e.data;if((t||t.secret||t.message||t.value)&&!\/[^a-zA-Z0-9]\/.test(t.secret)){for(var s,r,n,a=l.querySelectorAll('iframe[data-secret=\"'+t.secret+'\"]'),o=l.querySelectorAll('blockquote[data-secret=\"'+t.secret+'\"]'),c=new RegExp(\"^https?:$\",\"i\"),i=0;i<o.length;i++)o[i].style.display=\"none\";for(i=0;i<a.length;i++)s=a[i],e.source===s.contentWindow&&(s.removeAttribute(\"style\"),\"height\"===t.message?(1e3<(r=parseInt(t.value,10))?r=1e3:~~r<200&&(r=200),s.height=r):\"link\"===t.message&&(r=new URL(s.getAttribute(\"src\")),n=new URL(t.value),c.test(n.protocol))&&n.host===r.host&&l.activeElement===s&&(d.top.location.href=t.value))}},d.addEventListener(\"message\",d.wp.receiveEmbedMessage,!1),l.addEventListener(\"DOMContentLoaded\",function(){for(var e,t,s=l.querySelectorAll(\"iframe.wp-embedded-content\"),r=0;r<s.length;r++)(t=(e=s[r]).getAttribute(\"data-secret\"))||(t=Math.random().toString(36).substring(2,12),e.src+=\"#?secret=\"+t,e.setAttribute(\"data-secret\",t)),e.contentWindow.postMessage({message:\"ready\",secret:t},\"*\")},!1)))}(window,document);\n\/\/# sourceURL=https:\/\/radiosummernight.ch\/includes\/js\/wp-embed.min.js\n\/* ]]> *\/\n<\/script>\n"},"_links":{"self":[{"href":"https:\/\/radiosummernight.ch\/fr\/wp-json\/wp\/v2\/posts\/10492","targetHints":{"allow":["GET"]}}],"collection":[{"href":"https:\/\/radiosummernight.ch\/fr\/wp-json\/wp\/v2\/posts"}],"about":[{"href":"https:\/\/radiosummernight.ch\/fr\/wp-json\/wp\/v2\/types\/post"}],"author":[{"embeddable":true,"href":"https:\/\/radiosummernight.ch\/fr\/wp-json\/wp\/v2\/users\/59"}],"replies":[{"embeddable":true,"href":"https:\/\/radiosummernight.ch\/fr\/wp-json\/wp\/v2\/comments?post=10492"}],"version-history":[{"count":0,"href":"https:\/\/radiosummernight.ch\/fr\/wp-json\/wp\/v2\/posts\/10492\/revisions"}],"wp:featuredmedia":[{"embeddable":true,"href":"https:\/\/radiosummernight.ch\/fr\/wp-json\/wp\/v2\/media\/10494"}],"wp:attachment":[{"href":"https:\/\/radiosummernight.ch\/fr\/wp-json\/wp\/v2\/media?parent=10492"}],"wp:term":[{"taxonomy":"category","embeddable":true,"href":"https:\/\/radiosummernight.ch\/fr\/wp-json\/wp\/v2\/categories?post=10492"},{"taxonomy":"post_tag","embeddable":true,"href":"https:\/\/radiosummernight.ch\/fr\/wp-json\/wp\/v2\/tags?post=10492"},{"taxonomy":"series","embeddable":true,"href":"https:\/\/radiosummernight.ch\/fr\/wp-json\/wp\/v2\/series?post=10492"}],"curies":[{"name":"wp","href":"https:\/\/api.w.org\/{rel}","templated":true}]}}