{"id":11027,"date":"2023-01-19T17:04:26","date_gmt":"2023-01-19T16:04:26","guid":{"rendered":"https:\/\/radiosummernight.ch\/?p=11027"},"modified":"2023-04-20T09:13:46","modified_gmt":"2023-04-20T07:13:46","slug":"mehr-gruen-und-noch-mehr-velos-so-soll-rapperswil-jona-klimaneutral-werden","status":"publish","type":"post","link":"https:\/\/radiosummernight.ch\/fr\/mehr-gruen-und-noch-mehr-velos-so-soll-rapperswil-jona-klimaneutral-werden\/","title":{"rendered":"Mehr Gr\u00fcn und noch mehr Velos: So soll Rapperswil-Jona klimaneutral werden"},"content":{"rendered":"<p>Rapperswil-Jona soll bis 2050 klimaneutral werden. Doch wie soll das erreicht werden? Das wurde am Dienstagabend rege im OpenDoor67 in Rapperswil-Jona mit vier G\u00e4sten diskutiert:<\/p>\n<ul>\n<li>Christian Leutenegger, Stadtrat und Bauchef Rapperswil-Jona<\/li>\n<li>Ivo Reichenbach, Stadtrat und Mitte-Pr\u00e4sident Rapperswil-Jona<\/li>\n<li>Robin Stacher, Gesch\u00e4ftsf\u00fchrer WWF Thurgau<\/li>\n<li>Zoe Stadler, Co-Leiterin Klimacluster OST<\/li>\n<\/ul>\n<p>Radio Summernight war dabei. Wie wird Rapperswil-Jona 2050 aussehen? Was muss geschehen, damit dieses Ziel erreicht werden kann? Was sind die Stolpersteine und wo m\u00fcsste dringend angesetzt werden? Im Beitrag kommen aber auch die Stimmen der Veranstaltungsbesuchenden nicht zu kurz. Welche W\u00fcnsche sie haben und welche Massnahmen sie schon selber umsetzen, das gibt es alles zum Nachh\u00f6ren als kurzen Podcast.<\/p>\n<p>Organisiert wurde die Veranstaltung von diversen Jungparteien und jungen Parteilosen aus Rapperswil-Jona.<\/p>\n<p><img loading=\"lazy\" decoding=\"async\" class=\"alignnone size-medium wp-image-11031\" src=\"https:\/\/radiosummernight.ch\/upload\/2023\/01\/DSC02549-300x200.jpg\" alt=\"\" width=\"300\" height=\"200\" title=\"\" srcset=\"https:\/\/radiosummernight.ch\/upload\/2023\/01\/DSC02549-300x200.jpg 300w, https:\/\/radiosummernight.ch\/upload\/2023\/01\/DSC02549-scaled-600x400.jpg 600w, https:\/\/radiosummernight.ch\/upload\/2023\/01\/DSC02549-1024x683.jpg 1024w, https:\/\/radiosummernight.ch\/upload\/2023\/01\/DSC02549-768x512.jpg 768w, https:\/\/radiosummernight.ch\/upload\/2023\/01\/DSC02549-391x260.jpg 391w, https:\/\/radiosummernight.ch\/upload\/2023\/01\/DSC02549-1536x1024.jpg 1536w, https:\/\/radiosummernight.ch\/upload\/2023\/01\/DSC02549-2048x1365.jpg 2048w, https:\/\/radiosummernight.ch\/upload\/2023\/01\/DSC02549-1200x800.jpg 1200w, https:\/\/radiosummernight.ch\/upload\/2023\/01\/DSC02549-1620x1080.jpg 1620w\" sizes=\"auto, (max-width: 300px) 100vw, 300px\" \/> <img loading=\"lazy\" decoding=\"async\" class=\"alignnone size-medium wp-image-11032\" src=\"https:\/\/radiosummernight.ch\/upload\/2023\/01\/DSC02547-300x200.jpg\" alt=\"\" width=\"300\" height=\"200\" title=\"\" srcset=\"https:\/\/radiosummernight.ch\/upload\/2023\/01\/DSC02547-300x200.jpg 300w, https:\/\/radiosummernight.ch\/upload\/2023\/01\/DSC02547-scaled-600x400.jpg 600w, https:\/\/radiosummernight.ch\/upload\/2023\/01\/DSC02547-1024x683.jpg 1024w, https:\/\/radiosummernight.ch\/upload\/2023\/01\/DSC02547-768x512.jpg 768w, https:\/\/radiosummernight.ch\/upload\/2023\/01\/DSC02547-391x260.jpg 391w, https:\/\/radiosummernight.ch\/upload\/2023\/01\/DSC02547-1536x1024.jpg 1536w, https:\/\/radiosummernight.ch\/upload\/2023\/01\/DSC02547-2048x1365.jpg 2048w, https:\/\/radiosummernight.ch\/upload\/2023\/01\/DSC02547-1200x800.jpg 1200w, https:\/\/radiosummernight.ch\/upload\/2023\/01\/DSC02547-1620x1080.jpg 1620w\" sizes=\"auto, (max-width: 300px) 100vw, 300px\" \/> <img loading=\"lazy\" decoding=\"async\" class=\"alignnone size-medium wp-image-11029\" src=\"https:\/\/radiosummernight.ch\/upload\/2023\/01\/DSC02576-300x200.jpg\" alt=\"\" width=\"300\" height=\"200\" title=\"\" srcset=\"https:\/\/radiosummernight.ch\/upload\/2023\/01\/DSC02576-300x200.jpg 300w, https:\/\/radiosummernight.ch\/upload\/2023\/01\/DSC02576-scaled-600x400.jpg 600w, https:\/\/radiosummernight.ch\/upload\/2023\/01\/DSC02576-1024x683.jpg 1024w, https:\/\/radiosummernight.ch\/upload\/2023\/01\/DSC02576-768x512.jpg 768w, https:\/\/radiosummernight.ch\/upload\/2023\/01\/DSC02576-391x260.jpg 391w, https:\/\/radiosummernight.ch\/upload\/2023\/01\/DSC02576-1536x1024.jpg 1536w, https:\/\/radiosummernight.ch\/upload\/2023\/01\/DSC02576-2048x1365.jpg 2048w, https:\/\/radiosummernight.ch\/upload\/2023\/01\/DSC02576-1200x800.jpg 1200w, https:\/\/radiosummernight.ch\/upload\/2023\/01\/DSC02576-1620x1080.jpg 1620w\" sizes=\"auto, (max-width: 300px) 100vw, 300px\" \/><\/p>","protected":false},"excerpt":{"rendered":"<p>Rapperswil-Jona soll bis 2050 klimaneutral werden. Doch wie soll das erreicht werden? Das wurde am Dienstagabend rege im OpenDoor67 in Rapperswil-Jona mit vier G\u00e4sten diskutiert: Christian Leutenegger, Stadtrat und Bauchef Rapperswil-Jona Ivo Reichenbach, Stadtrat und Mitte-Pr\u00e4sident Rapperswil-Jona Robin Stacher, Gesch\u00e4ftsf\u00fchrer WWF Thurgau Zoe Stadler, Co-Leiterin Klimacluster OST Radio Summernight war dabei. Wie wird Rapperswil-Jona 2050&hellip; <br \/> <a class=\"read-more\" href=\"https:\/\/radiosummernight.ch\/fr\/mehr-gruen-und-noch-mehr-velos-so-soll-rapperswil-jona-klimaneutral-werden\/\">Read more<\/a><\/p>","protected":false},"author":66,"featured_media":11031,"comment_status":"closed","ping_status":"closed","sticky":false,"template":"","format":"standard","meta":{"episode_type":"audio","audio_file":"https:\/\/radiosummernight.ch\/upload\/2023\/01\/Audio-RJ-Klimaneutral-1.mp3","podmotor_file_id":"","podmotor_episode_id":"","cover_image":"https:\/\/radiosummernight.ch\/upload\/2023\/01\/DSC02549-quadrat-scaled-e1674135229916.jpg","cover_image_id":"11037","duration":"5:57","filesize":"3.07M","filesize_raw":"3215088","date_recorded":"2023-01-19 17:04:26","explicit":"","block":"","itunes_episode_number":"","itunes_title":"","itunes_season_number":"","itunes_episode_type":"","footnotes":""},"categories":[186,436,588],"tags":[444,440,438,441,439,443,382,290,442],"series":[466],"class_list":["post-11027","post","type-post","status-publish","format-standard","has-post-thumbnail","hentry","category-news","category-politik","category-redaktionell","tag-diskussion","tag-gruen","tag-jona","tag-klima","tag-klimaneutral","tag-podium","tag-rapperswil","tag-velo","tag-veranstaltung","series-rappitalk-stimmen-aus-der-region"],"episode_featured_image":"https:\/\/radiosummernight.ch\/upload\/2023\/01\/DSC02549-scaled.jpg","episode_player_image":"https:\/\/radiosummernight.ch\/upload\/2023\/01\/DSC02549-quadrat-scaled-e1674135229916.jpg","download_link":"https:\/\/radiosummernight.ch\/podcast-download\/11027\/mehr-gruen-und-noch-mehr-velos-so-soll-rapperswil-jona-klimaneutral-werden.mp3","player_link":"https:\/\/radiosummernight.ch\/podcast-player\/11027\/mehr-gruen-und-noch-mehr-velos-so-soll-rapperswil-jona-klimaneutral-werden.mp3","audio_player":"<audio class=\"wp-audio-shortcode\" id=\"audio-11027-1\" preload=\"none\" style=\"width: 100%;\" controls=\"controls\"><source type=\"audio\/mpeg\" src=\"https:\/\/radiosummernight.ch\/podcast-player\/11027\/mehr-gruen-und-noch-mehr-velos-so-soll-rapperswil-jona-klimaneutral-werden.mp3?_=1\" \/><a href=\"https:\/\/radiosummernight.ch\/podcast-player\/11027\/mehr-gruen-und-noch-mehr-velos-so-soll-rapperswil-jona-klimaneutral-werden.mp3\">https:\/\/radiosummernight.ch\/podcast-player\/11027\/mehr-gruen-und-noch-mehr-velos-so-soll-rapperswil-jona-klimaneutral-werden.mp3<\/a><\/audio>","episode_data":{"playerMode":"light","subscribeUrls":{"apple_podcasts":{"key":"apple_podcasts","url":"https:\/\/podcasts.apple.com\/us\/podcast\/radio-summernight\/id1647787397?uo=4&itsct=podtail_podcasts&itscg=30200&ls=1&at=1001l39ag&ct=deutschepodcasts.de","label":"Apple Podcasts","class":"apple_podcasts","icon":"apple-podcasts.png"},"deezer":{"key":"deezer","url":"https:\/\/deezer.page.link\/NKiaDgyHm5ekBXsE7","label":"Deezer","class":"deezer","icon":"deezer.png"},"google_podcasts":{"key":"google_podcasts","url":"https:\/\/podcasts.google.com\/feed\/aHR0cHM6Ly9yc24ubGkvcmFwcGktdGFsaw?hl=de-CH","label":"Google Podcasts","class":"google_podcasts","icon":"google-podcasts.png"},"podcast_de":{"key":"podcast_de","url":"https:\/\/www.podcast.de\/podcast\/3207427\/rappitalk-stimmen-aus-der-region","label":"Podcast.de","class":"podcast_de","icon":"podcast-de.png"},"spotify":{"key":"spotify","url":"https:\/\/open.spotify.com\/show\/7CQTWyIhueenPkfwaujf80?si=88b4940056c842d1&nd=1","label":"Spotify","class":"spotify","icon":"spotify.png"},"itunes":{"key":"itunes","url":"","label":"iTunes","class":"itunes","icon":"itunes.png"},"mytuner_radio":{"key":"mytuner_radio","url":"","label":"myTuner Radio","class":"mytuner_radio","icon":"mytuner-radio.png"}},"rssFeedUrl":"https:\/\/radiosummernight.ch\/fr\/feed\/podcast\/rappitalk-stimmen-aus-der-region","embedCode":"<blockquote class=\"wp-embedded-content\" data-secret=\"OcgZEuo2Bf\"><a href=\"https:\/\/radiosummernight.ch\/fr\/mehr-gruen-und-noch-mehr-velos-so-soll-rapperswil-jona-klimaneutral-werden\/\">Mehr Gr\u00fcn und noch mehr Velos: So soll Rapperswil-Jona klimaneutral werden<\/a><\/blockquote><iframe sandbox=\"allow-scripts\" security=\"restricted\" src=\"https:\/\/radiosummernight.ch\/fr\/mehr-gruen-und-noch-mehr-velos-so-soll-rapperswil-jona-klimaneutral-werden\/embed\/#?secret=OcgZEuo2Bf\" width=\"500\" height=\"350\" title=\"\u00ab\u00a0Mehr Gr\u00fcn und noch mehr Velos: So soll Rapperswil-Jona klimaneutral werden\u00a0\u00bb &#8212; Radio Summernight\" data-secret=\"OcgZEuo2Bf\" frameborder=\"0\" marginwidth=\"0\" marginheight=\"0\" scrolling=\"no\" class=\"wp-embedded-content\"><\/iframe><script type=\"text\/javascript\">\n\/* <![CDATA[ *\/\n\/*! This file is auto-generated *\/\n!function(d,l){\"use strict\";l.querySelector&&d.addEventListener&&\"undefined\"!=typeof URL&&(d.wp=d.wp||{},d.wp.receiveEmbedMessage||(d.wp.receiveEmbedMessage=function(e){var t=e.data;if((t||t.secret||t.message||t.value)&&!\/[^a-zA-Z0-9]\/.test(t.secret)){for(var s,r,n,a=l.querySelectorAll('iframe[data-secret=\"'+t.secret+'\"]'),o=l.querySelectorAll('blockquote[data-secret=\"'+t.secret+'\"]'),c=new RegExp(\"^https?:$\",\"i\"),i=0;i<o.length;i++)o[i].style.display=\"none\";for(i=0;i<a.length;i++)s=a[i],e.source===s.contentWindow&&(s.removeAttribute(\"style\"),\"height\"===t.message?(1e3<(r=parseInt(t.value,10))?r=1e3:~~r<200&&(r=200),s.height=r):\"link\"===t.message&&(r=new URL(s.getAttribute(\"src\")),n=new URL(t.value),c.test(n.protocol))&&n.host===r.host&&l.activeElement===s&&(d.top.location.href=t.value))}},d.addEventListener(\"message\",d.wp.receiveEmbedMessage,!1),l.addEventListener(\"DOMContentLoaded\",function(){for(var e,t,s=l.querySelectorAll(\"iframe.wp-embedded-content\"),r=0;r<s.length;r++)(t=(e=s[r]).getAttribute(\"data-secret\"))||(t=Math.random().toString(36).substring(2,12),e.src+=\"#?secret=\"+t,e.setAttribute(\"data-secret\",t)),e.contentWindow.postMessage({message:\"ready\",secret:t},\"*\")},!1)))}(window,document);\n\/\/# sourceURL=https:\/\/radiosummernight.ch\/includes\/js\/wp-embed.min.js\n\/* ]]> *\/\n<\/script>\n"},"_links":{"self":[{"href":"https:\/\/radiosummernight.ch\/fr\/wp-json\/wp\/v2\/posts\/11027","targetHints":{"allow":["GET"]}}],"collection":[{"href":"https:\/\/radiosummernight.ch\/fr\/wp-json\/wp\/v2\/posts"}],"about":[{"href":"https:\/\/radiosummernight.ch\/fr\/wp-json\/wp\/v2\/types\/post"}],"author":[{"embeddable":true,"href":"https:\/\/radiosummernight.ch\/fr\/wp-json\/wp\/v2\/users\/66"}],"replies":[{"embeddable":true,"href":"https:\/\/radiosummernight.ch\/fr\/wp-json\/wp\/v2\/comments?post=11027"}],"version-history":[{"count":0,"href":"https:\/\/radiosummernight.ch\/fr\/wp-json\/wp\/v2\/posts\/11027\/revisions"}],"wp:featuredmedia":[{"embeddable":true,"href":"https:\/\/radiosummernight.ch\/fr\/wp-json\/wp\/v2\/media\/11031"}],"wp:attachment":[{"href":"https:\/\/radiosummernight.ch\/fr\/wp-json\/wp\/v2\/media?parent=11027"}],"wp:term":[{"taxonomy":"category","embeddable":true,"href":"https:\/\/radiosummernight.ch\/fr\/wp-json\/wp\/v2\/categories?post=11027"},{"taxonomy":"post_tag","embeddable":true,"href":"https:\/\/radiosummernight.ch\/fr\/wp-json\/wp\/v2\/tags?post=11027"},{"taxonomy":"series","embeddable":true,"href":"https:\/\/radiosummernight.ch\/fr\/wp-json\/wp\/v2\/series?post=11027"}],"curies":[{"name":"wp","href":"https:\/\/api.w.org\/{rel}","templated":true}]}}