{"id":11720,"date":"2023-02-27T17:20:07","date_gmt":"2023-02-27T16:20:07","guid":{"rendered":"https:\/\/radiosummernight.ch\/?p=11720"},"modified":"2023-04-20T09:15:09","modified_gmt":"2023-04-20T07:15:09","slug":"internet-star-bendrit-bajra-muss-vor-gericht","status":"publish","type":"post","link":"https:\/\/radiosummernight.ch\/fr\/internet-star-bendrit-bajra-muss-vor-gericht\/","title":{"rendered":"Internet-Star Bendrit Bajra muss vor Gericht"},"content":{"rendered":"<p>Bendrit Bajra muss vor Gericht. Er soll in seinen Videos gegen das Gesetz verstossen haben.<\/p>\n<p>&nbsp;<\/p>\n<p>(<a href=\"mailto:mattia@radiosummernight.ch\">mtp<\/a>) Mit Comedy Videos, vor allem mit Vergleich zwischen Schweizer und Ausl\u00e4nder in allt\u00e4glichen Situationen, wurde der 27-j\u00e4hrige albanisch-schweizerische Bendrit Barja im Internet schweizweit bekannt. Es folgten mehrere Medienauftritte und er bekam sogar eine Hauptrolle in der Schweizer Filmproduktion \u201eFlitzer\u201c. Zu all seinen Themen geh\u00f6rte auch das Autofahren. Genau das brockt dem Auto-Fan jetzt \u00c4rger ein.<\/p>\n<p>Es werden ihm verschiedene Vorf\u00e4lle vorgeworfen. Im April 2016 soll Bajra als Beifahrer in einem VW-Golf das Steuer \u00fcbernommen haben, w\u00e4hrend dem der eigentliche Fahrer auf die R\u00fcckbank kletterte. Das ganze hat er nat\u00fcrlich gefilmt und dazu gesagt: \u201eSo liebi L\u00fct, mir h\u00e4nd eifach k\u00e4n Fahrer meh \u2026\u201c<\/p>\n<p>Ebenfalls im April 2016 soll er einem Kollegen hinterhergefahren sein, um ihn zu filmen, w\u00e4hrendem sein Kollege beim Fahren mehrmals aufsteht, seinen Kopf durchs Dachfenster steckt und Bendrit Bajra dazu kommentiert: \u201eMir h\u00e4nd da en Albaner&#8230; d\u00e4 Shipi macht so illegali Sache, und zwar goht er eifach us em Auto use\u201c die Aktion wurde vom Beifahrer gefilmt.<\/p>\n<p>Die Staatsanwaltschaft stuft diese Aktionen als gef\u00e4hrlich ein, da er in diesem Moment einen Unfall machen und sich dabei mehrere Personen h\u00e4tten verletzen k\u00f6nnen.<\/p>\n<p>Weiter soll Bajra im Jahre 2020 aus dem Ausland einen in der Schweiz illegalen Laserpointer bestellt haben. Dieser wurde aber am Zoll abgefangen. Und 2021 schliesslich soll er eine Aufforderung, bei einem Vorstellungsgespr\u00e4ch zu einem Einsatz als Zivildienstleistender zu erscheinen, ignoriert haben, obwohl er dazu verpflichtet war.<\/p>\n<p>Welche Strafe er dann kriegt, wird erst an der Verhandlung bekannt. Das Strassenverkehrsgesetz sieht f\u00fcr das schwerwiegendste angeklagte Delikt, den Vorfall bei dem Fahren als Beifahrer ein Strafmass von ein bis vier Jahren Freiheitsstrafe vor. Er muss sich Ende M\u00e4rz vor dem Bezirksgericht Dietikon ZH verantworten.<\/p>","protected":false},"excerpt":{"rendered":"<p>Bendrit Bajra muss vor Gericht. Er soll in seinen Videos gegen das Gesetz verstossen haben. &nbsp; (mtp) Mit Comedy Videos, vor allem mit Vergleich zwischen Schweizer und Ausl\u00e4nder in allt\u00e4glichen Situationen, wurde der 27-j\u00e4hrige albanisch-schweizerische Bendrit Barja im Internet schweizweit bekannt. Es folgten mehrere Medienauftritte und er bekam sogar eine Hauptrolle in der Schweizer Filmproduktion&hellip; <br \/> <a class=\"read-more\" href=\"https:\/\/radiosummernight.ch\/fr\/internet-star-bendrit-bajra-muss-vor-gericht\/\">Read more<\/a><\/p>","protected":false},"author":70,"featured_media":11723,"comment_status":"closed","ping_status":"closed","sticky":false,"template":"","format":"standard","meta":{"episode_type":"audio","audio_file":"https:\/\/radiosummernight.ch\/upload\/2023\/02\/Bendrit-Bajrat-Beitrag.mp3","podmotor_file_id":"","podmotor_episode_id":"","cover_image":"","cover_image_id":"","duration":"1:56","filesize":"1.76M","filesize_raw":"1845523","date_recorded":"2023-02-27 17:20:07","explicit":"","block":"","itunes_episode_number":"","itunes_title":"","itunes_season_number":"","itunes_episode_type":"","footnotes":""},"categories":[186,588],"tags":[84,475,477,476,474],"series":[1573],"class_list":["post-11720","post","type-post","status-publish","format-standard","has-post-thumbnail","hentry","category-news","category-redaktionell","tag-auto","tag-bendrit-bajra","tag-gefaengnis","tag-gericht","tag-internet-star","series-radio-summernight"],"episode_featured_image":"https:\/\/radiosummernight.ch\/upload\/2023\/02\/Kopie-von-Artikel-Bild-radiosummernight.ch_.png","episode_player_image":"https:\/\/radiosummernight.ch\/upload\/2021\/03\/Logo-RSN-Schwarz-300x300-Green.png","download_link":"https:\/\/radiosummernight.ch\/podcast-download\/11720\/internet-star-bendrit-bajra-muss-vor-gericht.mp3","player_link":"https:\/\/radiosummernight.ch\/podcast-player\/11720\/internet-star-bendrit-bajra-muss-vor-gericht.mp3","audio_player":"<audio class=\"wp-audio-shortcode\" id=\"audio-11720-1\" preload=\"none\" style=\"width: 100%;\" controls=\"controls\"><source type=\"audio\/mpeg\" src=\"https:\/\/radiosummernight.ch\/podcast-player\/11720\/internet-star-bendrit-bajra-muss-vor-gericht.mp3?_=1\" \/><a href=\"https:\/\/radiosummernight.ch\/podcast-player\/11720\/internet-star-bendrit-bajra-muss-vor-gericht.mp3\">https:\/\/radiosummernight.ch\/podcast-player\/11720\/internet-star-bendrit-bajra-muss-vor-gericht.mp3<\/a><\/audio>","episode_data":{"playerMode":"light","subscribeUrls":{"apple_podcasts":{"key":"apple_podcasts","url":"https:\/\/podcasts.apple.com\/us\/podcast\/radio-summernight\/id1647787397?%20uo=4&itsct=podtail_podcasts&itscg=30200&ls=1&at=1001l39ag&ct=deutschepodcasts.de","label":"Apple Podcasts","class":"apple_podcasts","icon":"apple-podcasts.png"},"deezer":{"key":"deezer","url":"https:\/\/deezer.page.link\/NKiaDgyHm5ekBXsE7","label":"Deezer","class":"deezer","icon":"deezer.png"},"google_podcasts":{"key":"google_podcasts","url":"https:\/\/podcasts.google.com\/feed\/aHR0cHM6Ly9yYWRpb3N1bW1lcm5pZ2h0LmNoL2ZlZWQvcG9kY2FzdA?%20sa=X&ved=0CAMQ4aUDahcKEwj4gc2i0oP8AhUAAAAAHQAAAAAQAQ&hl=de-CH","label":"Google Podcasts","class":"google_podcasts","icon":"google-podcasts.png"},"podcast_de":{"key":"podcast_de","url":"https:\/\/www.podcast.de\/podcast\/3070299\/radio-summernight","label":"Podcast.de","class":"podcast_de","icon":"podcast-de.png"},"spotify":{"key":"spotify","url":"https:\/\/open.spotify.com\/show\/4DnvrNRnOIGTWoVH4yoIpC","label":"Spotify","class":"spotify","icon":"spotify.png"},"itunes":{"key":"itunes","url":"","label":"iTunes","class":"itunes","icon":"itunes.png"},"mytuner_radio":{"key":"mytuner_radio","url":"","label":"myTuner Radio","class":"mytuner_radio","icon":"mytuner-radio.png"}},"rssFeedUrl":"https:\/\/radiosummernight.ch\/fr\/feed\/podcast\/radio-summernight","embedCode":"<blockquote class=\"wp-embedded-content\" data-secret=\"Dyy2JR0d9j\"><a href=\"https:\/\/radiosummernight.ch\/fr\/internet-star-bendrit-bajra-muss-vor-gericht\/\">Internet-Star Bendrit Bajra muss vor Gericht<\/a><\/blockquote><iframe sandbox=\"allow-scripts\" security=\"restricted\" src=\"https:\/\/radiosummernight.ch\/fr\/internet-star-bendrit-bajra-muss-vor-gericht\/embed\/#?secret=Dyy2JR0d9j\" width=\"500\" height=\"350\" title=\"\u00ab\u00a0Internet-Star Bendrit Bajra muss vor Gericht\u00a0\u00bb &#8212; Radio Summernight\" data-secret=\"Dyy2JR0d9j\" frameborder=\"0\" marginwidth=\"0\" marginheight=\"0\" scrolling=\"no\" class=\"wp-embedded-content\"><\/iframe><script type=\"text\/javascript\">\n\/* <![CDATA[ *\/\n\/*! This file is auto-generated *\/\n!function(d,l){\"use strict\";l.querySelector&&d.addEventListener&&\"undefined\"!=typeof URL&&(d.wp=d.wp||{},d.wp.receiveEmbedMessage||(d.wp.receiveEmbedMessage=function(e){var t=e.data;if((t||t.secret||t.message||t.value)&&!\/[^a-zA-Z0-9]\/.test(t.secret)){for(var s,r,n,a=l.querySelectorAll('iframe[data-secret=\"'+t.secret+'\"]'),o=l.querySelectorAll('blockquote[data-secret=\"'+t.secret+'\"]'),c=new RegExp(\"^https?:$\",\"i\"),i=0;i<o.length;i++)o[i].style.display=\"none\";for(i=0;i<a.length;i++)s=a[i],e.source===s.contentWindow&&(s.removeAttribute(\"style\"),\"height\"===t.message?(1e3<(r=parseInt(t.value,10))?r=1e3:~~r<200&&(r=200),s.height=r):\"link\"===t.message&&(r=new URL(s.getAttribute(\"src\")),n=new URL(t.value),c.test(n.protocol))&&n.host===r.host&&l.activeElement===s&&(d.top.location.href=t.value))}},d.addEventListener(\"message\",d.wp.receiveEmbedMessage,!1),l.addEventListener(\"DOMContentLoaded\",function(){for(var e,t,s=l.querySelectorAll(\"iframe.wp-embedded-content\"),r=0;r<s.length;r++)(t=(e=s[r]).getAttribute(\"data-secret\"))||(t=Math.random().toString(36).substring(2,12),e.src+=\"#?secret=\"+t,e.setAttribute(\"data-secret\",t)),e.contentWindow.postMessage({message:\"ready\",secret:t},\"*\")},!1)))}(window,document);\n\/\/# sourceURL=https:\/\/radiosummernight.ch\/includes\/js\/wp-embed.min.js\n\/* ]]> *\/\n<\/script>\n"},"_links":{"self":[{"href":"https:\/\/radiosummernight.ch\/fr\/wp-json\/wp\/v2\/posts\/11720","targetHints":{"allow":["GET"]}}],"collection":[{"href":"https:\/\/radiosummernight.ch\/fr\/wp-json\/wp\/v2\/posts"}],"about":[{"href":"https:\/\/radiosummernight.ch\/fr\/wp-json\/wp\/v2\/types\/post"}],"author":[{"embeddable":true,"href":"https:\/\/radiosummernight.ch\/fr\/wp-json\/wp\/v2\/users\/70"}],"replies":[{"embeddable":true,"href":"https:\/\/radiosummernight.ch\/fr\/wp-json\/wp\/v2\/comments?post=11720"}],"version-history":[{"count":0,"href":"https:\/\/radiosummernight.ch\/fr\/wp-json\/wp\/v2\/posts\/11720\/revisions"}],"wp:featuredmedia":[{"embeddable":true,"href":"https:\/\/radiosummernight.ch\/fr\/wp-json\/wp\/v2\/media\/11723"}],"wp:attachment":[{"href":"https:\/\/radiosummernight.ch\/fr\/wp-json\/wp\/v2\/media?parent=11720"}],"wp:term":[{"taxonomy":"category","embeddable":true,"href":"https:\/\/radiosummernight.ch\/fr\/wp-json\/wp\/v2\/categories?post=11720"},{"taxonomy":"post_tag","embeddable":true,"href":"https:\/\/radiosummernight.ch\/fr\/wp-json\/wp\/v2\/tags?post=11720"},{"taxonomy":"series","embeddable":true,"href":"https:\/\/radiosummernight.ch\/fr\/wp-json\/wp\/v2\/series?post=11720"}],"curies":[{"name":"wp","href":"https:\/\/api.w.org\/{rel}","templated":true}]}}