{"id":11904,"date":"2023-03-13T18:22:22","date_gmt":"2023-03-13T17:22:22","guid":{"rendered":"https:\/\/radiosummernight.ch\/?p=11904"},"modified":"2023-03-16T17:11:12","modified_gmt":"2023-03-16T16:11:12","slug":"verkehrs-streiks","status":"publish","type":"post","link":"https:\/\/radiosummernight.ch\/fr\/verkehrs-streiks\/","title":{"rendered":"VERKEHRS-STREIKS"},"content":{"rendered":"<h1 style=\"text-align: center;\"><strong>Am 27. M\u00e4rz soll Deutschland <\/strong><\/h1>\n<h1 style=\"text-align: center;\"><strong>stillstehen<\/strong><\/h1>\n<h2 class=\"article__sub-headline\">Verdi und Bahn-Gewerkschaft planen gemeinsamen Streik im Verkehrssektor<\/h2>\n<p>&nbsp;<\/p>\n<p><i>Wer Pl\u00e4ne f\u00fcr den 27. M\u00e4rz hat, sollte sich das gut \u00fcberlegen.<\/i><\/p>\n<p>&nbsp;<\/p>\n<h4><b>An dem Montag wollen die Dienstleistungsgewerkschaft Verdi sowie die Eisenbahn- und Verkehrsgewerkschaft (EVG) Deutschland mit einem gemeinsamen Warnstreik weitgehend lahmlegen.<\/b><\/h4>\n<p>&nbsp;<\/p>\n<p>Bei der Bahn stehen fast alle Z\u00fcge still, im \u00f6ffentlichen Personennahverkehr geht auch nix mehr. An den Flugh\u00e4fen bleiben die Flieger am Boden, wenn dort die Angestellten des \u00f6ffentlichen Dienstes (z.\u2005B. Flughafenfeuerwehr) streiken. Selbst auf den Stra\u00dfen wird es schwierig, denn auch Mitarbeiter bei der Autobahngesellschaft des Bundes sollen mitmachen. Dann m\u00fcssen Tunnel geschlossen werden.<\/p>\n<p>&nbsp;<\/p>\n<h3><b>Es wird ein Streik, der an das Arbeiter-Kampflied erinnert: \u201eAlle R\u00e4der stehen still, wenn dein starker Arm es will.\u201c Und der den Druck auf die staatlichen Arbeitgeber ziemlich erh\u00f6ht.<\/b><\/h3>","protected":false},"excerpt":{"rendered":"<p>Am 27. M\u00e4rz soll Deutschland stillstehen Verdi und Bahn-Gewerkschaft planen gemeinsamen Streik im Verkehrssektor &nbsp; Wer Pl\u00e4ne f\u00fcr den 27. M\u00e4rz hat, sollte sich das gut \u00fcberlegen. &nbsp; An dem Montag wollen die Dienstleistungsgewerkschaft Verdi sowie die Eisenbahn- und Verkehrsgewerkschaft (EVG) Deutschland mit einem gemeinsamen Warnstreik weitgehend lahmlegen. &nbsp; Bei der Bahn stehen fast alle&hellip; <br \/> <a class=\"read-more\" href=\"https:\/\/radiosummernight.ch\/fr\/verkehrs-streiks\/\">Read more<\/a><\/p>","protected":false},"author":58,"featured_media":11927,"comment_status":"closed","ping_status":"closed","sticky":false,"template":"","format":"standard","meta":{"episode_type":"audio","audio_file":"","podmotor_file_id":"","podmotor_episode_id":"","cover_image":"","cover_image_id":"","duration":"","filesize":"","filesize_raw":"","date_recorded":"","explicit":"","block":"","itunes_episode_number":"","itunes_title":"","itunes_season_number":"","itunes_episode_type":"","footnotes":""},"categories":[186],"tags":[493,494,495],"series":[],"class_list":["post-11904","post","type-post","status-publish","format-standard","has-post-thumbnail","hentry","category-news","tag-deutschland","tag-mews","tag-strike"],"episode_featured_image":"https:\/\/radiosummernight.ch\/upload\/2023\/03\/Kopie-von-Artikel-Bild-radiosummernight.ch-4.png","episode_player_image":"https:\/\/radiosummernight.ch\/upload\/2021\/03\/Logo-RSN-Schwarz-300x300-Green.png","download_link":"","player_link":"","audio_player":false,"episode_data":{"playerMode":"light","subscribeUrls":{"apple_podcasts":{"key":"apple_podcasts","url":"https:\/\/podcasts.apple.com\/us\/podcast\/radio-summernight\/id1647787397?uo=4&itsct=podtail_podcasts&itscg=30200&ls=1&at=1001l39ag&ct=deutschepodcasts.de","label":"Apple Podcasts","class":"apple_podcasts","icon":"apple-podcasts.png"},"deezer":{"key":"deezer","url":"https:\/\/deezer.page.link\/NKiaDgyHm5ekBXsE7","label":"Deezer","class":"deezer","icon":"deezer.png"},"google_podcasts":{"key":"google_podcasts","url":"https:\/\/podcasts.google.com\/feed\/aHR0cHM6Ly9yYWRpb3N1bW1lcm5pZ2h0LmNoL2ZlZWQvcG9kY2FzdA?sa=X&ved=0CAMQ4aUDahcKEwj4gc2i0oP8AhUAAAAAHQAAAAAQAQ&hl=de-CH","label":"Google Podcasts","class":"google_podcasts","icon":"google-podcasts.png"},"podcast_de":{"key":"podcast_de","url":"https:\/\/www.podcast.de\/podcast\/3070299\/radio-summernight","label":"Podcast.de","class":"podcast_de","icon":"podcast-de.png"},"spotify":{"key":"spotify","url":"https:\/\/open.spotify.com\/show\/4DnvrNRnOIGTWoVH4yoIpC","label":"Spotify","class":"spotify","icon":"spotify.png"},"itunes":{"key":"itunes","url":"","label":"iTunes","class":"itunes","icon":"itunes.png"},"mytuner_radio":{"key":"mytuner_radio","url":"","label":"myTuner Radio","class":"mytuner_radio","icon":"mytuner-radio.png"}},"rssFeedUrl":"https:\/\/radiosummernight.ch\/fr\/feed\/podcast\/radio-summernight","embedCode":"<blockquote class=\"wp-embedded-content\" data-secret=\"mOpmXMKwtf\"><a href=\"https:\/\/radiosummernight.ch\/fr\/verkehrs-streiks\/\">VERKEHRS-STREIKS<\/a><\/blockquote><iframe sandbox=\"allow-scripts\" security=\"restricted\" src=\"https:\/\/radiosummernight.ch\/fr\/verkehrs-streiks\/embed\/#?secret=mOpmXMKwtf\" width=\"500\" height=\"350\" title=\"\u00ab\u00a0VERKEHRS-STREIKS\u00a0\u00bb &#8212; Radio Summernight\" data-secret=\"mOpmXMKwtf\" frameborder=\"0\" marginwidth=\"0\" marginheight=\"0\" scrolling=\"no\" class=\"wp-embedded-content\"><\/iframe><script type=\"text\/javascript\">\n\/* <![CDATA[ *\/\n\/*! This file is auto-generated *\/\n!function(d,l){\"use strict\";l.querySelector&&d.addEventListener&&\"undefined\"!=typeof URL&&(d.wp=d.wp||{},d.wp.receiveEmbedMessage||(d.wp.receiveEmbedMessage=function(e){var t=e.data;if((t||t.secret||t.message||t.value)&&!\/[^a-zA-Z0-9]\/.test(t.secret)){for(var s,r,n,a=l.querySelectorAll('iframe[data-secret=\"'+t.secret+'\"]'),o=l.querySelectorAll('blockquote[data-secret=\"'+t.secret+'\"]'),c=new RegExp(\"^https?:$\",\"i\"),i=0;i<o.length;i++)o[i].style.display=\"none\";for(i=0;i<a.length;i++)s=a[i],e.source===s.contentWindow&&(s.removeAttribute(\"style\"),\"height\"===t.message?(1e3<(r=parseInt(t.value,10))?r=1e3:~~r<200&&(r=200),s.height=r):\"link\"===t.message&&(r=new URL(s.getAttribute(\"src\")),n=new URL(t.value),c.test(n.protocol))&&n.host===r.host&&l.activeElement===s&&(d.top.location.href=t.value))}},d.addEventListener(\"message\",d.wp.receiveEmbedMessage,!1),l.addEventListener(\"DOMContentLoaded\",function(){for(var e,t,s=l.querySelectorAll(\"iframe.wp-embedded-content\"),r=0;r<s.length;r++)(t=(e=s[r]).getAttribute(\"data-secret\"))||(t=Math.random().toString(36).substring(2,12),e.src+=\"#?secret=\"+t,e.setAttribute(\"data-secret\",t)),e.contentWindow.postMessage({message:\"ready\",secret:t},\"*\")},!1)))}(window,document);\n\/\/# sourceURL=https:\/\/radiosummernight.ch\/includes\/js\/wp-embed.min.js\n\/* ]]> *\/\n<\/script>\n"},"_links":{"self":[{"href":"https:\/\/radiosummernight.ch\/fr\/wp-json\/wp\/v2\/posts\/11904","targetHints":{"allow":["GET"]}}],"collection":[{"href":"https:\/\/radiosummernight.ch\/fr\/wp-json\/wp\/v2\/posts"}],"about":[{"href":"https:\/\/radiosummernight.ch\/fr\/wp-json\/wp\/v2\/types\/post"}],"author":[{"embeddable":true,"href":"https:\/\/radiosummernight.ch\/fr\/wp-json\/wp\/v2\/users\/58"}],"replies":[{"embeddable":true,"href":"https:\/\/radiosummernight.ch\/fr\/wp-json\/wp\/v2\/comments?post=11904"}],"version-history":[{"count":0,"href":"https:\/\/radiosummernight.ch\/fr\/wp-json\/wp\/v2\/posts\/11904\/revisions"}],"wp:featuredmedia":[{"embeddable":true,"href":"https:\/\/radiosummernight.ch\/fr\/wp-json\/wp\/v2\/media\/11927"}],"wp:attachment":[{"href":"https:\/\/radiosummernight.ch\/fr\/wp-json\/wp\/v2\/media?parent=11904"}],"wp:term":[{"taxonomy":"category","embeddable":true,"href":"https:\/\/radiosummernight.ch\/fr\/wp-json\/wp\/v2\/categories?post=11904"},{"taxonomy":"post_tag","embeddable":true,"href":"https:\/\/radiosummernight.ch\/fr\/wp-json\/wp\/v2\/tags?post=11904"},{"taxonomy":"series","embeddable":true,"href":"https:\/\/radiosummernight.ch\/fr\/wp-json\/wp\/v2\/series?post=11904"}],"curies":[{"name":"wp","href":"https:\/\/api.w.org\/{rel}","templated":true}]}}