{"id":13122,"date":"2023-05-04T11:47:55","date_gmt":"2023-05-04T09:47:55","guid":{"rendered":"https:\/\/radiosummernight.ch\/?p=13122"},"modified":"2023-05-04T12:45:22","modified_gmt":"2023-05-04T10:45:22","slug":"enders-fahrschule-in-basel-professionelle-und-individuelle-fuehrerscheinausbildung","status":"publish","type":"post","link":"https:\/\/radiosummernight.ch\/fr\/enders-fahrschule-in-basel-professionelle-und-individuelle-fuehrerscheinausbildung\/","title":{"rendered":"Ender&#8217;s Fahrschule in Basel &#8211; Professionelle und individuelle F\u00fchrerscheinausbildung"},"content":{"rendered":"<p>Ender&#8217;s Fahrschule in Basel: Der Weg zum erfolgreichen F\u00fchrerschein<\/p>\n<p>F\u00fcr viele junge Menschen ist der F\u00fchrerschein ein wichtiger Meilenstein auf dem Weg zur Selbstst\u00e4ndigkeit. Doch der Weg dorthin kann manchmal lang und steinig sein. Eine professionelle Fahrschule kann hierbei helfen, den Prozess zu beschleunigen und eine solide Basis f\u00fcr eine sichere Teilnahme am Stra\u00dfenverkehr zu legen. Ender&#8217;s Fahrschule in Basel bietet eine solche Unterst\u00fctzung.<\/p>\n<p>Ender, der Inhaber und Fahrlehrer der Fahrschule, ist seit 2018 als eidgen\u00f6ssisch diplomierter Fahrlehrer t\u00e4tig und hat seither zahlreiche Fahrsch\u00fcler auf ihrem Weg zum F\u00fchrerschein begleitet. Besonders wichtig ist ihm dabei eine entspannte Atmosph\u00e4re, in der sich die Sch\u00fcler wohl f\u00fchlen und konzentriert lernen k\u00f6nnen. Diese Methode hat sich als besonders erfolgreich erwiesen, wie die hohe Bestehensquote von \u00fcber 85 Prozent im vergangenen Jahr zeigt.<\/p>\n<p>Ein weiterer Vorteil von Ender&#8217;s Fahrschule in Basel ist die Auswahl zwischen einem Fahrzeug mit Schaltgetriebe und einem Automatikgetriebe. Beide Mercedes A-Klasse Fahrzeuge sind identisch ausgestattet, so dass ein Wechsel zwischen den beiden Varianten jederzeit m\u00f6glich ist. Durch die moderne Technik der Fahrzeuge k\u00f6nnen die Sch\u00fcler sich besser auf ihre F\u00fchrerscheinpr\u00fcfung vorbereiten als mit \u00e4lteren Fahrzeugen.<\/p>\n<p>Die Fahrlehrer von Ender&#8217;s Fahrschule sind geduldig und erfahren und zeigen den Sch\u00fclern, wie sie sich sicher im Strassenverkehr bewegen. Dabei steht die Vorbereitung auf die praktische F\u00fchrerscheinpr\u00fcfung im Vordergrund. Doch auch die theoretischen Grundlagen werden in der Fahrschule vermittelt, damit die Sch\u00fcler in allen Aspekten des Fahrens gut ger\u00fcstet sind.<\/p>\n<p>Wenn Sie also auf der Suche nach einer Fahrschule in Basel sind, die Ihnen eine kompetente und professionelle Ausbildung zum F\u00fchrerschein garantiert, dann ist Ender&#8217;s Fahrschule die richtige Wahl. Mit dem einfachen Anmeldeformular auf der Webseite k\u00f6nnen Sie direkt mit Ender in Kontakt treten und Ihre <a href=\"https:\/\/enders-fahrschule.ch\/\" target=\"_blank\" rel=\"noopener\">Fahrstunden<\/a> planen. Auf dem Weg zum erfolgreichen F\u00fchrerschein unterst\u00fctzt Sie Ender&#8217;s Fahrschule in Basel mit einem umfangreichen Angebot und einer pers\u00f6nlichen Betreuung.<\/p>\n<p>Ender&#8217;s Fahrschule legt grossen Wert auf eine individuelle Betreuung und geht auf die Bed\u00fcrfnisse und F\u00e4higkeiten jedes Sch\u00fclers ein. So wird jeder Sch\u00fcler in seinem eigenen Tempo an die Herausforderungen des Fahrens herangef\u00fchrt und kann seine F\u00e4higkeiten Schritt f\u00fcr Schritt ausbauen. Ender&#8217;s Fahrlehrer vermitteln dabei nicht nur das n\u00f6tige Wissen und die praktischen F\u00e4higkeiten, sondern unterst\u00fctzen auch bei der \u00dcberwindung von \u00c4ngsten und Unsicherheiten im Strassenverkehr.<\/p>\n<p>Neben der Ausbildung zum F\u00fchrerschein bietet Ender&#8217;s Fahrschule auch Auffrischungskurse an. Diese sind besonders hilfreich f\u00fcr Fahrer, die nach einer l\u00e4ngeren Pause wieder ins Auto steigen m\u00f6chten oder ihre F\u00e4higkeiten im Strassenverkehr verbessern m\u00f6chten.<\/p>\n<p>Die Fahrschule legt auch grossen Wert auf eine moderne und flexible Terminplanung, um den Sch\u00fclern eine optimale Organisation und Planung ihrer Fahrstunden zu erm\u00f6glichen. Die Fahrstunden k\u00f6nnen individuell vereinbart werden, sodass sie sich gut in den Tagesablauf der Sch\u00fcler integrieren lassen.<\/p>\n<p>Ender&#8217;s <a href=\"https:\/\/enders-fahrschule.ch\/\" target=\"_blank\" rel=\"noopener\">Fahrschule<\/a> in Basel \u00fcberzeugt nicht nur durch ihre hohe Erfolgsquote und ihre kompetenten Fahrlehrer, sondern auch durch eine moderne Ausstattung und eine angenehme Lernatmosph\u00e4re. Wer seinen F\u00fchrerschein in Basel machen m\u00f6chte, findet hier eine zuverl\u00e4ssige und professionelle Fahrschule, die auf die individuellen Bed\u00fcrfnisse ihrer Sch\u00fcler eingeht.<\/p>","protected":false},"excerpt":{"rendered":"<p>Ender&#8217;s Fahrschule in Basel: Der Weg zum erfolgreichen F\u00fchrerschein F\u00fcr viele junge Menschen ist der F\u00fchrerschein ein wichtiger Meilenstein auf dem Weg zur Selbstst\u00e4ndigkeit. Doch der Weg dorthin kann manchmal lang und steinig sein. Eine professionelle Fahrschule kann hierbei helfen, den Prozess zu beschleunigen und eine solide Basis f\u00fcr eine sichere Teilnahme am Stra\u00dfenverkehr zu&hellip; <br \/> <a class=\"read-more\" href=\"https:\/\/radiosummernight.ch\/fr\/enders-fahrschule-in-basel-professionelle-und-individuelle-fuehrerscheinausbildung\/\">Read more<\/a><\/p>","protected":false},"author":1,"featured_media":13177,"comment_status":"closed","ping_status":"closed","sticky":false,"template":"","format":"standard","meta":{"episode_type":"audio","audio_file":"","podmotor_file_id":"","podmotor_episode_id":"","cover_image":"","cover_image_id":"","duration":"","filesize":"","filesize_raw":"","date_recorded":"","explicit":"","block":"","itunes_episode_number":"","itunes_title":"","itunes_season_number":"","itunes_episode_type":"","footnotes":""},"categories":[612],"tags":[611],"series":[],"class_list":["post-13122","post","type-post","status-publish","format-standard","has-post-thumbnail","hentry","category-promo","tag-content-sponsored"],"episode_featured_image":"https:\/\/radiosummernight.ch\/upload\/2023\/05\/A64FBF30-886F-4A32-96E7-1B06B236AD9B.png","episode_player_image":"https:\/\/radiosummernight.ch\/upload\/2021\/03\/Logo-RSN-Schwarz-300x300-Green.png","download_link":"","player_link":"","audio_player":false,"episode_data":{"playerMode":"light","subscribeUrls":{"apple_podcasts":{"key":"apple_podcasts","url":"https:\/\/podcasts.apple.com\/us\/podcast\/radio-summernight\/id1647787397?uo=4&itsct=podtail_podcasts&itscg=30200&ls=1&at=1001l39ag&ct=deutschepodcasts.de","label":"Apple Podcasts","class":"apple_podcasts","icon":"apple-podcasts.png"},"deezer":{"key":"deezer","url":"https:\/\/deezer.page.link\/NKiaDgyHm5ekBXsE7","label":"Deezer","class":"deezer","icon":"deezer.png"},"google_podcasts":{"key":"google_podcasts","url":"https:\/\/podcasts.google.com\/feed\/aHR0cHM6Ly9yYWRpb3N1bW1lcm5pZ2h0LmNoL2ZlZWQvcG9kY2FzdA?sa=X&ved=0CAMQ4aUDahcKEwj4gc2i0oP8AhUAAAAAHQAAAAAQAQ&hl=de-CH","label":"Google Podcasts","class":"google_podcasts","icon":"google-podcasts.png"},"podcast_de":{"key":"podcast_de","url":"https:\/\/www.podcast.de\/podcast\/3070299\/radio-summernight","label":"Podcast.de","class":"podcast_de","icon":"podcast-de.png"},"spotify":{"key":"spotify","url":"https:\/\/open.spotify.com\/show\/4DnvrNRnOIGTWoVH4yoIpC","label":"Spotify","class":"spotify","icon":"spotify.png"},"itunes":{"key":"itunes","url":"","label":"iTunes","class":"itunes","icon":"itunes.png"},"mytuner_radio":{"key":"mytuner_radio","url":"","label":"myTuner Radio","class":"mytuner_radio","icon":"mytuner-radio.png"}},"rssFeedUrl":"https:\/\/radiosummernight.ch\/fr\/feed\/podcast\/radio-summernight","embedCode":"<blockquote class=\"wp-embedded-content\" data-secret=\"pFcR6i4wm7\"><a href=\"https:\/\/radiosummernight.ch\/fr\/enders-fahrschule-in-basel-professionelle-und-individuelle-fuehrerscheinausbildung\/\">Ender&#8217;s Fahrschule in Basel &#8211; Professionelle und individuelle F\u00fchrerscheinausbildung<\/a><\/blockquote><iframe sandbox=\"allow-scripts\" security=\"restricted\" src=\"https:\/\/radiosummernight.ch\/fr\/enders-fahrschule-in-basel-professionelle-und-individuelle-fuehrerscheinausbildung\/embed\/#?secret=pFcR6i4wm7\" width=\"500\" height=\"350\" title=\"\u00ab\u00a0Ender&#8217;s Fahrschule in Basel &#8211; Professionelle und individuelle F\u00fchrerscheinausbildung\u00a0\u00bb &#8212; Radio Summernight\" data-secret=\"pFcR6i4wm7\" frameborder=\"0\" marginwidth=\"0\" marginheight=\"0\" scrolling=\"no\" class=\"wp-embedded-content\"><\/iframe><script type=\"text\/javascript\">\n\/* <![CDATA[ *\/\n\/*! This file is auto-generated *\/\n!function(d,l){\"use strict\";l.querySelector&&d.addEventListener&&\"undefined\"!=typeof URL&&(d.wp=d.wp||{},d.wp.receiveEmbedMessage||(d.wp.receiveEmbedMessage=function(e){var t=e.data;if((t||t.secret||t.message||t.value)&&!\/[^a-zA-Z0-9]\/.test(t.secret)){for(var s,r,n,a=l.querySelectorAll('iframe[data-secret=\"'+t.secret+'\"]'),o=l.querySelectorAll('blockquote[data-secret=\"'+t.secret+'\"]'),c=new RegExp(\"^https?:$\",\"i\"),i=0;i<o.length;i++)o[i].style.display=\"none\";for(i=0;i<a.length;i++)s=a[i],e.source===s.contentWindow&&(s.removeAttribute(\"style\"),\"height\"===t.message?(1e3<(r=parseInt(t.value,10))?r=1e3:~~r<200&&(r=200),s.height=r):\"link\"===t.message&&(r=new URL(s.getAttribute(\"src\")),n=new URL(t.value),c.test(n.protocol))&&n.host===r.host&&l.activeElement===s&&(d.top.location.href=t.value))}},d.addEventListener(\"message\",d.wp.receiveEmbedMessage,!1),l.addEventListener(\"DOMContentLoaded\",function(){for(var e,t,s=l.querySelectorAll(\"iframe.wp-embedded-content\"),r=0;r<s.length;r++)(t=(e=s[r]).getAttribute(\"data-secret\"))||(t=Math.random().toString(36).substring(2,12),e.src+=\"#?secret=\"+t,e.setAttribute(\"data-secret\",t)),e.contentWindow.postMessage({message:\"ready\",secret:t},\"*\")},!1)))}(window,document);\n\/\/# sourceURL=https:\/\/radiosummernight.ch\/includes\/js\/wp-embed.min.js\n\/* ]]> *\/\n<\/script>\n"},"_links":{"self":[{"href":"https:\/\/radiosummernight.ch\/fr\/wp-json\/wp\/v2\/posts\/13122","targetHints":{"allow":["GET"]}}],"collection":[{"href":"https:\/\/radiosummernight.ch\/fr\/wp-json\/wp\/v2\/posts"}],"about":[{"href":"https:\/\/radiosummernight.ch\/fr\/wp-json\/wp\/v2\/types\/post"}],"author":[{"embeddable":true,"href":"https:\/\/radiosummernight.ch\/fr\/wp-json\/wp\/v2\/users\/1"}],"replies":[{"embeddable":true,"href":"https:\/\/radiosummernight.ch\/fr\/wp-json\/wp\/v2\/comments?post=13122"}],"version-history":[{"count":0,"href":"https:\/\/radiosummernight.ch\/fr\/wp-json\/wp\/v2\/posts\/13122\/revisions"}],"wp:featuredmedia":[{"embeddable":true,"href":"https:\/\/radiosummernight.ch\/fr\/wp-json\/wp\/v2\/media\/13177"}],"wp:attachment":[{"href":"https:\/\/radiosummernight.ch\/fr\/wp-json\/wp\/v2\/media?parent=13122"}],"wp:term":[{"taxonomy":"category","embeddable":true,"href":"https:\/\/radiosummernight.ch\/fr\/wp-json\/wp\/v2\/categories?post=13122"},{"taxonomy":"post_tag","embeddable":true,"href":"https:\/\/radiosummernight.ch\/fr\/wp-json\/wp\/v2\/tags?post=13122"},{"taxonomy":"series","embeddable":true,"href":"https:\/\/radiosummernight.ch\/fr\/wp-json\/wp\/v2\/series?post=13122"}],"curies":[{"name":"wp","href":"https:\/\/api.w.org\/{rel}","templated":true}]}}