{"id":13807,"date":"2023-07-06T12:30:34","date_gmt":"2023-07-06T10:30:34","guid":{"rendered":"https:\/\/radiosummernight.ch\/?p=13807"},"modified":"2023-07-12T09:15:57","modified_gmt":"2023-07-12T07:15:57","slug":"die-magische-welt-des-tanzes-ein-blick-in-das-leben-von-dani","status":"publish","type":"post","link":"https:\/\/radiosummernight.ch\/fr\/die-magische-welt-des-tanzes-ein-blick-in-das-leben-von-dani\/","title":{"rendered":"&#8220;Die magische Welt des Tanzes: Ein Blick in das Leben von Dani&#8221;"},"content":{"rendered":"<p>Dani, ein talentierter T\u00e4nzer, entfachte seine Leidenschaft f\u00fcr das Tanzen bereits im zarten Alter von f\u00fcnf Jahren, als durch das Schauen von &#8220;Amici&#8221;, einer italienische Tv Show, sein Feuer entfacht wurde. Von diesem Zeitpunkt an nahmen seine Eltern ihn mit zu Tanzstunden, und im Alter von 22 Jahren ist Dani nun ein Profit\u00e4nzer. Zun\u00e4chst begann er mit Ballett, eine Tanzrichtung, die ihm zun\u00e4chst gefiel. Doch mit der Zeit verlor er die Begeisterung f\u00fcr das Ballett aufgrund der Klischees und der strengen Regeln. Er sehnte sich nach mehr Freiheit und entschied sich, zum Hip-Hop zu wechseln.<\/p>\n<p>&nbsp;<\/p>\n<p>Durch seine sexuelle Orientierung fand Dani zu sich selbst und begann, die Geschlechterklischees im Tanz zu durchbrechen. Er integrierte feminine Elemente in seine Choreografien und zeigte damit, dass es in Ordnung ist, wenn sich ein Mann zum Beispiel schminkt oder ,,feminine\u201c Bewegungen in Choreographien nutzt. Mit seiner Kunst wollte er Genderstereotype durchbrechen und deutlich machen, dass der typische Stereotyp komplett zerst\u00f6rt werden kann.<\/p>\n<p>&nbsp;<\/p>\n<p>Tanzen bedeutet f\u00fcr Dani Freiheit und die M\u00f6glichkeit, seine wahre Identit\u00e4t und seine Ziele zum Ausdruck zu bringen. Obwohl er schon immer davon getr\u00e4umt hat, hauptberuflich T\u00e4nzer zu sein, ist dies in der heutigen Zeit sehr herausfordernd. Deshalb hat er beschlossen, ab September Psychologie zu studieren, um eine solide Grundlage zu haben. Dennoch widmet er sich nebenbei weiterhin dem Tanz und bleibt seiner Tanzgruppe treu.<\/p>\n<p>&nbsp;<\/p>\n<p>Als Newcomer im Bereich des Boylesque wurde Dani w\u00e4hrend einer Auff\u00fchrung einer Freundin ungewollt auf die B\u00fchne geholt. Die Moderatorin versprach ihm einen Gratisdrink, wenn er einen Striptease auf der B\u00fchne machen w\u00fcrde, und da Dani sowohl tanzen als auch trinken wollte, nahm er die Herausforderung an. Zu seiner \u00dcberraschung war die Veranstalterin anwesend und bot ihm anschliessend eine eigene Show an, die er nach reiflicher \u00dcberlegung annahm. Dies war ein grosser Schritt f\u00fcr ihn.<\/p>\n<p>Unter dem K\u00fcnstlernamen Apolo D&#8217;Vino verk\u00f6rpert Dani eine Verbindung zur griechischen Mythologie und insbesondere zum Gott Apollo, dem Gott der K\u00fcnste, Musik und Homosexualit\u00e4t. Durch die bewusste Schreibweise seines K\u00fcnstlernamens mit nur einem &#8220;L&#8221; dr\u00fcckt er aus, dass er sich nicht direkt mit den G\u00f6ttern vergleichen m\u00f6chte. Dies, da es in der griechischen Mythologie nicht erlaubt ist, sich mit den G\u00f6ttern zu vergleichen.<\/p>\n<p>&nbsp;<\/p>\n<p>Dani erh\u00e4lt unterschiedliche Buchungen \u00fcber Plattformen wie Instagram. Doch am meisten bedeutet ihm die M\u00f6glichkeit, mit seiner Tanzgruppe aufzutreten, dies da es nicht nur eine Gruppe, sondern eine zweite Familie ist.<\/p>\n<p>Sein gr\u00f6\u00dfter Traum ist es, mit seiner Lieblingst\u00e4nzerin Parris Goebel in deren Tanz Crew The Royal Family zu tanzen. Seit seiner Kindheit verfolgt er ihre Karriere und es w\u00e4re f\u00fcr ihn ein absoluter Traum, an ihrer Seite tanzen zu d\u00fcrfen.<\/p>\n<p>&nbsp;<\/p>\n<p>Ein unvergesslicher Moment f\u00fcr Dani ereignete sich in Barcelona, als er mit seiner Kollegin auf einem Platz war und fremde Menschen Musik abspielten, zu der sie spontan tanzten und eine freie, improvisierte Tanzsession begannen. Diese spontane und befreiende Form des Tanzes bleibt ihm als eine der sch\u00f6nsten Erinnerungen in Erinnerung.<\/p>\n<p>&nbsp;<\/p>\n<p>Das Interview mit Dani und seine Leidenschaft f\u00fcr das Tanzen waren \u00e4usserst fesselnd. Es ist deutlich zu sp\u00fcren, wie sehr er f\u00fcr seinen Kunstform brennt und wie entschlossen er ist, Stereotypen zu durchbrechen. Seine k\u00fcnstlerische Reise hat ihn dazu inspiriert, seine wahre Identit\u00e4t auszudr\u00fccken und anderen zu zeigen, dass es wichtig ist, sich selbst treu zu bleiben, ungeachtet gesellschaftlicher Normen.<\/p>\n<p>&nbsp;<\/p>\n<p>Wenn du das gesamte Interview mit Dani h\u00f6ren m\u00f6chtest, kannst du dies bei Vero Talk oder auf verschiedenen Podcast-Plattformen finden. Tauche ein in die magische Welt des Tanzes und lass dich von Danis leidenschaftlicher Geschichte inspirieren. Seine F\u00e4higkeit, durch Bewegung und Ausdruck seine eigene Wahrheit zu finden, ist ein Zeugnis f\u00fcr die transformative Kraft des Tanzes und daf\u00fcr, wie wir durch Kunst und Leidenschaft Grenzen \u00fcberschreiten k\u00f6nnen.<\/p>","protected":false},"excerpt":{"rendered":"<p>Dani, ein talentierter T\u00e4nzer, entfachte seine Leidenschaft f\u00fcr das Tanzen bereits im zarten Alter von f\u00fcnf Jahren, als durch das Schauen von &#8220;Amici&#8221;, einer italienische Tv Show, sein Feuer entfacht wurde. Von diesem Zeitpunkt an nahmen seine Eltern ihn mit zu Tanzstunden, und im Alter von 22 Jahren ist Dani nun ein Profit\u00e4nzer. Zun\u00e4chst begann&hellip; <br \/> <a class=\"read-more\" href=\"https:\/\/radiosummernight.ch\/fr\/die-magische-welt-des-tanzes-ein-blick-in-das-leben-von-dani\/\">Read more<\/a><\/p>","protected":false},"author":72,"featured_media":13798,"comment_status":"closed","ping_status":"closed","sticky":false,"template":"","format":"standard","meta":{"episode_type":"audio","audio_file":"https:\/\/radiosummernight.ch\/upload\/2023\/06\/dani.mp3","podmotor_file_id":"","podmotor_episode_id":"","cover_image":"https:\/\/radiosummernight.ch\/upload\/2023\/06\/B5C4454A-7F3E-463A-94A6-8E2CC70C9F0D.png","cover_image_id":"13787","duration":"36:21","filesize":"21.33M","filesize_raw":"22366920","date_recorded":"2023-07-06 12:30:34","explicit":"","block":"","itunes_episode_number":"10","itunes_title":"\"Die magische Welt des Tanzes: Ein Blick in das Leben von Dani\"","itunes_season_number":"1","itunes_episode_type":"","footnotes":""},"categories":[591,588,623],"tags":[670,622],"series":[606],"class_list":["post-13807","post","type-post","status-publish","format-standard","has-post-thumbnail","hentry","category-kultur","category-redaktionell","category-verotalk","tag-tanzen","tag-verotalk","series-vero-talk"],"episode_featured_image":"https:\/\/radiosummernight.ch\/upload\/2023\/06\/Kopie-von-Kopie-von-Artikel-Bild-radiosummernight.ch-2.png","episode_player_image":"https:\/\/radiosummernight.ch\/upload\/2023\/06\/B5C4454A-7F3E-463A-94A6-8E2CC70C9F0D.png","download_link":"https:\/\/radiosummernight.ch\/podcast-download\/13807\/die-magische-welt-des-tanzes-ein-blick-in-das-leben-von-dani.mp3","player_link":"https:\/\/radiosummernight.ch\/podcast-player\/13807\/die-magische-welt-des-tanzes-ein-blick-in-das-leben-von-dani.mp3","audio_player":"<audio class=\"wp-audio-shortcode\" id=\"audio-13807-1\" preload=\"none\" style=\"width: 100%;\" controls=\"controls\"><source type=\"audio\/mpeg\" src=\"https:\/\/radiosummernight.ch\/podcast-player\/13807\/die-magische-welt-des-tanzes-ein-blick-in-das-leben-von-dani.mp3?_=1\" \/><a href=\"https:\/\/radiosummernight.ch\/podcast-player\/13807\/die-magische-welt-des-tanzes-ein-blick-in-das-leben-von-dani.mp3\">https:\/\/radiosummernight.ch\/podcast-player\/13807\/die-magische-welt-des-tanzes-ein-blick-in-das-leben-von-dani.mp3<\/a><\/audio>","episode_data":{"playerMode":"light","subscribeUrls":{"apple_podcasts":{"key":"apple_podcasts","url":"https:\/\/podcasts.apple.com\/us\/podcast\/vero-talk\/id1687282209","label":"Apple Podcasts","class":"apple_podcasts","icon":"apple-podcasts.png"},"deezer":{"key":"deezer","url":"https:\/\/www.deezer.com\/de\/show\/6051287","label":"Deezer","class":"deezer","icon":"deezer.png"},"google_podcasts":{"key":"google_podcasts","url":"https:\/\/podcasts.google.com\/feed\/aHR0cHM6Ly9yYWRpb3N1bW1lcm5pZ2h0LmNoL2ZlZWQvcG9kY2FzdA?sa=X&ved=0CAMQ4aUDahcKEwj4gc2i0oP8AhUAAAAAHQAAAAAQAQ&hl=de-CH","label":"Google Podcasts","class":"google_podcasts","icon":"google-podcasts.png"},"podcast_de":{"key":"podcast_de","url":"https:\/\/www.podcast.de\/podcast\/3251202\/vero-talk","label":"Podcast.de","class":"podcast_de","icon":"podcast-de.png"},"spotify":{"key":"spotify","url":"https:\/\/open.spotify.com\/show\/5NGjYOF2XhDh8o2gtyCod0","label":"Spotify","class":"spotify","icon":"spotify.png"},"itunes":{"key":"itunes","url":"","label":"iTunes","class":"itunes","icon":"itunes.png"},"mytuner_radio":{"key":"mytuner_radio","url":"","label":"myTuner Radio","class":"mytuner_radio","icon":"mytuner-radio.png"}},"rssFeedUrl":"https:\/\/radiosummernight.ch\/fr\/feed\/podcast\/vero-talk","embedCode":"<blockquote class=\"wp-embedded-content\" data-secret=\"JHYTEe8TNV\"><a href=\"https:\/\/radiosummernight.ch\/fr\/die-magische-welt-des-tanzes-ein-blick-in-das-leben-von-dani\/\">&#8220;Die magische Welt des Tanzes: Ein Blick in das Leben von Dani&#8221;<\/a><\/blockquote><iframe sandbox=\"allow-scripts\" security=\"restricted\" src=\"https:\/\/radiosummernight.ch\/fr\/die-magische-welt-des-tanzes-ein-blick-in-das-leben-von-dani\/embed\/#?secret=JHYTEe8TNV\" width=\"500\" height=\"350\" title=\"\u00ab\u00a0&#8220;Die magische Welt des Tanzes: Ein Blick in das Leben von Dani&#8221;\u00a0\u00bb &#8212; Radio Summernight\" data-secret=\"JHYTEe8TNV\" frameborder=\"0\" marginwidth=\"0\" marginheight=\"0\" scrolling=\"no\" class=\"wp-embedded-content\"><\/iframe><script type=\"text\/javascript\">\n\/* <![CDATA[ *\/\n\/*! This file is auto-generated *\/\n!function(d,l){\"use strict\";l.querySelector&&d.addEventListener&&\"undefined\"!=typeof URL&&(d.wp=d.wp||{},d.wp.receiveEmbedMessage||(d.wp.receiveEmbedMessage=function(e){var t=e.data;if((t||t.secret||t.message||t.value)&&!\/[^a-zA-Z0-9]\/.test(t.secret)){for(var s,r,n,a=l.querySelectorAll('iframe[data-secret=\"'+t.secret+'\"]'),o=l.querySelectorAll('blockquote[data-secret=\"'+t.secret+'\"]'),c=new RegExp(\"^https?:$\",\"i\"),i=0;i<o.length;i++)o[i].style.display=\"none\";for(i=0;i<a.length;i++)s=a[i],e.source===s.contentWindow&&(s.removeAttribute(\"style\"),\"height\"===t.message?(1e3<(r=parseInt(t.value,10))?r=1e3:~~r<200&&(r=200),s.height=r):\"link\"===t.message&&(r=new URL(s.getAttribute(\"src\")),n=new URL(t.value),c.test(n.protocol))&&n.host===r.host&&l.activeElement===s&&(d.top.location.href=t.value))}},d.addEventListener(\"message\",d.wp.receiveEmbedMessage,!1),l.addEventListener(\"DOMContentLoaded\",function(){for(var e,t,s=l.querySelectorAll(\"iframe.wp-embedded-content\"),r=0;r<s.length;r++)(t=(e=s[r]).getAttribute(\"data-secret\"))||(t=Math.random().toString(36).substring(2,12),e.src+=\"#?secret=\"+t,e.setAttribute(\"data-secret\",t)),e.contentWindow.postMessage({message:\"ready\",secret:t},\"*\")},!1)))}(window,document);\n\/\/# sourceURL=https:\/\/radiosummernight.ch\/includes\/js\/wp-embed.min.js\n\/* ]]> *\/\n<\/script>\n"},"_links":{"self":[{"href":"https:\/\/radiosummernight.ch\/fr\/wp-json\/wp\/v2\/posts\/13807","targetHints":{"allow":["GET"]}}],"collection":[{"href":"https:\/\/radiosummernight.ch\/fr\/wp-json\/wp\/v2\/posts"}],"about":[{"href":"https:\/\/radiosummernight.ch\/fr\/wp-json\/wp\/v2\/types\/post"}],"author":[{"embeddable":true,"href":"https:\/\/radiosummernight.ch\/fr\/wp-json\/wp\/v2\/users\/72"}],"replies":[{"embeddable":true,"href":"https:\/\/radiosummernight.ch\/fr\/wp-json\/wp\/v2\/comments?post=13807"}],"version-history":[{"count":0,"href":"https:\/\/radiosummernight.ch\/fr\/wp-json\/wp\/v2\/posts\/13807\/revisions"}],"wp:featuredmedia":[{"embeddable":true,"href":"https:\/\/radiosummernight.ch\/fr\/wp-json\/wp\/v2\/media\/13798"}],"wp:attachment":[{"href":"https:\/\/radiosummernight.ch\/fr\/wp-json\/wp\/v2\/media?parent=13807"}],"wp:term":[{"taxonomy":"category","embeddable":true,"href":"https:\/\/radiosummernight.ch\/fr\/wp-json\/wp\/v2\/categories?post=13807"},{"taxonomy":"post_tag","embeddable":true,"href":"https:\/\/radiosummernight.ch\/fr\/wp-json\/wp\/v2\/tags?post=13807"},{"taxonomy":"series","embeddable":true,"href":"https:\/\/radiosummernight.ch\/fr\/wp-json\/wp\/v2\/series?post=13807"}],"curies":[{"name":"wp","href":"https:\/\/api.w.org\/{rel}","templated":true}]}}