{"id":14043,"date":"2023-07-07T13:03:01","date_gmt":"2023-07-07T11:03:01","guid":{"rendered":"https:\/\/radiosummernight.ch\/?p=14043"},"modified":"2024-01-06T11:17:25","modified_gmt":"2024-01-06T10:17:25","slug":"passik-der-talentierte-dj-der-die-elektronische-musikszene-begeistert","status":"publish","type":"post","link":"https:\/\/radiosummernight.ch\/fr\/passik-der-talentierte-dj-der-die-elektronische-musikszene-begeistert\/","title":{"rendered":"Passik &#8211; Der talentierte DJ, der die elektronische Musikszene begeistert"},"content":{"rendered":"<p>Tauchen Sie ein in die fesselnde Welt der elektronischen Musik mit DJ Passik, auch bekannt als Pascal M\u00fcnger. Der talentierte DJ und Produzent entf\u00fchrt Sie in eine au\u00dfergew\u00f6hnliche Klanglandschaft, in der Melodien und Gesang zu melodischem House verschmelzen. Doch DJ Passik ist mehr als nur ein Musiker &#8211; er verk\u00f6rpert auch eine tiefe Verbundenheit zur Natur.<\/p>\n<p>&nbsp;<\/p>\n<p>Der Artikel nimmt Sie mit auf eine Reise durch DJ Passiks faszinierende Geschichte. Von seinen bescheidenen Anf\u00e4ngen in einem selbstgebauten Studio in Erlinsbach, wo er sich mit Hingabe der Produktion und dem Auflegen widmet, bis hin zu seinem bemerkenswerten Durchbruch in der internationalen Musikszene.<\/p>\n<p>&nbsp;<\/p>\n<p>Er liebt es, ein breites Publikum zu begeistern und Menschen durch seine Musik miteinander zu verbinden. Seine energiegeladenen Auftritte auf gro\u00dfen Festivals, wie dem renommierten SunIce-Festival in St. Moritz, lassen die Massen tanzen und bringen unvergessliche Momente hervor.<\/p>\n<p>&nbsp;<\/p>\n<p>Doch DJ Passik ist nicht nur ein K\u00fcnstler, sondern auch ein bescheidener und reflektierter junger Mann. Er wei\u00df die Annehmlichkeiten seines Erfolgs zu sch\u00e4tzen, ohne sich dabei zu br\u00fcsten. Neben seinem musikalischen Schaffen arbeitet er als Systemtechniker in Teilzeit, um ein stabiles Einkommen zu gew\u00e4hrleisten. DJ Passik hat gelernt, den richtigen Mix aus Networking und kreativer Entfaltung zu finden, was ihm zu zahlreichen spannenden Projekten, wie der Produktion von Musik f\u00fcr Werbespots, verholfen hat.<\/p>\n<p>&nbsp;<\/p>\n<p>W\u00e4hrend des Interviews mit DJ Passik wird deutlich, dass seine Naturverbundenheit ein zentraler Aspekt seines Lebens ist. Er liebt es, der Hektik der St\u00e4dte zu entfliehen und in der Natur neue Inspiration zu finden. Seine Vision eines Studios mit einer Glasfront, von der aus er die umgebende Natur beim Abmischen seiner Musik betrachten kann, spiegelt seine Sehnsucht nach Harmonie zwischen Kreativit\u00e4t und Umgebung wider.<\/p>\n<p>&nbsp;<\/p>\n<p>DJ Passik l\u00e4dt Sie ein, Teil seines musikalischen Abenteuers zu werden und gemeinsam eine unvergessliche Reise in die elektronische Musik zu unternehmen.<\/p>\n<p>&nbsp;<\/p>\n<p>&nbsp;<\/p>\n<h4>Der KulturPodcast wird unterst\u00fctzt von<\/h4>\n<p><img loading=\"lazy\" decoding=\"async\" class=\"alignnone size-medium wp-image-12296\" src=\"https:\/\/radiosummernight.ch\/upload\/2023\/03\/Stadt-Aarau_SS-300x157.jpg\" alt=\"\" width=\"300\" height=\"157\" title=\"\" srcset=\"https:\/\/radiosummernight.ch\/upload\/2023\/03\/Stadt-Aarau_SS-300x157.jpg 300w, https:\/\/radiosummernight.ch\/upload\/2023\/03\/Stadt-Aarau_SS-600x314.jpg 600w, https:\/\/radiosummernight.ch\/upload\/2023\/03\/Stadt-Aarau_SS-1024x537.jpg 1024w, https:\/\/radiosummernight.ch\/upload\/2023\/03\/Stadt-Aarau_SS-768x403.jpg 768w, https:\/\/radiosummernight.ch\/upload\/2023\/03\/Stadt-Aarau_SS.jpg 1181w\" sizes=\"auto, (max-width: 300px) 100vw, 300px\" \/><img loading=\"lazy\" decoding=\"async\" class=\"alignnone size-medium wp-image-4388\" src=\"https:\/\/radiosummernight.ch\/upload\/2020\/04\/SWISSLOS_Kanton_Aargau_sw-removebg-preview-2-300x106.png\" alt=\"\" width=\"300\" height=\"106\" title=\"\" srcset=\"https:\/\/radiosummernight.ch\/upload\/2020\/04\/SWISSLOS_Kanton_Aargau_sw-removebg-preview-2-300x106.png 300w, https:\/\/radiosummernight.ch\/upload\/2020\/04\/SWISSLOS_Kanton_Aargau_sw-removebg-preview-2-600x213.png 600w, https:\/\/radiosummernight.ch\/upload\/2020\/04\/SWISSLOS_Kanton_Aargau_sw-removebg-preview-2-768x272.png 768w, https:\/\/radiosummernight.ch\/upload\/2020\/04\/SWISSLOS_Kanton_Aargau_sw-removebg-preview-2-320x114.png 320w, https:\/\/radiosummernight.ch\/upload\/2020\/04\/SWISSLOS_Kanton_Aargau_sw-removebg-preview-2-640x227.png 640w, https:\/\/radiosummernight.ch\/upload\/2020\/04\/SWISSLOS_Kanton_Aargau_sw-removebg-preview-2-360x128.png 360w, https:\/\/radiosummernight.ch\/upload\/2020\/04\/SWISSLOS_Kanton_Aargau_sw-removebg-preview-2-720x255.png 720w, https:\/\/radiosummernight.ch\/upload\/2020\/04\/SWISSLOS_Kanton_Aargau_sw-removebg-preview-2-800x284.png 800w, https:\/\/radiosummernight.ch\/upload\/2020\/04\/SWISSLOS_Kanton_Aargau_sw-removebg-preview-2.png 840w\" sizes=\"auto, (max-width: 300px) 100vw, 300px\" \/><img loading=\"lazy\" decoding=\"async\" class=\"alignnone size-medium wp-image-7271\" src=\"https:\/\/radiosummernight.ch\/upload\/2021\/07\/srks_logo_d-300x80.jpg\" alt=\"\" width=\"300\" height=\"80\" title=\"\" srcset=\"https:\/\/radiosummernight.ch\/upload\/2021\/07\/srks_logo_d-300x80.jpg 300w, https:\/\/radiosummernight.ch\/upload\/2021\/07\/srks_logo_d-scaled-600x160.jpg 600w, https:\/\/radiosummernight.ch\/upload\/2021\/07\/srks_logo_d-1024x273.jpg 1024w, https:\/\/radiosummernight.ch\/upload\/2021\/07\/srks_logo_d-768x205.jpg 768w, https:\/\/radiosummernight.ch\/upload\/2021\/07\/srks_logo_d-1536x410.jpg 1536w, https:\/\/radiosummernight.ch\/upload\/2021\/07\/srks_logo_d-2048x546.jpg 2048w, https:\/\/radiosummernight.ch\/upload\/2021\/07\/srks_logo_d-1200x320.jpg 1200w, https:\/\/radiosummernight.ch\/upload\/2021\/07\/srks_logo_d-1920x512.jpg 1920w\" sizes=\"auto, (max-width: 300px) 100vw, 300px\" \/><img loading=\"lazy\" decoding=\"async\" class=\"alignnone size-medium wp-image-12294\" src=\"https:\/\/radiosummernight.ch\/upload\/2023\/03\/SWP-Logo-2013_schwarz-300x180.jpg\" alt=\"\" width=\"300\" height=\"180\" title=\"\" srcset=\"https:\/\/radiosummernight.ch\/upload\/2023\/03\/SWP-Logo-2013_schwarz-300x180.jpg 300w, https:\/\/radiosummernight.ch\/upload\/2023\/03\/SWP-Logo-2013_schwarz-600x360.jpg 600w, https:\/\/radiosummernight.ch\/upload\/2023\/03\/SWP-Logo-2013_schwarz-1024x614.jpg 1024w, https:\/\/radiosummernight.ch\/upload\/2023\/03\/SWP-Logo-2013_schwarz-768x461.jpg 768w, https:\/\/radiosummernight.ch\/upload\/2023\/03\/SWP-Logo-2013_schwarz.jpg 1182w\" sizes=\"auto, (max-width: 300px) 100vw, 300px\" \/><\/p>","protected":false},"excerpt":{"rendered":"<p>Tauchen Sie ein in die fesselnde Welt der elektronischen Musik mit DJ Passik, auch bekannt als Pascal M\u00fcnger. Der talentierte DJ und Produzent entf\u00fchrt Sie in eine au\u00dfergew\u00f6hnliche Klanglandschaft, in der Melodien und Gesang zu melodischem House verschmelzen. Doch DJ Passik ist mehr als nur ein Musiker &#8211; er verk\u00f6rpert auch eine tiefe Verbundenheit zur&hellip; <br \/> <a class=\"read-more\" href=\"https:\/\/radiosummernight.ch\/fr\/passik-der-talentierte-dj-der-die-elektronische-musikszene-begeistert\/\">Read more<\/a><\/p>","protected":false},"author":86,"featured_media":14046,"comment_status":"closed","ping_status":"closed","sticky":false,"template":"","format":"standard","meta":{"episode_type":"audio","audio_file":"https:\/\/radiosummernight.ch\/upload\/2023\/07\/DJPassik_Fertig.mp3","podmotor_file_id":"","podmotor_episode_id":"","cover_image":"https:\/\/radiosummernight.ch\/upload\/2023\/07\/Kultur.png","cover_image_id":"14022","duration":"21:28","filesize":"19.4M","filesize_raw":"20339437","date_recorded":"2023-07-07 13:03:01","explicit":"","block":"","itunes_episode_number":"","itunes_title":"","itunes_season_number":"","itunes_episode_type":"","footnotes":""},"categories":[591,589,186,588],"tags":[],"series":[468],"class_list":["post-14043","post","type-post","status-publish","format-standard","has-post-thumbnail","hentry","category-kultur","category-aargau","category-news","category-redaktionell","series-kulturpodcast"],"episode_featured_image":"https:\/\/radiosummernight.ch\/upload\/2023\/07\/Kopie-von-Kopie-von-Artikel-Bild-radiosummernight.ch_.jpg","episode_player_image":"https:\/\/radiosummernight.ch\/upload\/2023\/07\/Kultur.png","download_link":"https:\/\/radiosummernight.ch\/podcast-download\/14043\/passik-der-talentierte-dj-der-die-elektronische-musikszene-begeistert.mp3","player_link":"https:\/\/radiosummernight.ch\/podcast-player\/14043\/passik-der-talentierte-dj-der-die-elektronische-musikszene-begeistert.mp3","audio_player":"<audio class=\"wp-audio-shortcode\" id=\"audio-14043-1\" preload=\"none\" style=\"width: 100%;\" controls=\"controls\"><source type=\"audio\/mpeg\" src=\"https:\/\/radiosummernight.ch\/podcast-player\/14043\/passik-der-talentierte-dj-der-die-elektronische-musikszene-begeistert.mp3?_=1\" \/><a href=\"https:\/\/radiosummernight.ch\/podcast-player\/14043\/passik-der-talentierte-dj-der-die-elektronische-musikszene-begeistert.mp3\">https:\/\/radiosummernight.ch\/podcast-player\/14043\/passik-der-talentierte-dj-der-die-elektronische-musikszene-begeistert.mp3<\/a><\/audio>","episode_data":{"playerMode":"light","subscribeUrls":{"apple_podcasts":{"key":"apple_podcasts","url":"https:\/\/podcasts.apple.com\/ch\/podcast\/rsn-kulturpodcast\/id1696075307","label":"Apple Podcasts","class":"apple_podcasts","icon":"apple-podcasts.png"},"deezer":{"key":"deezer","url":"https:\/\/deezer.page.link\/2qMadQuzuk1ezrC2A","label":"Deezer","class":"deezer","icon":"deezer.png"},"google_podcasts":{"key":"google_podcasts","url":"","label":"Google Podcasts","class":"google_podcasts","icon":"google-podcasts.png"},"podcast_de":{"key":"podcast_de","url":"https:\/\/www.podcast.de\/podcast\/3281588\/rsn-kulturpodcast","label":"Podcast.de","class":"podcast_de","icon":"podcast-de.png"},"spotify":{"key":"spotify","url":"https:\/\/open.spotify.com\/show\/2eoIkX2Rk162wcpyBB0L8H?si=2d1a887238bf41c5","label":"Spotify","class":"spotify","icon":"spotify.png"},"itunes":{"key":"itunes","url":"","label":"iTunes","class":"itunes","icon":"itunes.png"},"mytuner_radio":{"key":"mytuner_radio","url":"","label":"myTuner Radio","class":"mytuner_radio","icon":"mytuner-radio.png"}},"rssFeedUrl":"https:\/\/radiosummernight.ch\/fr\/feed\/podcast\/kulturpodcast","embedCode":"<blockquote class=\"wp-embedded-content\" data-secret=\"WC79dL4hlI\"><a href=\"https:\/\/radiosummernight.ch\/fr\/passik-der-talentierte-dj-der-die-elektronische-musikszene-begeistert\/\">Passik &#8211; Der talentierte DJ, der die elektronische Musikszene begeistert<\/a><\/blockquote><iframe sandbox=\"allow-scripts\" security=\"restricted\" src=\"https:\/\/radiosummernight.ch\/fr\/passik-der-talentierte-dj-der-die-elektronische-musikszene-begeistert\/embed\/#?secret=WC79dL4hlI\" width=\"500\" height=\"350\" title=\"\u00ab\u00a0Passik &#8211; Der talentierte DJ, der die elektronische Musikszene begeistert\u00a0\u00bb &#8212; Radio Summernight\" data-secret=\"WC79dL4hlI\" frameborder=\"0\" marginwidth=\"0\" marginheight=\"0\" scrolling=\"no\" class=\"wp-embedded-content\"><\/iframe><script type=\"text\/javascript\">\n\/* <![CDATA[ *\/\n\/*! This file is auto-generated *\/\n!function(d,l){\"use strict\";l.querySelector&&d.addEventListener&&\"undefined\"!=typeof URL&&(d.wp=d.wp||{},d.wp.receiveEmbedMessage||(d.wp.receiveEmbedMessage=function(e){var t=e.data;if((t||t.secret||t.message||t.value)&&!\/[^a-zA-Z0-9]\/.test(t.secret)){for(var s,r,n,a=l.querySelectorAll('iframe[data-secret=\"'+t.secret+'\"]'),o=l.querySelectorAll('blockquote[data-secret=\"'+t.secret+'\"]'),c=new RegExp(\"^https?:$\",\"i\"),i=0;i<o.length;i++)o[i].style.display=\"none\";for(i=0;i<a.length;i++)s=a[i],e.source===s.contentWindow&&(s.removeAttribute(\"style\"),\"height\"===t.message?(1e3<(r=parseInt(t.value,10))?r=1e3:~~r<200&&(r=200),s.height=r):\"link\"===t.message&&(r=new URL(s.getAttribute(\"src\")),n=new URL(t.value),c.test(n.protocol))&&n.host===r.host&&l.activeElement===s&&(d.top.location.href=t.value))}},d.addEventListener(\"message\",d.wp.receiveEmbedMessage,!1),l.addEventListener(\"DOMContentLoaded\",function(){for(var e,t,s=l.querySelectorAll(\"iframe.wp-embedded-content\"),r=0;r<s.length;r++)(t=(e=s[r]).getAttribute(\"data-secret\"))||(t=Math.random().toString(36).substring(2,12),e.src+=\"#?secret=\"+t,e.setAttribute(\"data-secret\",t)),e.contentWindow.postMessage({message:\"ready\",secret:t},\"*\")},!1)))}(window,document);\n\/\/# sourceURL=https:\/\/radiosummernight.ch\/includes\/js\/wp-embed.min.js\n\/* ]]> *\/\n<\/script>\n"},"_links":{"self":[{"href":"https:\/\/radiosummernight.ch\/fr\/wp-json\/wp\/v2\/posts\/14043","targetHints":{"allow":["GET"]}}],"collection":[{"href":"https:\/\/radiosummernight.ch\/fr\/wp-json\/wp\/v2\/posts"}],"about":[{"href":"https:\/\/radiosummernight.ch\/fr\/wp-json\/wp\/v2\/types\/post"}],"author":[{"embeddable":true,"href":"https:\/\/radiosummernight.ch\/fr\/wp-json\/wp\/v2\/users\/86"}],"replies":[{"embeddable":true,"href":"https:\/\/radiosummernight.ch\/fr\/wp-json\/wp\/v2\/comments?post=14043"}],"version-history":[{"count":0,"href":"https:\/\/radiosummernight.ch\/fr\/wp-json\/wp\/v2\/posts\/14043\/revisions"}],"wp:featuredmedia":[{"embeddable":true,"href":"https:\/\/radiosummernight.ch\/fr\/wp-json\/wp\/v2\/media\/14046"}],"wp:attachment":[{"href":"https:\/\/radiosummernight.ch\/fr\/wp-json\/wp\/v2\/media?parent=14043"}],"wp:term":[{"taxonomy":"category","embeddable":true,"href":"https:\/\/radiosummernight.ch\/fr\/wp-json\/wp\/v2\/categories?post=14043"},{"taxonomy":"post_tag","embeddable":true,"href":"https:\/\/radiosummernight.ch\/fr\/wp-json\/wp\/v2\/tags?post=14043"},{"taxonomy":"series","embeddable":true,"href":"https:\/\/radiosummernight.ch\/fr\/wp-json\/wp\/v2\/series?post=14043"}],"curies":[{"name":"wp","href":"https:\/\/api.w.org\/{rel}","templated":true}]}}