{"id":14486,"date":"2023-07-26T16:14:03","date_gmt":"2023-07-26T14:14:03","guid":{"rendered":"https:\/\/radiosummernight.ch\/?p=14486"},"modified":"2024-01-18T07:52:43","modified_gmt":"2024-01-18T06:52:43","slug":"die-welt-der-f1","status":"publish","type":"post","link":"https:\/\/radiosummernight.ch\/fr\/die-welt-der-f1\/","title":{"rendered":"Faszination Formel 1: Das packende Rennen auf der legend\u00e4ren Rennstrecke von Spa-Francorchamps &#8211; 30. Juli 2023"},"content":{"rendered":"<p>Ein Spektakel f\u00fcr Rennsportfans aus aller Welt! Am 30. Juli 2023 findet auf der ikonischen Rennstrecke von Spa-Francorchamps ein mitreissendes Formel-1-Rennen statt. Die Ardennen-Achterbahn, wie sie oft liebevoll genannt wird, ist f\u00fcr ihre anspruchsvolle Streckenf\u00fchrung und ihr unberechenbares Wetter ber\u00fchmt. In diesem Blogbeitrag tauchen wir ein in das Renngeschehen und betrachten die Highlights eines unvergesslichen Tages f\u00fcr Motorsportenthusiasten.<\/p>\n<p>Spa-Francorchamps ist eine der \u00e4ltesten und herausforderndsten Rennstrecken der Welt. Gelegen in den malerischen Ardennen Belgiens, erstreckt sich die 7 Kilometer lange Strecke durch atemberaubende Landschaften und bietet den Fahrern ein einzigartiges Fahrerlebnis. Enge Kurven, schnelle Geraden und ber\u00fchmte Abschnitte wie die Eau Rouge und Raidillon machen die Strecke zu einem wahren Juwel im Formel-1-Kalender.<\/p>\n<p>Die Fans blicken gespannt auf das n\u00e4chste Wochenende\u00a0 und freuen sich auf actiongeladene Momente. Die Formel 1 bleibt ein Symbol f\u00fcr technische Innovation, menschlichen Ehrgeiz und den unersch\u00fctterlichen Willen, die Grenzen des M\u00f6glichen zu \u00fcberwinden.<\/p>\n<p>Also, markiert den 30. Juni 2023 im Kalender und verpasst nicht eines der aufregenden Rennen der Formel 1.<\/p>","protected":false},"excerpt":{"rendered":"<p>Ein Spektakel f\u00fcr Rennsportfans aus aller Welt! Am 30. Juli 2023 findet auf der ikonischen Rennstrecke von Spa-Francorchamps ein mitreissendes Formel-1-Rennen statt. Die Ardennen-Achterbahn, wie sie oft liebevoll genannt wird, ist f\u00fcr ihre anspruchsvolle Streckenf\u00fchrung und ihr unberechenbares Wetter ber\u00fchmt. In diesem Blogbeitrag tauchen wir ein in das Renngeschehen und betrachten die Highlights eines unvergesslichen&hellip; <br \/> <a class=\"read-more\" href=\"https:\/\/radiosummernight.ch\/fr\/die-welt-der-f1\/\">Read more<\/a><\/p>","protected":false},"author":51,"featured_media":14496,"comment_status":"closed","ping_status":"closed","sticky":false,"template":"","format":"standard","meta":{"episode_type":"audio","audio_file":"https:\/\/radiosummernight.ch\/upload\/F1-Beitrag-immi-Cyril.mp3","podmotor_file_id":"","podmotor_episode_id":"","cover_image":"","cover_image_id":"","duration":"2:03","filesize":"1.5M","filesize_raw":"1573999","date_recorded":"2023-07-26 17:14:03","explicit":"","block":"","itunes_episode_number":"","itunes_title":"","itunes_season_number":"","itunes_episode_type":"","footnotes":""},"categories":[186,719],"tags":[],"series":[815],"class_list":["post-14486","post","type-post","status-publish","format-standard","has-post-thumbnail","hentry","category-news","category-news-kurse","series-rsn-podcast-workshop"],"episode_featured_image":"https:\/\/radiosummernight.ch\/upload\/Kopie-von-Kopie-von-Artikel-Bild-radiosummernight.ch_.jpg","episode_player_image":"https:\/\/radiosummernight.ch\/upload\/Kopie-von-Cover-Tierschutz-Podcast.png","download_link":"https:\/\/radiosummernight.ch\/podcast-download\/14486\/die-welt-der-f1.mp3","player_link":"https:\/\/radiosummernight.ch\/podcast-player\/14486\/die-welt-der-f1.mp3","audio_player":"<audio class=\"wp-audio-shortcode\" id=\"audio-14486-1\" preload=\"none\" style=\"width: 100%;\" controls=\"controls\"><source type=\"audio\/mpeg\" src=\"https:\/\/radiosummernight.ch\/podcast-player\/14486\/die-welt-der-f1.mp3?_=1\" \/><a href=\"https:\/\/radiosummernight.ch\/podcast-player\/14486\/die-welt-der-f1.mp3\">https:\/\/radiosummernight.ch\/podcast-player\/14486\/die-welt-der-f1.mp3<\/a><\/audio>","episode_data":{"playerMode":"light","subscribeUrls":{"apple_podcasts":{"key":"apple_podcasts","url":"","label":"Apple Podcasts","class":"apple_podcasts","icon":"apple-podcasts.png"},"deezer":{"key":"deezer","url":"","label":"Deezer","class":"deezer","icon":"deezer.png"},"google_podcasts":{"key":"google_podcasts","url":"","label":"Google Podcasts","class":"google_podcasts","icon":"google-podcasts.png"},"podcast_de":{"key":"podcast_de","url":"","label":"Podcast.de","class":"podcast_de","icon":"podcast-de.png"},"spotify":{"key":"spotify","url":"","label":"Spotify","class":"spotify","icon":"spotify.png"},"itunes":{"key":"itunes","url":"","label":"iTunes","class":"itunes","icon":"itunes.png"},"mytuner_radio":{"key":"mytuner_radio","url":"","label":"myTuner Radio","class":"mytuner_radio","icon":"mytuner-radio.png"}},"rssFeedUrl":"https:\/\/radiosummernight.ch\/fr\/feed\/podcast\/rsn-podcast-workshop","embedCode":"<blockquote class=\"wp-embedded-content\" data-secret=\"wMuiI1Waj6\"><a href=\"https:\/\/radiosummernight.ch\/fr\/die-welt-der-f1\/\">Faszination Formel 1: Das packende Rennen auf der legend\u00e4ren Rennstrecke von Spa-Francorchamps &#8211; 30. Juli 2023<\/a><\/blockquote><iframe sandbox=\"allow-scripts\" security=\"restricted\" src=\"https:\/\/radiosummernight.ch\/fr\/die-welt-der-f1\/embed\/#?secret=wMuiI1Waj6\" width=\"500\" height=\"350\" title=\"\u00ab\u00a0Faszination Formel 1: Das packende Rennen auf der legend\u00e4ren Rennstrecke von Spa-Francorchamps &#8211; 30. Juli 2023\u00a0\u00bb &#8212; Radio Summernight\" data-secret=\"wMuiI1Waj6\" frameborder=\"0\" marginwidth=\"0\" marginheight=\"0\" scrolling=\"no\" class=\"wp-embedded-content\"><\/iframe><script type=\"text\/javascript\">\n\/* <![CDATA[ *\/\n\/*! This file is auto-generated *\/\n!function(d,l){\"use strict\";l.querySelector&&d.addEventListener&&\"undefined\"!=typeof URL&&(d.wp=d.wp||{},d.wp.receiveEmbedMessage||(d.wp.receiveEmbedMessage=function(e){var t=e.data;if((t||t.secret||t.message||t.value)&&!\/[^a-zA-Z0-9]\/.test(t.secret)){for(var s,r,n,a=l.querySelectorAll('iframe[data-secret=\"'+t.secret+'\"]'),o=l.querySelectorAll('blockquote[data-secret=\"'+t.secret+'\"]'),c=new RegExp(\"^https?:$\",\"i\"),i=0;i<o.length;i++)o[i].style.display=\"none\";for(i=0;i<a.length;i++)s=a[i],e.source===s.contentWindow&&(s.removeAttribute(\"style\"),\"height\"===t.message?(1e3<(r=parseInt(t.value,10))?r=1e3:~~r<200&&(r=200),s.height=r):\"link\"===t.message&&(r=new URL(s.getAttribute(\"src\")),n=new URL(t.value),c.test(n.protocol))&&n.host===r.host&&l.activeElement===s&&(d.top.location.href=t.value))}},d.addEventListener(\"message\",d.wp.receiveEmbedMessage,!1),l.addEventListener(\"DOMContentLoaded\",function(){for(var e,t,s=l.querySelectorAll(\"iframe.wp-embedded-content\"),r=0;r<s.length;r++)(t=(e=s[r]).getAttribute(\"data-secret\"))||(t=Math.random().toString(36).substring(2,12),e.src+=\"#?secret=\"+t,e.setAttribute(\"data-secret\",t)),e.contentWindow.postMessage({message:\"ready\",secret:t},\"*\")},!1)))}(window,document);\n\/\/# sourceURL=https:\/\/radiosummernight.ch\/includes\/js\/wp-embed.min.js\n\/* ]]> *\/\n<\/script>\n"},"_links":{"self":[{"href":"https:\/\/radiosummernight.ch\/fr\/wp-json\/wp\/v2\/posts\/14486","targetHints":{"allow":["GET"]}}],"collection":[{"href":"https:\/\/radiosummernight.ch\/fr\/wp-json\/wp\/v2\/posts"}],"about":[{"href":"https:\/\/radiosummernight.ch\/fr\/wp-json\/wp\/v2\/types\/post"}],"author":[{"embeddable":true,"href":"https:\/\/radiosummernight.ch\/fr\/wp-json\/wp\/v2\/users\/51"}],"replies":[{"embeddable":true,"href":"https:\/\/radiosummernight.ch\/fr\/wp-json\/wp\/v2\/comments?post=14486"}],"version-history":[{"count":0,"href":"https:\/\/radiosummernight.ch\/fr\/wp-json\/wp\/v2\/posts\/14486\/revisions"}],"wp:featuredmedia":[{"embeddable":true,"href":"https:\/\/radiosummernight.ch\/fr\/wp-json\/wp\/v2\/media\/14496"}],"wp:attachment":[{"href":"https:\/\/radiosummernight.ch\/fr\/wp-json\/wp\/v2\/media?parent=14486"}],"wp:term":[{"taxonomy":"category","embeddable":true,"href":"https:\/\/radiosummernight.ch\/fr\/wp-json\/wp\/v2\/categories?post=14486"},{"taxonomy":"post_tag","embeddable":true,"href":"https:\/\/radiosummernight.ch\/fr\/wp-json\/wp\/v2\/tags?post=14486"},{"taxonomy":"series","embeddable":true,"href":"https:\/\/radiosummernight.ch\/fr\/wp-json\/wp\/v2\/series?post=14486"}],"curies":[{"name":"wp","href":"https:\/\/api.w.org\/{rel}","templated":true}]}}