{"id":14545,"date":"2023-07-28T16:03:26","date_gmt":"2023-07-28T14:03:26","guid":{"rendered":"https:\/\/radiosummernight.ch\/?p=14545"},"modified":"2024-01-06T12:04:04","modified_gmt":"2024-01-06T11:04:04","slug":"pippi-feiert-geburtstag-ein-kindermusical-in-knies-kinderzoo","status":"publish","type":"post","link":"https:\/\/radiosummernight.ch\/fr\/pippi-feiert-geburtstag-ein-kindermusical-in-knies-kinderzoo\/","title":{"rendered":"Pippi feiert Geburtstag: Ein Kindermusical in Knies Kinderzoo"},"content":{"rendered":"<p>Sie macht, was sie will, und l\u00e4sst sich von niemandem etwas vorschreiben. Sie tr\u00e4gt bunte Kleidung, mischt sich in alles ein und hat immer eine Antwort parat. Ein aussergew\u00f6hnliches M\u00e4dchen mit roten, abstehenden Z\u00f6pfen, das in der Villa Kunterbunt lebt. Die rede ist von niemand anderem als Pippilotta Viktualia Rollgardina Schokominza Efraimstochter Langstrumpf.<\/p>\n<p>&nbsp;<\/p>\n<p>Pippi Langstrumpf ist eine der bekanntesten und beliebtesten Kinderbuchfiguren der Welt. Sie wurde von der schwedischen Autorin Astrid Lindgren erschaffen und hat seitdem die Herzen vieler Leser erobert. Sie begeisterte die Menschen aber nicht nur in den B\u00fcchern, H\u00f6rspielen und Filmen, sondern auch auf der B\u00fchne im neuen <a href=\"https:\/\/www.bybalzer.ch\/pippi-feiert-geburtstag\/geschichte\/story\" target=\"_blank\" rel=\"noopener\">Kindermusical von ByBalzer.<\/a><\/p>\n<p>&nbsp;<\/p>\n<h4>Der KulturPodcast wird unterst\u00fctzt von<\/h4>\n\n\t\t<style type=\"text\/css\">\n\t\t\t#gallery-1 {\n\t\t\t\tmargin: auto;\n\t\t\t}\n\t\t\t#gallery-1 .gallery-item {\n\t\t\t\tfloat: left;\n\t\t\t\tmargin-top: 10px;\n\t\t\t\ttext-align: center;\n\t\t\t\twidth: 33%;\n\t\t\t}\n\t\t\t#gallery-1 img {\n\t\t\t\tborder: 2px solid #cfcfcf;\n\t\t\t}\n\t\t\t#gallery-1 .gallery-caption {\n\t\t\t\tmargin-left: 0;\n\t\t\t}\n\t\t\t\/* see gallery_shortcode() in wp-includes\/media.php *\/\n\t\t<\/style>\n\t\t<div id='gallery-1' class='gallery galleryid-14545 gallery-columns-3 gallery-size-medium'><dl class='gallery-item'>\n\t\t\t<dt class='gallery-icon landscape'>\n\t\t\t\t<a href=\"https:\/\/radiosummernight.ch\/fr\/viva-la-musica-erzaehlnacht-aus-der-bibliothek-rueti\/design-ohne-titel-4-4\/\"><img loading=\"lazy\" decoding=\"async\" width=\"300\" height=\"150\" src=\"https:\/\/radiosummernight.ch\/upload\/2023\/01\/Design-ohne-Titel-4-300x150.png\" class=\"attachment-medium size-medium\" alt=\"Unterst\u00fctzt durch Rapperswil - Jona\" srcset=\"https:\/\/radiosummernight.ch\/upload\/2023\/01\/Design-ohne-Titel-4-300x150.png 300w, https:\/\/radiosummernight.ch\/upload\/2023\/01\/Design-ohne-Titel-4-600x300.png 600w, https:\/\/radiosummernight.ch\/upload\/2023\/01\/Design-ohne-Titel-4-768x384.png 768w, https:\/\/radiosummernight.ch\/upload\/2023\/01\/Design-ohne-Titel-4.png 1000w\" sizes=\"auto, (max-width: 300px) 100vw, 300px\" title=\"\"><\/a>\n\t\t\t<\/dt><\/dl><dl class='gallery-item'>\n\t\t\t<dt class='gallery-icon landscape'>\n\t\t\t\t<a href=\"https:\/\/radiosummernight.ch\/fr\/download-10\/\"><img loading=\"lazy\" decoding=\"async\" width=\"300\" height=\"101\" src=\"https:\/\/radiosummernight.ch\/upload\/Download-3-300x101.png\" class=\"attachment-medium size-medium\" alt=\"\" srcset=\"https:\/\/radiosummernight.ch\/upload\/Download-3-300x101.png 300w, https:\/\/radiosummernight.ch\/upload\/Download-3.png 386w\" sizes=\"auto, (max-width: 300px) 100vw, 300px\" title=\"\"><\/a>\n\t\t\t<\/dt><\/dl><dl class='gallery-item'>\n\t\t\t<dt class='gallery-icon landscape'>\n\t\t\t\t<a href=\"https:\/\/radiosummernight.ch\/fr\/bfd564ff-feb3-4cfd-a534-8144256a0542\/\"><img loading=\"lazy\" decoding=\"async\" width=\"300\" height=\"89\" src=\"https:\/\/radiosummernight.ch\/upload\/BFD564FF-FEB3-4CFD-A534-8144256A0542-300x89.png\" class=\"attachment-medium size-medium\" alt=\"\" srcset=\"https:\/\/radiosummernight.ch\/upload\/BFD564FF-FEB3-4CFD-A534-8144256A0542-300x89.png 300w, https:\/\/radiosummernight.ch\/upload\/BFD564FF-FEB3-4CFD-A534-8144256A0542-1024x304.png 1024w, https:\/\/radiosummernight.ch\/upload\/BFD564FF-FEB3-4CFD-A534-8144256A0542-768x228.png 768w, https:\/\/radiosummernight.ch\/upload\/BFD564FF-FEB3-4CFD-A534-8144256A0542-1536x456.png 1536w, https:\/\/radiosummernight.ch\/upload\/BFD564FF-FEB3-4CFD-A534-8144256A0542-2048x607.png 2048w, https:\/\/radiosummernight.ch\/upload\/BFD564FF-FEB3-4CFD-A534-8144256A0542-1200x356.png 1200w, https:\/\/radiosummernight.ch\/upload\/BFD564FF-FEB3-4CFD-A534-8144256A0542-1920x569.png 1920w, https:\/\/radiosummernight.ch\/upload\/BFD564FF-FEB3-4CFD-A534-8144256A0542-600x178.png 600w\" sizes=\"auto, (max-width: 300px) 100vw, 300px\" title=\"\"><\/a>\n\t\t\t<\/dt><\/dl><br style=\"clear: both\" \/>\n\t\t<\/div>\n\n<p>&nbsp;<\/p>\n<p>&nbsp;<\/p>\n<p>&nbsp;<\/p>\n<p>&nbsp;<\/p>\n<p>&nbsp;<\/p>\n<p>&nbsp;<\/p>","protected":false},"excerpt":{"rendered":"<p>Sie macht, was sie will, und l\u00e4sst sich von niemandem etwas vorschreiben. Sie tr\u00e4gt bunte Kleidung, mischt sich in alles ein und hat immer eine Antwort parat. Ein aussergew\u00f6hnliches M\u00e4dchen mit roten, abstehenden Z\u00f6pfen, das in der Villa Kunterbunt lebt. Die rede ist von niemand anderem als Pippilotta Viktualia Rollgardina Schokominza Efraimstochter Langstrumpf. &nbsp; Pippi&hellip; <br \/> <a class=\"read-more\" href=\"https:\/\/radiosummernight.ch\/fr\/pippi-feiert-geburtstag-ein-kindermusical-in-knies-kinderzoo\/\">Read more<\/a><\/p>","protected":false},"author":86,"featured_media":14553,"comment_status":"closed","ping_status":"closed","sticky":false,"template":"","format":"standard","meta":{"episode_type":"audio","audio_file":"https:\/\/radiosummernight.ch\/upload\/PippiFeiertGeburtstag.mp3","podmotor_file_id":"","podmotor_episode_id":"","cover_image":"https:\/\/radiosummernight.ch\/upload\/2023\/07\/Kultur.png","cover_image_id":"14022","duration":"20:49","filesize":"18.77M","filesize_raw":"19685880","date_recorded":"2023-07-28 13:59:02","explicit":"","block":"","itunes_episode_number":"","itunes_title":"","itunes_season_number":"","itunes_episode_type":"","footnotes":""},"categories":[186,590,591,588],"tags":[],"series":[468],"class_list":["post-14545","post","type-post","status-publish","format-standard","has-post-thumbnail","hentry","category-news","category-kanton-zuerich","category-kultur","category-redaktionell","series-kulturpodcast"],"episode_featured_image":"https:\/\/radiosummernight.ch\/upload\/Kopie-von-Kopie-von-Artikel-Bild-radiosummernight.ch-6.png","episode_player_image":"https:\/\/radiosummernight.ch\/upload\/2023\/07\/Kultur.png","download_link":"https:\/\/radiosummernight.ch\/podcast-download\/14545\/pippi-feiert-geburtstag-ein-kindermusical-in-knies-kinderzoo.mp3","player_link":"https:\/\/radiosummernight.ch\/podcast-player\/14545\/pippi-feiert-geburtstag-ein-kindermusical-in-knies-kinderzoo.mp3","audio_player":"<audio class=\"wp-audio-shortcode\" id=\"audio-14545-1\" preload=\"none\" style=\"width: 100%;\" controls=\"controls\"><source type=\"audio\/mpeg\" src=\"https:\/\/radiosummernight.ch\/podcast-player\/14545\/pippi-feiert-geburtstag-ein-kindermusical-in-knies-kinderzoo.mp3?_=1\" \/><a href=\"https:\/\/radiosummernight.ch\/podcast-player\/14545\/pippi-feiert-geburtstag-ein-kindermusical-in-knies-kinderzoo.mp3\">https:\/\/radiosummernight.ch\/podcast-player\/14545\/pippi-feiert-geburtstag-ein-kindermusical-in-knies-kinderzoo.mp3<\/a><\/audio>","episode_data":{"playerMode":"light","subscribeUrls":{"apple_podcasts":{"key":"apple_podcasts","url":"https:\/\/podcasts.apple.com\/ch\/podcast\/rsn-kulturpodcast\/id1696075307","label":"Apple Podcasts","class":"apple_podcasts","icon":"apple-podcasts.png"},"deezer":{"key":"deezer","url":"https:\/\/deezer.page.link\/2qMadQuzuk1ezrC2A","label":"Deezer","class":"deezer","icon":"deezer.png"},"google_podcasts":{"key":"google_podcasts","url":"","label":"Google Podcasts","class":"google_podcasts","icon":"google-podcasts.png"},"podcast_de":{"key":"podcast_de","url":"https:\/\/www.podcast.de\/podcast\/3281588\/rsn-kulturpodcast","label":"Podcast.de","class":"podcast_de","icon":"podcast-de.png"},"spotify":{"key":"spotify","url":"https:\/\/open.spotify.com\/show\/2eoIkX2Rk162wcpyBB0L8H?si=2d1a887238bf41c5","label":"Spotify","class":"spotify","icon":"spotify.png"},"itunes":{"key":"itunes","url":"","label":"iTunes","class":"itunes","icon":"itunes.png"},"mytuner_radio":{"key":"mytuner_radio","url":"","label":"myTuner Radio","class":"mytuner_radio","icon":"mytuner-radio.png"}},"rssFeedUrl":"https:\/\/radiosummernight.ch\/fr\/feed\/podcast\/kulturpodcast","embedCode":"<blockquote class=\"wp-embedded-content\" data-secret=\"4eSoyUCOsg\"><a href=\"https:\/\/radiosummernight.ch\/fr\/pippi-feiert-geburtstag-ein-kindermusical-in-knies-kinderzoo\/\">Pippi feiert Geburtstag: Ein Kindermusical in Knies Kinderzoo<\/a><\/blockquote><iframe sandbox=\"allow-scripts\" security=\"restricted\" src=\"https:\/\/radiosummernight.ch\/fr\/pippi-feiert-geburtstag-ein-kindermusical-in-knies-kinderzoo\/embed\/#?secret=4eSoyUCOsg\" width=\"500\" height=\"350\" title=\"\u00ab\u00a0Pippi feiert Geburtstag: Ein Kindermusical in Knies Kinderzoo\u00a0\u00bb &#8212; Radio Summernight\" data-secret=\"4eSoyUCOsg\" frameborder=\"0\" marginwidth=\"0\" marginheight=\"0\" scrolling=\"no\" class=\"wp-embedded-content\"><\/iframe><script type=\"text\/javascript\">\n\/* <![CDATA[ *\/\n\/*! This file is auto-generated *\/\n!function(d,l){\"use strict\";l.querySelector&&d.addEventListener&&\"undefined\"!=typeof URL&&(d.wp=d.wp||{},d.wp.receiveEmbedMessage||(d.wp.receiveEmbedMessage=function(e){var t=e.data;if((t||t.secret||t.message||t.value)&&!\/[^a-zA-Z0-9]\/.test(t.secret)){for(var s,r,n,a=l.querySelectorAll('iframe[data-secret=\"'+t.secret+'\"]'),o=l.querySelectorAll('blockquote[data-secret=\"'+t.secret+'\"]'),c=new RegExp(\"^https?:$\",\"i\"),i=0;i<o.length;i++)o[i].style.display=\"none\";for(i=0;i<a.length;i++)s=a[i],e.source===s.contentWindow&&(s.removeAttribute(\"style\"),\"height\"===t.message?(1e3<(r=parseInt(t.value,10))?r=1e3:~~r<200&&(r=200),s.height=r):\"link\"===t.message&&(r=new URL(s.getAttribute(\"src\")),n=new URL(t.value),c.test(n.protocol))&&n.host===r.host&&l.activeElement===s&&(d.top.location.href=t.value))}},d.addEventListener(\"message\",d.wp.receiveEmbedMessage,!1),l.addEventListener(\"DOMContentLoaded\",function(){for(var e,t,s=l.querySelectorAll(\"iframe.wp-embedded-content\"),r=0;r<s.length;r++)(t=(e=s[r]).getAttribute(\"data-secret\"))||(t=Math.random().toString(36).substring(2,12),e.src+=\"#?secret=\"+t,e.setAttribute(\"data-secret\",t)),e.contentWindow.postMessage({message:\"ready\",secret:t},\"*\")},!1)))}(window,document);\n\/\/# sourceURL=https:\/\/radiosummernight.ch\/includes\/js\/wp-embed.min.js\n\/* ]]> *\/\n<\/script>\n"},"_links":{"self":[{"href":"https:\/\/radiosummernight.ch\/fr\/wp-json\/wp\/v2\/posts\/14545","targetHints":{"allow":["GET"]}}],"collection":[{"href":"https:\/\/radiosummernight.ch\/fr\/wp-json\/wp\/v2\/posts"}],"about":[{"href":"https:\/\/radiosummernight.ch\/fr\/wp-json\/wp\/v2\/types\/post"}],"author":[{"embeddable":true,"href":"https:\/\/radiosummernight.ch\/fr\/wp-json\/wp\/v2\/users\/86"}],"replies":[{"embeddable":true,"href":"https:\/\/radiosummernight.ch\/fr\/wp-json\/wp\/v2\/comments?post=14545"}],"version-history":[{"count":0,"href":"https:\/\/radiosummernight.ch\/fr\/wp-json\/wp\/v2\/posts\/14545\/revisions"}],"wp:featuredmedia":[{"embeddable":true,"href":"https:\/\/radiosummernight.ch\/fr\/wp-json\/wp\/v2\/media\/14553"}],"wp:attachment":[{"href":"https:\/\/radiosummernight.ch\/fr\/wp-json\/wp\/v2\/media?parent=14545"}],"wp:term":[{"taxonomy":"category","embeddable":true,"href":"https:\/\/radiosummernight.ch\/fr\/wp-json\/wp\/v2\/categories?post=14545"},{"taxonomy":"post_tag","embeddable":true,"href":"https:\/\/radiosummernight.ch\/fr\/wp-json\/wp\/v2\/tags?post=14545"},{"taxonomy":"series","embeddable":true,"href":"https:\/\/radiosummernight.ch\/fr\/wp-json\/wp\/v2\/series?post=14545"}],"curies":[{"name":"wp","href":"https:\/\/api.w.org\/{rel}","templated":true}]}}