{"id":1474,"date":"2018-11-15T21:00:19","date_gmt":"2018-11-15T21:00:19","guid":{"rendered":"https:\/\/radiosummernight.ch\/?p=1474"},"modified":"2018-11-15T18:37:47","modified_gmt":"2018-11-15T18:37:47","slug":"internetnutzung-nimmt-weiter-zu-audio-im-netz-immer-staerker-gefragt","status":"publish","type":"post","link":"https:\/\/radiosummernight.ch\/fr\/internetnutzung-nimmt-weiter-zu-audio-im-netz-immer-staerker-gefragt\/","title":{"rendered":"Internetnutzung nimmt weiter zu \u2013 Audio im Netz immer st\u00e4rker gefragt"},"content":{"rendered":"<p style=\"margin-bottom: 10px; color: #3d3d3d; font-family: 'Open Sans'; font-size: 17px; -webkit-font-smoothing: antialiased !important;\">Wer geht wie lang ins Internet \u2013 und was macht er da? Diese Frage beantwortet die j\u00e4hrliche ARD\/ZDF-Onlinestudie. Das Ergebnis f\u00fcr 2018: Im Vergleich zum vorherigen Jahr sind noch einmal knapp eine Million Internetnutzer in Deutschland hinzugekommen.<\/p>\n<p style=\"margin-bottom: 10px; color: #3d3d3d; font-family: 'Open Sans'; font-size: 17px; -webkit-font-smoothing: antialiased !important;\">Die Nutzer sind auch immer l\u00e4nger im Netz \u2013 durchschnittlich 196 Minuten, also drei Stunden und 16 Minuten t\u00e4glich. Das sind im Vergleich zum Vorjahr 47 Minuten mehr!<\/p>\n<p style=\"margin-bottom: 10px; color: #3d3d3d; font-family: 'Open Sans'; font-size: 17px; -webkit-font-smoothing: antialiased !important;\">Mehr Zeit verwenden sie auf das Sehen, H\u00f6ren und Lesen von Inhalten sowie auf die Kommunikation im Netz. 60 Prozent nutzen mindestens einmal in der Woche ein Streaming-Angebot \u2013 ein Plus von acht Prozentpunkten. Auch die w\u00f6chentliche Audionutzung hat weiter zugenommen: Mit 49 Prozent (plus 3 Prozentpunkte) h\u00f6rt rund die H\u00e4lfte der deutschsprachigen Bev\u00f6lkerung einmal in der Woche oder h\u00e4ufiger Audioformate im Internet \u2013 darunter fallen nicht nur Livestreaming der Radiosender, sondern auch deren Podcast Angebote.<\/p>","protected":false},"excerpt":{"rendered":"<p>Wer geht wie lang ins Internet \u2013 und was macht er da? Diese Frage beantwortet die j\u00e4hrliche ARD\/ZDF-Onlinestudie. Das Ergebnis f\u00fcr 2018: Im Vergleich zum vorherigen Jahr sind noch einmal knapp eine Million Internetnutzer in Deutschland hinzugekommen. Die Nutzer sind auch immer l\u00e4nger im Netz \u2013 durchschnittlich 196 Minuten, also drei Stunden und 16 Minuten&hellip; <br \/> <a class=\"read-more\" href=\"https:\/\/radiosummernight.ch\/fr\/internetnutzung-nimmt-weiter-zu-audio-im-netz-immer-staerker-gefragt\/\">Read more<\/a><\/p>","protected":false},"author":1,"featured_media":1475,"comment_status":"open","ping_status":"open","sticky":false,"template":"","format":"standard","meta":{"episode_type":"","audio_file":"","podmotor_file_id":"","podmotor_episode_id":"","cover_image":"","cover_image_id":"","duration":"","filesize":"","filesize_raw":"","date_recorded":"","explicit":"","block":"","itunes_episode_number":"","itunes_title":"","itunes_season_number":"","itunes_episode_type":"","footnotes":""},"categories":[5],"tags":[],"series":[],"class_list":["post-1474","post","type-post","status-publish","format-standard","has-post-thumbnail","hentry","category-events"],"episode_featured_image":"https:\/\/radiosummernight.ch\/upload\/2018\/11\/bahnhof-drinnen-elektrik-374876-scaled.jpg","episode_player_image":"https:\/\/radiosummernight.ch\/upload\/2021\/03\/Logo-RSN-Schwarz-300x300-Green.png","download_link":"","player_link":"","audio_player":false,"episode_data":{"playerMode":"light","subscribeUrls":{"apple_podcasts":{"key":"apple_podcasts","url":"https:\/\/podcasts.apple.com\/us\/podcast\/radio-summernight\/id1647787397?uo=4&itsct=podtail_podcasts&itscg=30200&ls=1&at=1001l39ag&ct=deutschepodcasts.de","label":"Apple Podcasts","class":"apple_podcasts","icon":"apple-podcasts.png"},"deezer":{"key":"deezer","url":"https:\/\/deezer.page.link\/NKiaDgyHm5ekBXsE7","label":"Deezer","class":"deezer","icon":"deezer.png"},"google_podcasts":{"key":"google_podcasts","url":"https:\/\/podcasts.google.com\/feed\/aHR0cHM6Ly9yYWRpb3N1bW1lcm5pZ2h0LmNoL2ZlZWQvcG9kY2FzdA?sa=X&ved=0CAMQ4aUDahcKEwj4gc2i0oP8AhUAAAAAHQAAAAAQAQ&hl=de-CH","label":"Google Podcasts","class":"google_podcasts","icon":"google-podcasts.png"},"podcast_de":{"key":"podcast_de","url":"https:\/\/www.podcast.de\/podcast\/3070299\/radio-summernight","label":"Podcast.de","class":"podcast_de","icon":"podcast-de.png"},"spotify":{"key":"spotify","url":"https:\/\/open.spotify.com\/show\/4DnvrNRnOIGTWoVH4yoIpC","label":"Spotify","class":"spotify","icon":"spotify.png"},"itunes":{"key":"itunes","url":"","label":"iTunes","class":"itunes","icon":"itunes.png"},"mytuner_radio":{"key":"mytuner_radio","url":"","label":"myTuner Radio","class":"mytuner_radio","icon":"mytuner-radio.png"}},"rssFeedUrl":"https:\/\/radiosummernight.ch\/fr\/feed\/podcast\/radio-summernight","embedCode":"<blockquote class=\"wp-embedded-content\" data-secret=\"ZbIlgENTG7\"><a href=\"https:\/\/radiosummernight.ch\/fr\/internetnutzung-nimmt-weiter-zu-audio-im-netz-immer-staerker-gefragt\/\">Internetnutzung nimmt weiter zu \u2013 Audio im Netz immer st\u00e4rker gefragt<\/a><\/blockquote><iframe sandbox=\"allow-scripts\" security=\"restricted\" src=\"https:\/\/radiosummernight.ch\/fr\/internetnutzung-nimmt-weiter-zu-audio-im-netz-immer-staerker-gefragt\/embed\/#?secret=ZbIlgENTG7\" width=\"500\" height=\"350\" title=\"\u00ab\u00a0Internetnutzung nimmt weiter zu \u2013 Audio im Netz immer st\u00e4rker gefragt\u00a0\u00bb &#8212; Radio Summernight\" data-secret=\"ZbIlgENTG7\" frameborder=\"0\" marginwidth=\"0\" marginheight=\"0\" scrolling=\"no\" class=\"wp-embedded-content\"><\/iframe><script type=\"text\/javascript\">\n\/* <![CDATA[ *\/\n\/*! This file is auto-generated *\/\n!function(d,l){\"use strict\";l.querySelector&&d.addEventListener&&\"undefined\"!=typeof URL&&(d.wp=d.wp||{},d.wp.receiveEmbedMessage||(d.wp.receiveEmbedMessage=function(e){var t=e.data;if((t||t.secret||t.message||t.value)&&!\/[^a-zA-Z0-9]\/.test(t.secret)){for(var s,r,n,a=l.querySelectorAll('iframe[data-secret=\"'+t.secret+'\"]'),o=l.querySelectorAll('blockquote[data-secret=\"'+t.secret+'\"]'),c=new RegExp(\"^https?:$\",\"i\"),i=0;i<o.length;i++)o[i].style.display=\"none\";for(i=0;i<a.length;i++)s=a[i],e.source===s.contentWindow&&(s.removeAttribute(\"style\"),\"height\"===t.message?(1e3<(r=parseInt(t.value,10))?r=1e3:~~r<200&&(r=200),s.height=r):\"link\"===t.message&&(r=new URL(s.getAttribute(\"src\")),n=new URL(t.value),c.test(n.protocol))&&n.host===r.host&&l.activeElement===s&&(d.top.location.href=t.value))}},d.addEventListener(\"message\",d.wp.receiveEmbedMessage,!1),l.addEventListener(\"DOMContentLoaded\",function(){for(var e,t,s=l.querySelectorAll(\"iframe.wp-embedded-content\"),r=0;r<s.length;r++)(t=(e=s[r]).getAttribute(\"data-secret\"))||(t=Math.random().toString(36).substring(2,12),e.src+=\"#?secret=\"+t,e.setAttribute(\"data-secret\",t)),e.contentWindow.postMessage({message:\"ready\",secret:t},\"*\")},!1)))}(window,document);\n\/\/# sourceURL=https:\/\/radiosummernight.ch\/includes\/js\/wp-embed.min.js\n\/* ]]> *\/\n<\/script>\n"},"_links":{"self":[{"href":"https:\/\/radiosummernight.ch\/fr\/wp-json\/wp\/v2\/posts\/1474","targetHints":{"allow":["GET"]}}],"collection":[{"href":"https:\/\/radiosummernight.ch\/fr\/wp-json\/wp\/v2\/posts"}],"about":[{"href":"https:\/\/radiosummernight.ch\/fr\/wp-json\/wp\/v2\/types\/post"}],"author":[{"embeddable":true,"href":"https:\/\/radiosummernight.ch\/fr\/wp-json\/wp\/v2\/users\/1"}],"replies":[{"embeddable":true,"href":"https:\/\/radiosummernight.ch\/fr\/wp-json\/wp\/v2\/comments?post=1474"}],"version-history":[{"count":0,"href":"https:\/\/radiosummernight.ch\/fr\/wp-json\/wp\/v2\/posts\/1474\/revisions"}],"wp:featuredmedia":[{"embeddable":true,"href":"https:\/\/radiosummernight.ch\/fr\/wp-json\/wp\/v2\/media\/1475"}],"wp:attachment":[{"href":"https:\/\/radiosummernight.ch\/fr\/wp-json\/wp\/v2\/media?parent=1474"}],"wp:term":[{"taxonomy":"category","embeddable":true,"href":"https:\/\/radiosummernight.ch\/fr\/wp-json\/wp\/v2\/categories?post=1474"},{"taxonomy":"post_tag","embeddable":true,"href":"https:\/\/radiosummernight.ch\/fr\/wp-json\/wp\/v2\/tags?post=1474"},{"taxonomy":"series","embeddable":true,"href":"https:\/\/radiosummernight.ch\/fr\/wp-json\/wp\/v2\/series?post=1474"}],"curies":[{"name":"wp","href":"https:\/\/api.w.org\/{rel}","templated":true}]}}