{"id":14783,"date":"2023-08-11T11:49:17","date_gmt":"2023-08-11T09:49:17","guid":{"rendered":"https:\/\/radiosummernight.ch\/?p=14783"},"modified":"2024-01-06T12:03:51","modified_gmt":"2024-01-06T11:03:51","slug":"bruecke-der-kulturen-reisebuero-linth-laedt-zur-integrationsreise-ein","status":"publish","type":"post","link":"https:\/\/radiosummernight.ch\/fr\/bruecke-der-kulturen-reisebuero-linth-laedt-zur-integrationsreise-ein\/","title":{"rendered":"Br\u00fccke der Kulturen: Reiseb\u00fcro Linth l\u00e4dt zur Integrationsreise ein"},"content":{"rendered":"<p>&nbsp;<\/p>\n<p>In einer idyllischen Ecke des Linthgebiets, genauer gesagt in Kaltbrunn, hat sich eine bemerkenswerte Verwandlung ereignet. Urspr\u00fcnglich war hier das traditionelle Dorfmuseum angesiedelt, das jedoch mit seinen wechselnden Sonderausstellungen nicht das gew\u00fcnschte Stammpublikum erreichte.<\/p>\n<p>Nach vielen konstruktiven Diskussionen, Abenden des Austauschs und Verhandlungen kristallisierte sich eine klare Ausrichtung heraus \u2013 das Geb\u00e4ude sollte als Migrationsmuseum dienen. Dieser Fokus auf die Geschichten der Auswanderung er\u00f6ffnete nicht nur neue Perspektiven, sondern auch M\u00f6glichkeiten zur Identifikation und <span class=\"grammar correction\" title=\"Meinten Sie \u201eReflexion\u201c? Das Wort kommt vom lat. \u201ereflexio\u201c (\u201edas Zur\u00fcckbeugen\u201c) und wird daher mit \u201ex\u201c geschrieben.\" data-type=\"grammar\" data-suggestions=\"[{&quot;value&quot;:&quot;Reflexion&quot;}]\" data-rule=\"REFLEKTION\" data-word=\"Reflektion\">Reflexion<\/span>. Pr\u00e4sident der Kulturkommission Kaltbrunn und Leiter des <a href=\"https:\/\/reisebuero-linth.ch\/\" target=\"_blank\" rel=\"noopener\">Reiseb\u00fcro Linth<\/a> Peter Brunner und zahlreiche Mitwirkende investierten nicht nur immense Freiwilligenarbeit, sondern auch Herzblut in das Museum. Dieses Engagement zahlte sich aus. Schon im ersten Jahr nach der Er\u00f6ffnung verzeichnete das Museum zahlreiche Gruppenf\u00fchrungen, darunter Besucher aus der Region Z\u00fcrich und Schulklassen.<\/p>\n<p>&nbsp;<\/p>\n<p>Die Bedeutung dieses Migrationsmuseums geht jedoch \u00fcber die Tore von Kaltbrunn hinaus. Es er\u00f6ffnet R\u00e4ume f\u00fcr Dialog, Verst\u00e4ndnis und eine tiefere Auseinandersetzung mit der Schweizer Geschichte der Auswanderung und Flucht. Die Ausstellungen geben einen Einblick in die vielf\u00e4ltigen Beweggr\u00fcnde und Schicksale der Menschen, die einst ihre Heimat <span class=\"misspelling correction\" title=\"M\u00f6glicher Tippfehler gefunden.\" data-type=\"misspelling\" data-suggestions=\"[{&quot;value&quot;:&quot;verliessen&quot;},{&quot;value&quot;:&quot;verliehen&quot;},{&quot;value&quot;:&quot;verlieren&quot;},{&quot;value&quot;:&quot;verliefen&quot;},{&quot;value&quot;:&quot;verlieben&quot;},{&quot;value&quot;:&quot;vergiessen&quot;},{&quot;value&quot;:&quot;verliehene&quot;}]\" data-rule=\"SWISS_GERMAN_SPELLER_RULE\" data-word=\"verlie\u00dfen\">verliessen<\/span>. Dabei regen sie zur Reflexion \u00fcber die Bedeutung von Identit\u00e4t, Zugeh\u00f6rigkeit und Ver\u00e4nderung an \u2013 Themen, die auch in der heutigen Zeit h\u00f6chst relevant sind.<\/p>\n<p>&nbsp;<\/p>\n<p>In einer Welt, die von Globalisierung und Migration gepr\u00e4gt ist, erf\u00fcllt das Reiseb\u00fcro Linth eine wichtige Aufgabe als Ort des Lernens, der Erinnerung und des Zusammenkommens.<\/p>\n<p>&nbsp;<\/p>\n<p><img loading=\"lazy\" decoding=\"async\" class=\"size-medium wp-image-14792 alignleft\" src=\"https:\/\/radiosummernight.ch\/upload\/2-300x300.png\" alt=\"\" width=\"300\" height=\"300\" title=\"\" srcset=\"https:\/\/radiosummernight.ch\/upload\/2-300x300.png 300w, https:\/\/radiosummernight.ch\/upload\/2-1024x1024.png 1024w, https:\/\/radiosummernight.ch\/upload\/2-150x150.png 150w, https:\/\/radiosummernight.ch\/upload\/2-768x768.png 768w, https:\/\/radiosummernight.ch\/upload\/2-900x900.png 900w, https:\/\/radiosummernight.ch\/upload\/2-600x600.png 600w, https:\/\/radiosummernight.ch\/upload\/2-100x100.png 100w, https:\/\/radiosummernight.ch\/upload\/2.png 1080w\" sizes=\"auto, (max-width: 300px) 100vw, 300px\" \/> <img loading=\"lazy\" decoding=\"async\" class=\"size-medium wp-image-14793 alignleft\" src=\"https:\/\/radiosummernight.ch\/upload\/3-300x300.png\" alt=\"\" width=\"300\" height=\"300\" title=\"\" srcset=\"https:\/\/radiosummernight.ch\/upload\/3-300x300.png 300w, https:\/\/radiosummernight.ch\/upload\/3-1024x1024.png 1024w, https:\/\/radiosummernight.ch\/upload\/3-150x150.png 150w, https:\/\/radiosummernight.ch\/upload\/3-768x768.png 768w, https:\/\/radiosummernight.ch\/upload\/3-900x900.png 900w, https:\/\/radiosummernight.ch\/upload\/3-600x600.png 600w, https:\/\/radiosummernight.ch\/upload\/3-100x100.png 100w, https:\/\/radiosummernight.ch\/upload\/3.png 1080w\" sizes=\"auto, (max-width: 300px) 100vw, 300px\" \/> <img loading=\"lazy\" decoding=\"async\" class=\"size-medium wp-image-14794 alignleft\" src=\"https:\/\/radiosummernight.ch\/upload\/4-300x300.png\" alt=\"\" width=\"300\" height=\"300\" title=\"\" srcset=\"https:\/\/radiosummernight.ch\/upload\/4-300x300.png 300w, https:\/\/radiosummernight.ch\/upload\/4-1024x1024.png 1024w, https:\/\/radiosummernight.ch\/upload\/4-150x150.png 150w, https:\/\/radiosummernight.ch\/upload\/4-768x768.png 768w, https:\/\/radiosummernight.ch\/upload\/4-900x900.png 900w, https:\/\/radiosummernight.ch\/upload\/4-600x600.png 600w, https:\/\/radiosummernight.ch\/upload\/4-100x100.png 100w, https:\/\/radiosummernight.ch\/upload\/4.png 1080w\" sizes=\"auto, (max-width: 300px) 100vw, 300px\" \/><\/p>\n<p>&nbsp;<\/p>\n<p>&nbsp;<\/p>\n<p>&nbsp;<\/p>\n<p>&nbsp;<\/p>\n<p>&nbsp;<\/p>\n<p>&nbsp;<\/p>\n<p>&nbsp;<\/p>\n<p>&nbsp;<\/p>\n<p>&nbsp;<\/p>\n<p>&nbsp;<\/p>\n<p>&nbsp;<\/p>\n<h4>Der KulturPodcast wird unterst\u00fctzt von<\/h4>\n\n\t\t<style type=\"text\/css\">\n\t\t\t#gallery-1 {\n\t\t\t\tmargin: auto;\n\t\t\t}\n\t\t\t#gallery-1 .gallery-item {\n\t\t\t\tfloat: left;\n\t\t\t\tmargin-top: 10px;\n\t\t\t\ttext-align: center;\n\t\t\t\twidth: 33%;\n\t\t\t}\n\t\t\t#gallery-1 img {\n\t\t\t\tborder: 2px solid #cfcfcf;\n\t\t\t}\n\t\t\t#gallery-1 .gallery-caption {\n\t\t\t\tmargin-left: 0;\n\t\t\t}\n\t\t\t\/* see gallery_shortcode() in wp-includes\/media.php *\/\n\t\t<\/style>\n\t\t<div id='gallery-1' class='gallery galleryid-14783 gallery-columns-3 gallery-size-medium'><dl class='gallery-item'>\n\t\t\t<dt class='gallery-icon landscape'>\n\t\t\t\t<a href=\"https:\/\/radiosummernight.ch\/fr\/viva-la-musica-erzaehlnacht-aus-der-bibliothek-rueti\/design-ohne-titel-4-4\/\"><img loading=\"lazy\" decoding=\"async\" width=\"300\" height=\"150\" src=\"https:\/\/radiosummernight.ch\/upload\/2023\/01\/Design-ohne-Titel-4-300x150.png\" class=\"attachment-medium size-medium\" alt=\"Unterst\u00fctzt durch Rapperswil - Jona\" srcset=\"https:\/\/radiosummernight.ch\/upload\/2023\/01\/Design-ohne-Titel-4-300x150.png 300w, https:\/\/radiosummernight.ch\/upload\/2023\/01\/Design-ohne-Titel-4-600x300.png 600w, https:\/\/radiosummernight.ch\/upload\/2023\/01\/Design-ohne-Titel-4-768x384.png 768w, https:\/\/radiosummernight.ch\/upload\/2023\/01\/Design-ohne-Titel-4.png 1000w\" sizes=\"auto, (max-width: 300px) 100vw, 300px\" title=\"\"><\/a>\n\t\t\t<\/dt><\/dl><dl class='gallery-item'>\n\t\t\t<dt class='gallery-icon landscape'>\n\t\t\t\t<a href=\"https:\/\/radiosummernight.ch\/fr\/download-10\/\"><img loading=\"lazy\" decoding=\"async\" width=\"300\" height=\"101\" src=\"https:\/\/radiosummernight.ch\/upload\/Download-3-300x101.png\" class=\"attachment-medium size-medium\" alt=\"\" srcset=\"https:\/\/radiosummernight.ch\/upload\/Download-3-300x101.png 300w, https:\/\/radiosummernight.ch\/upload\/Download-3.png 386w\" sizes=\"auto, (max-width: 300px) 100vw, 300px\" title=\"\"><\/a>\n\t\t\t<\/dt><\/dl><dl class='gallery-item'>\n\t\t\t<dt class='gallery-icon landscape'>\n\t\t\t\t<a href=\"https:\/\/radiosummernight.ch\/fr\/bfd564ff-feb3-4cfd-a534-8144256a0542\/\"><img loading=\"lazy\" decoding=\"async\" width=\"300\" height=\"89\" src=\"https:\/\/radiosummernight.ch\/upload\/BFD564FF-FEB3-4CFD-A534-8144256A0542-300x89.png\" class=\"attachment-medium size-medium\" alt=\"\" srcset=\"https:\/\/radiosummernight.ch\/upload\/BFD564FF-FEB3-4CFD-A534-8144256A0542-300x89.png 300w, https:\/\/radiosummernight.ch\/upload\/BFD564FF-FEB3-4CFD-A534-8144256A0542-1024x304.png 1024w, https:\/\/radiosummernight.ch\/upload\/BFD564FF-FEB3-4CFD-A534-8144256A0542-768x228.png 768w, https:\/\/radiosummernight.ch\/upload\/BFD564FF-FEB3-4CFD-A534-8144256A0542-1536x456.png 1536w, https:\/\/radiosummernight.ch\/upload\/BFD564FF-FEB3-4CFD-A534-8144256A0542-2048x607.png 2048w, https:\/\/radiosummernight.ch\/upload\/BFD564FF-FEB3-4CFD-A534-8144256A0542-1200x356.png 1200w, https:\/\/radiosummernight.ch\/upload\/BFD564FF-FEB3-4CFD-A534-8144256A0542-1920x569.png 1920w, https:\/\/radiosummernight.ch\/upload\/BFD564FF-FEB3-4CFD-A534-8144256A0542-600x178.png 600w\" sizes=\"auto, (max-width: 300px) 100vw, 300px\" title=\"\"><\/a>\n\t\t\t<\/dt><\/dl><br style=\"clear: both\" \/>\n\t\t<\/div>\n\n<p>&nbsp;<\/p>\n<p>&nbsp;<\/p>\n<p>&nbsp;<\/p>\n<p>&nbsp;<\/p>\n<p>&nbsp;<\/p>\n<p>&nbsp;<\/p>\n","protected":false},"excerpt":{"rendered":"<p>&nbsp; In einer idyllischen Ecke des Linthgebiets, genauer gesagt in Kaltbrunn, hat sich eine bemerkenswerte Verwandlung ereignet. Urspr\u00fcnglich war hier das traditionelle Dorfmuseum angesiedelt, das jedoch mit seinen wechselnden Sonderausstellungen nicht das gew\u00fcnschte Stammpublikum erreichte. Nach vielen konstruktiven Diskussionen, Abenden des Austauschs und Verhandlungen kristallisierte sich eine klare Ausrichtung heraus \u2013 das Geb\u00e4ude sollte als&hellip; <br \/> <a class=\"read-more\" href=\"https:\/\/radiosummernight.ch\/fr\/bruecke-der-kulturen-reisebuero-linth-laedt-zur-integrationsreise-ein\/\">Read more<\/a><\/p>","protected":false},"author":86,"featured_media":14789,"comment_status":"closed","ping_status":"closed","sticky":false,"template":"","format":"standard","meta":{"episode_type":"audio","audio_file":"https:\/\/radiosummernight.ch\/upload\/Rundgang.mp3","podmotor_file_id":"","podmotor_episode_id":"","cover_image":"https:\/\/radiosummernight.ch\/upload\/2023\/07\/Kultur.png","cover_image_id":"14022","duration":"35:56","filesize":"31.94M","filesize_raw":"33490992","date_recorded":"2023-08-11 11:49:17","explicit":"","block":"","itunes_episode_number":"","itunes_title":"","itunes_season_number":"","itunes_episode_type":"","footnotes":""},"categories":[588,590,591,186],"tags":[],"series":[468],"class_list":["post-14783","post","type-post","status-publish","format-standard","has-post-thumbnail","hentry","category-redaktionell","category-kanton-zuerich","category-kultur","category-news","series-kulturpodcast"],"episode_featured_image":"https:\/\/radiosummernight.ch\/upload\/Kopie-von-Kopie-von-Artikel-Bild-radiosummernight.ch-7.png","episode_player_image":"https:\/\/radiosummernight.ch\/upload\/2023\/07\/Kultur.png","download_link":"https:\/\/radiosummernight.ch\/podcast-download\/14783\/bruecke-der-kulturen-reisebuero-linth-laedt-zur-integrationsreise-ein.mp3","player_link":"https:\/\/radiosummernight.ch\/podcast-player\/14783\/bruecke-der-kulturen-reisebuero-linth-laedt-zur-integrationsreise-ein.mp3","audio_player":"<audio class=\"wp-audio-shortcode\" id=\"audio-14783-1\" preload=\"none\" style=\"width: 100%;\" controls=\"controls\"><source type=\"audio\/mpeg\" src=\"https:\/\/radiosummernight.ch\/podcast-player\/14783\/bruecke-der-kulturen-reisebuero-linth-laedt-zur-integrationsreise-ein.mp3?_=1\" \/><a href=\"https:\/\/radiosummernight.ch\/podcast-player\/14783\/bruecke-der-kulturen-reisebuero-linth-laedt-zur-integrationsreise-ein.mp3\">https:\/\/radiosummernight.ch\/podcast-player\/14783\/bruecke-der-kulturen-reisebuero-linth-laedt-zur-integrationsreise-ein.mp3<\/a><\/audio>","episode_data":{"playerMode":"light","subscribeUrls":{"apple_podcasts":{"key":"apple_podcasts","url":"https:\/\/podcasts.apple.com\/ch\/podcast\/rsn-kulturpodcast\/id1696075307","label":"Apple Podcasts","class":"apple_podcasts","icon":"apple-podcasts.png"},"deezer":{"key":"deezer","url":"https:\/\/deezer.page.link\/2qMadQuzuk1ezrC2A","label":"Deezer","class":"deezer","icon":"deezer.png"},"google_podcasts":{"key":"google_podcasts","url":"","label":"Google Podcasts","class":"google_podcasts","icon":"google-podcasts.png"},"podcast_de":{"key":"podcast_de","url":"https:\/\/www.podcast.de\/podcast\/3281588\/rsn-kulturpodcast","label":"Podcast.de","class":"podcast_de","icon":"podcast-de.png"},"spotify":{"key":"spotify","url":"https:\/\/open.spotify.com\/show\/2eoIkX2Rk162wcpyBB0L8H?si=2d1a887238bf41c5","label":"Spotify","class":"spotify","icon":"spotify.png"},"itunes":{"key":"itunes","url":"","label":"iTunes","class":"itunes","icon":"itunes.png"},"mytuner_radio":{"key":"mytuner_radio","url":"","label":"myTuner Radio","class":"mytuner_radio","icon":"mytuner-radio.png"}},"rssFeedUrl":"https:\/\/radiosummernight.ch\/fr\/feed\/podcast\/kulturpodcast","embedCode":"<blockquote class=\"wp-embedded-content\" data-secret=\"liYTgQf2ok\"><a href=\"https:\/\/radiosummernight.ch\/fr\/bruecke-der-kulturen-reisebuero-linth-laedt-zur-integrationsreise-ein\/\">Br\u00fccke der Kulturen: Reiseb\u00fcro Linth l\u00e4dt zur Integrationsreise ein<\/a><\/blockquote><iframe sandbox=\"allow-scripts\" security=\"restricted\" src=\"https:\/\/radiosummernight.ch\/fr\/bruecke-der-kulturen-reisebuero-linth-laedt-zur-integrationsreise-ein\/embed\/#?secret=liYTgQf2ok\" width=\"500\" height=\"350\" title=\"\u00ab\u00a0Br\u00fccke der Kulturen: Reiseb\u00fcro Linth l\u00e4dt zur Integrationsreise ein\u00a0\u00bb &#8212; Radio Summernight\" data-secret=\"liYTgQf2ok\" frameborder=\"0\" marginwidth=\"0\" marginheight=\"0\" scrolling=\"no\" class=\"wp-embedded-content\"><\/iframe><script type=\"text\/javascript\">\n\/* <![CDATA[ *\/\n\/*! This file is auto-generated *\/\n!function(d,l){\"use strict\";l.querySelector&&d.addEventListener&&\"undefined\"!=typeof URL&&(d.wp=d.wp||{},d.wp.receiveEmbedMessage||(d.wp.receiveEmbedMessage=function(e){var t=e.data;if((t||t.secret||t.message||t.value)&&!\/[^a-zA-Z0-9]\/.test(t.secret)){for(var s,r,n,a=l.querySelectorAll('iframe[data-secret=\"'+t.secret+'\"]'),o=l.querySelectorAll('blockquote[data-secret=\"'+t.secret+'\"]'),c=new RegExp(\"^https?:$\",\"i\"),i=0;i<o.length;i++)o[i].style.display=\"none\";for(i=0;i<a.length;i++)s=a[i],e.source===s.contentWindow&&(s.removeAttribute(\"style\"),\"height\"===t.message?(1e3<(r=parseInt(t.value,10))?r=1e3:~~r<200&&(r=200),s.height=r):\"link\"===t.message&&(r=new URL(s.getAttribute(\"src\")),n=new URL(t.value),c.test(n.protocol))&&n.host===r.host&&l.activeElement===s&&(d.top.location.href=t.value))}},d.addEventListener(\"message\",d.wp.receiveEmbedMessage,!1),l.addEventListener(\"DOMContentLoaded\",function(){for(var e,t,s=l.querySelectorAll(\"iframe.wp-embedded-content\"),r=0;r<s.length;r++)(t=(e=s[r]).getAttribute(\"data-secret\"))||(t=Math.random().toString(36).substring(2,12),e.src+=\"#?secret=\"+t,e.setAttribute(\"data-secret\",t)),e.contentWindow.postMessage({message:\"ready\",secret:t},\"*\")},!1)))}(window,document);\n\/\/# sourceURL=https:\/\/radiosummernight.ch\/includes\/js\/wp-embed.min.js\n\/* ]]> *\/\n<\/script>\n"},"_links":{"self":[{"href":"https:\/\/radiosummernight.ch\/fr\/wp-json\/wp\/v2\/posts\/14783","targetHints":{"allow":["GET"]}}],"collection":[{"href":"https:\/\/radiosummernight.ch\/fr\/wp-json\/wp\/v2\/posts"}],"about":[{"href":"https:\/\/radiosummernight.ch\/fr\/wp-json\/wp\/v2\/types\/post"}],"author":[{"embeddable":true,"href":"https:\/\/radiosummernight.ch\/fr\/wp-json\/wp\/v2\/users\/86"}],"replies":[{"embeddable":true,"href":"https:\/\/radiosummernight.ch\/fr\/wp-json\/wp\/v2\/comments?post=14783"}],"version-history":[{"count":0,"href":"https:\/\/radiosummernight.ch\/fr\/wp-json\/wp\/v2\/posts\/14783\/revisions"}],"wp:featuredmedia":[{"embeddable":true,"href":"https:\/\/radiosummernight.ch\/fr\/wp-json\/wp\/v2\/media\/14789"}],"wp:attachment":[{"href":"https:\/\/radiosummernight.ch\/fr\/wp-json\/wp\/v2\/media?parent=14783"}],"wp:term":[{"taxonomy":"category","embeddable":true,"href":"https:\/\/radiosummernight.ch\/fr\/wp-json\/wp\/v2\/categories?post=14783"},{"taxonomy":"post_tag","embeddable":true,"href":"https:\/\/radiosummernight.ch\/fr\/wp-json\/wp\/v2\/tags?post=14783"},{"taxonomy":"series","embeddable":true,"href":"https:\/\/radiosummernight.ch\/fr\/wp-json\/wp\/v2\/series?post=14783"}],"curies":[{"name":"wp","href":"https:\/\/api.w.org\/{rel}","templated":true}]}}