{"id":14819,"date":"2023-08-10T16:24:27","date_gmt":"2023-08-10T14:24:27","guid":{"rendered":"https:\/\/radiosummernight.ch\/?p=14819"},"modified":"2023-08-10T15:26:26","modified_gmt":"2023-08-10T13:26:26","slug":"die-chancen-und-gefahren-sozialer-medien-ein-blick-auf-privatsphaere-desinformation-und-cybermobbing","status":"publish","type":"post","link":"https:\/\/radiosummernight.ch\/fr\/die-chancen-und-gefahren-sozialer-medien-ein-blick-auf-privatsphaere-desinformation-und-cybermobbing\/","title":{"rendered":"Die Chancen und Gefahren sozialer Medien: Ein Blick auf Privatsph\u00e4re, Desinformation und Cybermobbing"},"content":{"rendered":"<p>Soziale Medien haben zweifellos unser Leben und die Art und Weise, wie wir miteinander kommunizieren, revolutioniert. Sie erm\u00f6glichen es uns, mit Freunden und Familie auf der ganzen Welt in Verbindung zu bleiben, Informationen zu teilen, Meinungen auszutauschen und Einblicke in das Leben anderer zu erhalten. Diese Plattformen bieten unbestreitbare Vorteile, aber sie bergen auch eine Reihe von Gefahren, die es zu beachten gilt.<\/p>\n<p>Eine der offensichtlichsten Gefahren von sozialen Medien ist die Privatsph\u00e4re. Oftmals teilen Menschen unbedacht pers\u00f6nliche Informationen, Fotos und Standorte, ohne sich \u00fcber die m\u00f6glichen Konsequenzen im Klaren zu sein. Diese Daten k\u00f6nnen von b\u00f6swilligen Akteuren missbraucht werden, sei es f\u00fcr Identit\u00e4tsdiebstahl, Betrug oder Stalking.<\/p>\n<p>Ein weiteres Problem ist die Verbreitung von Fehlinformationen und Fake News. In sozialen Medien verbreiten sich Ger\u00fcchte und falsche Informationen oft schneller als korrekte Fakten. Dies kann zu Desinformation f\u00fchren, die nicht nur individuelle Entscheidungen beeinflusst, sondern auch gesellschaftliche Auswirkungen hat. Es ist wichtig, kritisch zu denken und Informationen aus vertrauensw\u00fcrdigen Quellen zu \u00fcberpr\u00fcfen.<\/p>\n<p>Cybermobbing ist ein weiteres ernsthaftes Problem, das in sozialen Medien auftritt. Menschen k\u00f6nnen beleidigt, bel\u00e4stigt und bedroht werden, oft unter dem Schutz der Anonymit\u00e4t des Internets. Dies kann schwerwiegende psychische und emotionale Sch\u00e4den verursachen und in einigen F\u00e4llen tragische Konsequenzen haben.<\/p>\n<p>Die Suchtgefahr ist ebenfalls ein Faktor, der nicht untersch\u00e4tzt werden sollte. Viele Menschen verbringen Stunden damit, ihre Feeds zu durchscrollen, Likes zu sammeln und sich mit anderen zu vergleichen. Dies kann zu einer negativen Auswirkung auf das Selbstwertgef\u00fchl und die Lebenszufriedenheit f\u00fchren. Es ist wichtig, ein gesundes Ma\u00df an Nutzung zu finden und regelm\u00e4\u00dfige Pausen einzulegen.<\/p>\n<p>Schlie\u00dflich sollten wir die Auswirkungen von sozialen Medien auf unsere zwischenmenschlichen Beziehungen nicht \u00fcbersehen. Der pers\u00f6nliche Kontakt kann in den Hintergrund treten, wenn wir uns mehr auf virtuelle Interaktionen konzentrieren. Es ist wichtig, ein Gleichgewicht zu finden und echte Beziehungen nicht zu vernachl\u00e4ssigen.<\/p>\n<p>Insgesamt sind soziale Medien m\u00e4chtige Werkzeuge, die mit Vorsicht und Achtsamkeit genutzt werden sollten. Indem wir uns der potenziellen Gefahren bewusst sind und verantwortungsbewusst handeln, k\u00f6nnen wir die positiven Aspekte von sozialen Medien nutzen, ohne uns unn\u00f6tigen Risiken auszusetzen.<\/p>","protected":false},"excerpt":{"rendered":"<p>Soziale Medien haben zweifellos unser Leben und die Art und Weise, wie wir miteinander kommunizieren, revolutioniert. Sie erm\u00f6glichen es uns, mit Freunden und Familie auf der ganzen Welt in Verbindung zu bleiben, Informationen zu teilen, Meinungen auszutauschen und Einblicke in das Leben anderer zu erhalten. Diese Plattformen bieten unbestreitbare Vorteile, aber sie bergen auch eine&hellip; <br \/> <a class=\"read-more\" href=\"https:\/\/radiosummernight.ch\/fr\/die-chancen-und-gefahren-sozialer-medien-ein-blick-auf-privatsphaere-desinformation-und-cybermobbing\/\">Read more<\/a><\/p>","protected":false},"author":1,"featured_media":0,"comment_status":"closed","ping_status":"closed","sticky":false,"template":"","format":"standard","meta":{"episode_type":"audio","audio_file":"https:\/\/radiosummernight.ch\/upload\/Radiobeitrag-Socialmedia.mp3","podmotor_file_id":"","podmotor_episode_id":"","cover_image":"","cover_image_id":"","duration":"3:47","filesize":"2.79M","filesize_raw":"2926616","date_recorded":"2023-08-10 16:24:27","explicit":"","block":"","itunes_episode_number":"","itunes_title":"","itunes_season_number":"","itunes_episode_type":"","footnotes":""},"categories":[186],"tags":[],"series":[1573],"class_list":["post-14819","post","type-post","status-publish","format-standard","hentry","category-news","series-radio-summernight"],"episode_featured_image":false,"episode_player_image":"https:\/\/radiosummernight.ch\/upload\/2021\/03\/Logo-RSN-Schwarz-300x300-Green.png","download_link":"https:\/\/radiosummernight.ch\/podcast-download\/14819\/die-chancen-und-gefahren-sozialer-medien-ein-blick-auf-privatsphaere-desinformation-und-cybermobbing.mp3","player_link":"https:\/\/radiosummernight.ch\/podcast-player\/14819\/die-chancen-und-gefahren-sozialer-medien-ein-blick-auf-privatsphaere-desinformation-und-cybermobbing.mp3","audio_player":"<audio class=\"wp-audio-shortcode\" id=\"audio-14819-1\" preload=\"none\" style=\"width: 100%;\" controls=\"controls\"><source type=\"audio\/mpeg\" src=\"https:\/\/radiosummernight.ch\/podcast-player\/14819\/die-chancen-und-gefahren-sozialer-medien-ein-blick-auf-privatsphaere-desinformation-und-cybermobbing.mp3?_=1\" \/><a href=\"https:\/\/radiosummernight.ch\/podcast-player\/14819\/die-chancen-und-gefahren-sozialer-medien-ein-blick-auf-privatsphaere-desinformation-und-cybermobbing.mp3\">https:\/\/radiosummernight.ch\/podcast-player\/14819\/die-chancen-und-gefahren-sozialer-medien-ein-blick-auf-privatsphaere-desinformation-und-cybermobbing.mp3<\/a><\/audio>","episode_data":{"playerMode":"light","subscribeUrls":{"apple_podcasts":{"key":"apple_podcasts","url":"https:\/\/podcasts.apple.com\/us\/podcast\/radio-summernight\/id1647787397?%20uo=4&itsct=podtail_podcasts&itscg=30200&ls=1&at=1001l39ag&ct=deutschepodcasts.de","label":"Apple Podcasts","class":"apple_podcasts","icon":"apple-podcasts.png"},"deezer":{"key":"deezer","url":"https:\/\/deezer.page.link\/NKiaDgyHm5ekBXsE7","label":"Deezer","class":"deezer","icon":"deezer.png"},"google_podcasts":{"key":"google_podcasts","url":"https:\/\/podcasts.google.com\/feed\/aHR0cHM6Ly9yYWRpb3N1bW1lcm5pZ2h0LmNoL2ZlZWQvcG9kY2FzdA?%20sa=X&ved=0CAMQ4aUDahcKEwj4gc2i0oP8AhUAAAAAHQAAAAAQAQ&hl=de-CH","label":"Google Podcasts","class":"google_podcasts","icon":"google-podcasts.png"},"podcast_de":{"key":"podcast_de","url":"https:\/\/www.podcast.de\/podcast\/3070299\/radio-summernight","label":"Podcast.de","class":"podcast_de","icon":"podcast-de.png"},"spotify":{"key":"spotify","url":"https:\/\/open.spotify.com\/show\/4DnvrNRnOIGTWoVH4yoIpC","label":"Spotify","class":"spotify","icon":"spotify.png"},"itunes":{"key":"itunes","url":"","label":"iTunes","class":"itunes","icon":"itunes.png"},"mytuner_radio":{"key":"mytuner_radio","url":"","label":"myTuner Radio","class":"mytuner_radio","icon":"mytuner-radio.png"}},"rssFeedUrl":"https:\/\/radiosummernight.ch\/fr\/feed\/podcast\/radio-summernight","embedCode":"<blockquote class=\"wp-embedded-content\" data-secret=\"iPXWanyUsh\"><a href=\"https:\/\/radiosummernight.ch\/fr\/die-chancen-und-gefahren-sozialer-medien-ein-blick-auf-privatsphaere-desinformation-und-cybermobbing\/\">Die Chancen und Gefahren sozialer Medien: Ein Blick auf Privatsph\u00e4re, Desinformation und Cybermobbing<\/a><\/blockquote><iframe sandbox=\"allow-scripts\" security=\"restricted\" src=\"https:\/\/radiosummernight.ch\/fr\/die-chancen-und-gefahren-sozialer-medien-ein-blick-auf-privatsphaere-desinformation-und-cybermobbing\/embed\/#?secret=iPXWanyUsh\" width=\"500\" height=\"350\" title=\"\u00ab\u00a0Die Chancen und Gefahren sozialer Medien: Ein Blick auf Privatsph\u00e4re, Desinformation und Cybermobbing\u00a0\u00bb &#8212; Radio Summernight\" data-secret=\"iPXWanyUsh\" frameborder=\"0\" marginwidth=\"0\" marginheight=\"0\" scrolling=\"no\" class=\"wp-embedded-content\"><\/iframe><script type=\"text\/javascript\">\n\/* <![CDATA[ *\/\n\/*! This file is auto-generated *\/\n!function(d,l){\"use strict\";l.querySelector&&d.addEventListener&&\"undefined\"!=typeof URL&&(d.wp=d.wp||{},d.wp.receiveEmbedMessage||(d.wp.receiveEmbedMessage=function(e){var t=e.data;if((t||t.secret||t.message||t.value)&&!\/[^a-zA-Z0-9]\/.test(t.secret)){for(var s,r,n,a=l.querySelectorAll('iframe[data-secret=\"'+t.secret+'\"]'),o=l.querySelectorAll('blockquote[data-secret=\"'+t.secret+'\"]'),c=new RegExp(\"^https?:$\",\"i\"),i=0;i<o.length;i++)o[i].style.display=\"none\";for(i=0;i<a.length;i++)s=a[i],e.source===s.contentWindow&&(s.removeAttribute(\"style\"),\"height\"===t.message?(1e3<(r=parseInt(t.value,10))?r=1e3:~~r<200&&(r=200),s.height=r):\"link\"===t.message&&(r=new URL(s.getAttribute(\"src\")),n=new URL(t.value),c.test(n.protocol))&&n.host===r.host&&l.activeElement===s&&(d.top.location.href=t.value))}},d.addEventListener(\"message\",d.wp.receiveEmbedMessage,!1),l.addEventListener(\"DOMContentLoaded\",function(){for(var e,t,s=l.querySelectorAll(\"iframe.wp-embedded-content\"),r=0;r<s.length;r++)(t=(e=s[r]).getAttribute(\"data-secret\"))||(t=Math.random().toString(36).substring(2,12),e.src+=\"#?secret=\"+t,e.setAttribute(\"data-secret\",t)),e.contentWindow.postMessage({message:\"ready\",secret:t},\"*\")},!1)))}(window,document);\n\/\/# sourceURL=https:\/\/radiosummernight.ch\/includes\/js\/wp-embed.min.js\n\/* ]]> *\/\n<\/script>\n"},"_links":{"self":[{"href":"https:\/\/radiosummernight.ch\/fr\/wp-json\/wp\/v2\/posts\/14819","targetHints":{"allow":["GET"]}}],"collection":[{"href":"https:\/\/radiosummernight.ch\/fr\/wp-json\/wp\/v2\/posts"}],"about":[{"href":"https:\/\/radiosummernight.ch\/fr\/wp-json\/wp\/v2\/types\/post"}],"author":[{"embeddable":true,"href":"https:\/\/radiosummernight.ch\/fr\/wp-json\/wp\/v2\/users\/1"}],"replies":[{"embeddable":true,"href":"https:\/\/radiosummernight.ch\/fr\/wp-json\/wp\/v2\/comments?post=14819"}],"version-history":[{"count":0,"href":"https:\/\/radiosummernight.ch\/fr\/wp-json\/wp\/v2\/posts\/14819\/revisions"}],"wp:attachment":[{"href":"https:\/\/radiosummernight.ch\/fr\/wp-json\/wp\/v2\/media?parent=14819"}],"wp:term":[{"taxonomy":"category","embeddable":true,"href":"https:\/\/radiosummernight.ch\/fr\/wp-json\/wp\/v2\/categories?post=14819"},{"taxonomy":"post_tag","embeddable":true,"href":"https:\/\/radiosummernight.ch\/fr\/wp-json\/wp\/v2\/tags?post=14819"},{"taxonomy":"series","embeddable":true,"href":"https:\/\/radiosummernight.ch\/fr\/wp-json\/wp\/v2\/series?post=14819"}],"curies":[{"name":"wp","href":"https:\/\/api.w.org\/{rel}","templated":true}]}}