{"id":14934,"date":"2023-08-17T17:41:12","date_gmt":"2023-08-17T15:41:12","guid":{"rendered":"https:\/\/radiosummernight.ch\/?p=14934"},"modified":"2024-01-18T07:52:09","modified_gmt":"2024-01-18T06:52:09","slug":"die-dringlichkeit-des-klimawandels-herausforderungen-und-handlungsbedarf-im-21-jahrhundert","status":"publish","type":"post","link":"https:\/\/radiosummernight.ch\/fr\/die-dringlichkeit-des-klimawandels-herausforderungen-und-handlungsbedarf-im-21-jahrhundert\/","title":{"rendered":"Die Dringlichkeit des Klimawandels: Herausforderungen und Handlungsbedarf im 21. Jahrhundert"},"content":{"rendered":"<p>In unserem Radiobeitrag\u00a0 geht es um den Klimawandel und die Notwendigkeit, ihn ernst zu nehmen. Wir haben Fakten gesammelt und zusammengetragen, die Fakten weiter unten als Radiosendung &#8220;zum nachh\u00f6ren.<\/p>\n<p>&nbsp;<\/p>\n<p>Der Klimawandel ist ein globales Ph\u00e4nomen, das in den letzten Jahrzehnten zunehmend an Bedeutung gewonnen hat. Er beschreibt die langfristige Ver\u00e4nderung der Durchschnittstemperaturen auf der Erde, die haupts\u00e4chlich auf menschliche Aktivit\u00e4ten zur\u00fcckzuf\u00fchren ist. Insbesondere die Verbrennung fossiler Brennstoffe wie Kohle, \u00d6l und Gas sowie die Entwaldung haben dazu gef\u00fchrt, dass die Konzentration von Treibhausgasen in der Atmosph\u00e4re, wie Kohlendioxid (CO2) und Methan (CH4), drastisch zugenommen hat.<\/p>\n<p>Die Auswirkungen des Klimawandels sind bereits heute sp\u00fcrbar und vielf\u00e4ltig. Zu den offensichtlichen Folgen z\u00e4hlen h\u00e4ufigere und intensivere Hitzewellen, D\u00fcrren und extremere Niederschl\u00e4ge. Diese Ereignisse k\u00f6nnen zu Ernteausf\u00e4llen, Wasserknappheit und erh\u00f6hten Risiken f\u00fcr Waldbr\u00e4nde f\u00fchren. Eisschilde schmelzen in den Polargebieten und treiben den Anstieg des Meeresspiegels voran, was K\u00fcstengemeinden und tiefliegende Regionen gef\u00e4hrdet.<\/p>\n<p>Nicht nur die Umwelt ist betroffen, sondern auch \u00d6kosysteme und Artenvielfalt leiden. Viele Tiere und Pflanzen haben Schwierigkeiten, sich an die schnell ver\u00e4ndernden Bedingungen anzupassen. Korallenriffe, die als &#8220;Regenw\u00e4lder der Meere&#8221; gelten, sind durch die Erw\u00e4rmung der Ozeane und die Versauerung bedroht. Dies hat nicht nur \u00f6kologische Auswirkungen, sondern beeintr\u00e4chtigt auch Fischerei und Tourismus, die von diesen Riffen abh\u00e4ngen.<\/p>\n<p>Um die schlimmsten Auswirkungen des Klimawandels zu verhindern, sind dringende Massnahmen auf globaler Ebene erforderlich. Nationen m\u00fcssen ihre Bem\u00fchungen verst\u00e4rken, Treibhausgasemissionen zu reduzieren, erneuerbare Energiequellen zu f\u00f6rdern und nachhaltige Landnutzungspraktiken zu unterst\u00fctzen. Das Pariser Abkommen von 2015, bei dem sich viele L\u00e4nder verpflichtet haben, die Erderw\u00e4rmung auf deutlich unter 2 Grad Celsius \u00fcber vorindustriellem Niveau zu begrenzen, ist ein wichtiger Schritt in diese Richtung.<\/p>\n<p>Die Bek\u00e4mpfung des Klimawandels erfordert jedoch nicht nur politische Massnahmen, sondern auch ein Umdenken in der Gesellschaft. Individuelle Handlungen, wie Energieeinsparung, umweltfreundliche Mobilit\u00e4t und bewusster Konsum, k\u00f6nnen ebenfalls dazu beitragen, den \u00f6kologischen Fussabdruck zu verringern.<\/p>\n<p>Insgesamt erfordert der Klimawandel eine koordinierte, weltweite Anstrengung, um die negativen Auswirkungen zu minimieren und eine lebenswerte Zukunft f\u00fcr kommende Generationen zu sichern.<\/p>","protected":false},"excerpt":{"rendered":"<p>In unserem Radiobeitrag\u00a0 geht es um den Klimawandel und die Notwendigkeit, ihn ernst zu nehmen. Wir haben Fakten gesammelt und zusammengetragen, die Fakten weiter unten als Radiosendung &#8220;zum nachh\u00f6ren. &nbsp; Der Klimawandel ist ein globales Ph\u00e4nomen, das in den letzten Jahrzehnten zunehmend an Bedeutung gewonnen hat. Er beschreibt die langfristige Ver\u00e4nderung der Durchschnittstemperaturen auf der&hellip; <br \/> <a class=\"read-more\" href=\"https:\/\/radiosummernight.ch\/fr\/die-dringlichkeit-des-klimawandels-herausforderungen-und-handlungsbedarf-im-21-jahrhundert\/\">Read more<\/a><\/p>","protected":false},"author":51,"featured_media":14952,"comment_status":"closed","ping_status":"closed","sticky":false,"template":"","format":"standard","meta":{"episode_type":"audio","audio_file":"https:\/\/radiosummernight.ch\/upload\/Radiobeitrag-Mona.mp3","podmotor_file_id":"","podmotor_episode_id":"","cover_image":"","cover_image_id":"","duration":"1:43","filesize":"1.31M","filesize_raw":"1369069","date_recorded":"2023-08-17 17:41:12","explicit":"","block":"","itunes_episode_number":"","itunes_title":"","itunes_season_number":"","itunes_episode_type":"","footnotes":""},"categories":[186,719],"tags":[],"series":[815],"class_list":["post-14934","post","type-post","status-publish","format-standard","has-post-thumbnail","hentry","category-news","category-news-kurse","series-rsn-podcast-workshop"],"episode_featured_image":"https:\/\/radiosummernight.ch\/upload\/Kopie-von-Kopie-von-Kopie-von-Artikel-Bild-radiosummernight.ch_-1.png","episode_player_image":"https:\/\/radiosummernight.ch\/upload\/Kopie-von-Cover-Tierschutz-Podcast.png","download_link":"https:\/\/radiosummernight.ch\/podcast-download\/14934\/die-dringlichkeit-des-klimawandels-herausforderungen-und-handlungsbedarf-im-21-jahrhundert.mp3","player_link":"https:\/\/radiosummernight.ch\/podcast-player\/14934\/die-dringlichkeit-des-klimawandels-herausforderungen-und-handlungsbedarf-im-21-jahrhundert.mp3","audio_player":"<audio class=\"wp-audio-shortcode\" id=\"audio-14934-1\" preload=\"none\" style=\"width: 100%;\" controls=\"controls\"><source type=\"audio\/mpeg\" src=\"https:\/\/radiosummernight.ch\/podcast-player\/14934\/die-dringlichkeit-des-klimawandels-herausforderungen-und-handlungsbedarf-im-21-jahrhundert.mp3?_=1\" \/><a href=\"https:\/\/radiosummernight.ch\/podcast-player\/14934\/die-dringlichkeit-des-klimawandels-herausforderungen-und-handlungsbedarf-im-21-jahrhundert.mp3\">https:\/\/radiosummernight.ch\/podcast-player\/14934\/die-dringlichkeit-des-klimawandels-herausforderungen-und-handlungsbedarf-im-21-jahrhundert.mp3<\/a><\/audio>","episode_data":{"playerMode":"light","subscribeUrls":{"apple_podcasts":{"key":"apple_podcasts","url":"","label":"Apple Podcasts","class":"apple_podcasts","icon":"apple-podcasts.png"},"deezer":{"key":"deezer","url":"","label":"Deezer","class":"deezer","icon":"deezer.png"},"google_podcasts":{"key":"google_podcasts","url":"","label":"Google Podcasts","class":"google_podcasts","icon":"google-podcasts.png"},"podcast_de":{"key":"podcast_de","url":"","label":"Podcast.de","class":"podcast_de","icon":"podcast-de.png"},"spotify":{"key":"spotify","url":"","label":"Spotify","class":"spotify","icon":"spotify.png"},"itunes":{"key":"itunes","url":"","label":"iTunes","class":"itunes","icon":"itunes.png"},"mytuner_radio":{"key":"mytuner_radio","url":"","label":"myTuner Radio","class":"mytuner_radio","icon":"mytuner-radio.png"}},"rssFeedUrl":"https:\/\/radiosummernight.ch\/fr\/feed\/podcast\/rsn-podcast-workshop","embedCode":"<blockquote class=\"wp-embedded-content\" data-secret=\"xBY43mvrjp\"><a href=\"https:\/\/radiosummernight.ch\/fr\/die-dringlichkeit-des-klimawandels-herausforderungen-und-handlungsbedarf-im-21-jahrhundert\/\">Die Dringlichkeit des Klimawandels: Herausforderungen und Handlungsbedarf im 21. Jahrhundert<\/a><\/blockquote><iframe sandbox=\"allow-scripts\" security=\"restricted\" src=\"https:\/\/radiosummernight.ch\/fr\/die-dringlichkeit-des-klimawandels-herausforderungen-und-handlungsbedarf-im-21-jahrhundert\/embed\/#?secret=xBY43mvrjp\" width=\"500\" height=\"350\" title=\"\u00ab\u00a0Die Dringlichkeit des Klimawandels: Herausforderungen und Handlungsbedarf im 21. Jahrhundert\u00a0\u00bb &#8212; Radio Summernight\" data-secret=\"xBY43mvrjp\" frameborder=\"0\" marginwidth=\"0\" marginheight=\"0\" scrolling=\"no\" class=\"wp-embedded-content\"><\/iframe><script type=\"text\/javascript\">\n\/* <![CDATA[ *\/\n\/*! This file is auto-generated *\/\n!function(d,l){\"use strict\";l.querySelector&&d.addEventListener&&\"undefined\"!=typeof URL&&(d.wp=d.wp||{},d.wp.receiveEmbedMessage||(d.wp.receiveEmbedMessage=function(e){var t=e.data;if((t||t.secret||t.message||t.value)&&!\/[^a-zA-Z0-9]\/.test(t.secret)){for(var s,r,n,a=l.querySelectorAll('iframe[data-secret=\"'+t.secret+'\"]'),o=l.querySelectorAll('blockquote[data-secret=\"'+t.secret+'\"]'),c=new RegExp(\"^https?:$\",\"i\"),i=0;i<o.length;i++)o[i].style.display=\"none\";for(i=0;i<a.length;i++)s=a[i],e.source===s.contentWindow&&(s.removeAttribute(\"style\"),\"height\"===t.message?(1e3<(r=parseInt(t.value,10))?r=1e3:~~r<200&&(r=200),s.height=r):\"link\"===t.message&&(r=new URL(s.getAttribute(\"src\")),n=new URL(t.value),c.test(n.protocol))&&n.host===r.host&&l.activeElement===s&&(d.top.location.href=t.value))}},d.addEventListener(\"message\",d.wp.receiveEmbedMessage,!1),l.addEventListener(\"DOMContentLoaded\",function(){for(var e,t,s=l.querySelectorAll(\"iframe.wp-embedded-content\"),r=0;r<s.length;r++)(t=(e=s[r]).getAttribute(\"data-secret\"))||(t=Math.random().toString(36).substring(2,12),e.src+=\"#?secret=\"+t,e.setAttribute(\"data-secret\",t)),e.contentWindow.postMessage({message:\"ready\",secret:t},\"*\")},!1)))}(window,document);\n\/\/# sourceURL=https:\/\/radiosummernight.ch\/includes\/js\/wp-embed.min.js\n\/* ]]> *\/\n<\/script>\n"},"_links":{"self":[{"href":"https:\/\/radiosummernight.ch\/fr\/wp-json\/wp\/v2\/posts\/14934","targetHints":{"allow":["GET"]}}],"collection":[{"href":"https:\/\/radiosummernight.ch\/fr\/wp-json\/wp\/v2\/posts"}],"about":[{"href":"https:\/\/radiosummernight.ch\/fr\/wp-json\/wp\/v2\/types\/post"}],"author":[{"embeddable":true,"href":"https:\/\/radiosummernight.ch\/fr\/wp-json\/wp\/v2\/users\/51"}],"replies":[{"embeddable":true,"href":"https:\/\/radiosummernight.ch\/fr\/wp-json\/wp\/v2\/comments?post=14934"}],"version-history":[{"count":0,"href":"https:\/\/radiosummernight.ch\/fr\/wp-json\/wp\/v2\/posts\/14934\/revisions"}],"wp:featuredmedia":[{"embeddable":true,"href":"https:\/\/radiosummernight.ch\/fr\/wp-json\/wp\/v2\/media\/14952"}],"wp:attachment":[{"href":"https:\/\/radiosummernight.ch\/fr\/wp-json\/wp\/v2\/media?parent=14934"}],"wp:term":[{"taxonomy":"category","embeddable":true,"href":"https:\/\/radiosummernight.ch\/fr\/wp-json\/wp\/v2\/categories?post=14934"},{"taxonomy":"post_tag","embeddable":true,"href":"https:\/\/radiosummernight.ch\/fr\/wp-json\/wp\/v2\/tags?post=14934"},{"taxonomy":"series","embeddable":true,"href":"https:\/\/radiosummernight.ch\/fr\/wp-json\/wp\/v2\/series?post=14934"}],"curies":[{"name":"wp","href":"https:\/\/api.w.org\/{rel}","templated":true}]}}