{"id":15028,"date":"2023-08-17T22:31:00","date_gmt":"2023-08-17T20:31:00","guid":{"rendered":"https:\/\/radiosummernight.ch\/?p=15028"},"modified":"2023-08-17T22:31:00","modified_gmt":"2023-08-17T20:31:00","slug":"laengere-sperrung-des-gotthard-basistunnels-nach-entgleisung-umleitung-bis-nach-dem-16-august","status":"publish","type":"post","link":"https:\/\/radiosummernight.ch\/fr\/laengere-sperrung-des-gotthard-basistunnels-nach-entgleisung-umleitung-bis-nach-dem-16-august\/","title":{"rendered":"L\u00e4ngere Sperrung des Gotthard-Basistunnels nach Entgleisung: Umleitung bis nach dem 16. August"},"content":{"rendered":"<p>Nach der Entgleisung am Donnerstag bleibt der Gotthard-Basistunnel l\u00e4nger als urspr\u00fcnglich erwartet f\u00fcr den Bahnverkehr gesperrt. Die SBB teilten mit, dass Z\u00fcge \u00fcber den 16. August hinaus umgeleitet werden. Urspr\u00fcnglich hatten die SBB nach der Entgleisung angek\u00fcndigt, den Tunnel f\u00fcr G\u00fcterz\u00fcge mindestens bis Montag und f\u00fcr Personenz\u00fcge mindestens bis Mittwoch komplett zu sperren. Seitdem wurden die Z\u00fcge \u00fcber die Bergstrecke umgeleitet, einschlie\u00dflich der G\u00fcterz\u00fcge \u00fcber den L\u00f6tschberg. Die SBB planen, morgen weitere Informationen \u00fcber das Vorgehen zu geben.<\/p>\n<p>Urspr\u00fcnglich war geplant, dass die Z\u00fcge bald zumindest durch die unbesch\u00e4digte R\u00f6hre fahren k\u00f6nnen. Dies ist jedoch erst m\u00f6glich, wenn der Durchgang zwischen den beiden Tunneln wieder verschlossen ist, um die Einsatzkr\u00e4fte vor der starken Luftzirkulation zu sch\u00fctzen. Bei der Entgleisung hatte der Zug ein Tor zwischen den R\u00f6hren zerst\u00f6rt. Die Untersuchungsbeh\u00f6rden haben die Unfallstelle mittlerweile freigegeben. Die Lokomotive und die fahrbereiten G\u00fcterwagen wurden aus dem Tunnel entfernt, w\u00e4hrend sich noch 16 G\u00fcterwagen im Tunnel befinden. Eine umfassende Schadens\u00fcbersicht liegt derzeit noch nicht vor.<\/p>","protected":false},"excerpt":{"rendered":"<p>Nach der Entgleisung am Donnerstag bleibt der Gotthard-Basistunnel l\u00e4nger als urspr\u00fcnglich erwartet f\u00fcr den Bahnverkehr gesperrt. Die SBB teilten mit, dass Z\u00fcge \u00fcber den 16. August hinaus umgeleitet werden. Urspr\u00fcnglich hatten die SBB nach der Entgleisung angek\u00fcndigt, den Tunnel f\u00fcr G\u00fcterz\u00fcge mindestens bis Montag und f\u00fcr Personenz\u00fcge mindestens bis Mittwoch komplett zu sperren. Seitdem wurden&hellip; <br \/> <a class=\"read-more\" href=\"https:\/\/radiosummernight.ch\/fr\/laengere-sperrung-des-gotthard-basistunnels-nach-entgleisung-umleitung-bis-nach-dem-16-august\/\">Read more<\/a><\/p>","protected":false},"author":1,"featured_media":15029,"comment_status":"closed","ping_status":"closed","sticky":false,"template":"","format":"standard","meta":{"episode_type":"audio","audio_file":"","podmotor_file_id":"","podmotor_episode_id":"","cover_image":"","cover_image_id":"","duration":"","filesize":"","filesize_raw":"","date_recorded":"","explicit":"","block":"","itunes_episode_number":"","itunes_title":"","itunes_season_number":"","itunes_episode_type":"","footnotes":""},"categories":[588],"tags":[],"series":[],"class_list":["post-15028","post","type-post","status-publish","format-standard","has-post-thumbnail","hentry","category-redaktionell"],"episode_featured_image":"https:\/\/radiosummernight.ch\/upload\/IMG_0029.webp","episode_player_image":"https:\/\/radiosummernight.ch\/upload\/2021\/03\/Logo-RSN-Schwarz-300x300-Green.png","download_link":"","player_link":"","audio_player":false,"episode_data":{"playerMode":"light","subscribeUrls":{"apple_podcasts":{"key":"apple_podcasts","url":"https:\/\/podcasts.apple.com\/us\/podcast\/radio-summernight\/id1647787397?uo=4&itsct=podtail_podcasts&itscg=30200&ls=1&at=1001l39ag&ct=deutschepodcasts.de","label":"Apple Podcasts","class":"apple_podcasts","icon":"apple-podcasts.png"},"deezer":{"key":"deezer","url":"https:\/\/deezer.page.link\/NKiaDgyHm5ekBXsE7","label":"Deezer","class":"deezer","icon":"deezer.png"},"google_podcasts":{"key":"google_podcasts","url":"https:\/\/podcasts.google.com\/feed\/aHR0cHM6Ly9yYWRpb3N1bW1lcm5pZ2h0LmNoL2ZlZWQvcG9kY2FzdA?sa=X&ved=0CAMQ4aUDahcKEwj4gc2i0oP8AhUAAAAAHQAAAAAQAQ&hl=de-CH","label":"Google Podcasts","class":"google_podcasts","icon":"google-podcasts.png"},"podcast_de":{"key":"podcast_de","url":"https:\/\/www.podcast.de\/podcast\/3070299\/radio-summernight","label":"Podcast.de","class":"podcast_de","icon":"podcast-de.png"},"spotify":{"key":"spotify","url":"https:\/\/open.spotify.com\/show\/4DnvrNRnOIGTWoVH4yoIpC","label":"Spotify","class":"spotify","icon":"spotify.png"},"itunes":{"key":"itunes","url":"","label":"iTunes","class":"itunes","icon":"itunes.png"},"mytuner_radio":{"key":"mytuner_radio","url":"","label":"myTuner Radio","class":"mytuner_radio","icon":"mytuner-radio.png"}},"rssFeedUrl":"https:\/\/radiosummernight.ch\/fr\/feed\/podcast\/radio-summernight","embedCode":"<blockquote class=\"wp-embedded-content\" data-secret=\"KSTwY0DxE0\"><a href=\"https:\/\/radiosummernight.ch\/fr\/laengere-sperrung-des-gotthard-basistunnels-nach-entgleisung-umleitung-bis-nach-dem-16-august\/\">L\u00e4ngere Sperrung des Gotthard-Basistunnels nach Entgleisung: Umleitung bis nach dem 16. August<\/a><\/blockquote><iframe sandbox=\"allow-scripts\" security=\"restricted\" src=\"https:\/\/radiosummernight.ch\/fr\/laengere-sperrung-des-gotthard-basistunnels-nach-entgleisung-umleitung-bis-nach-dem-16-august\/embed\/#?secret=KSTwY0DxE0\" width=\"500\" height=\"350\" title=\"\u00ab\u00a0L\u00e4ngere Sperrung des Gotthard-Basistunnels nach Entgleisung: Umleitung bis nach dem 16. August\u00a0\u00bb &#8212; Radio Summernight\" data-secret=\"KSTwY0DxE0\" frameborder=\"0\" marginwidth=\"0\" marginheight=\"0\" scrolling=\"no\" class=\"wp-embedded-content\"><\/iframe><script type=\"text\/javascript\">\n\/* <![CDATA[ *\/\n\/*! This file is auto-generated *\/\n!function(d,l){\"use strict\";l.querySelector&&d.addEventListener&&\"undefined\"!=typeof URL&&(d.wp=d.wp||{},d.wp.receiveEmbedMessage||(d.wp.receiveEmbedMessage=function(e){var t=e.data;if((t||t.secret||t.message||t.value)&&!\/[^a-zA-Z0-9]\/.test(t.secret)){for(var s,r,n,a=l.querySelectorAll('iframe[data-secret=\"'+t.secret+'\"]'),o=l.querySelectorAll('blockquote[data-secret=\"'+t.secret+'\"]'),c=new RegExp(\"^https?:$\",\"i\"),i=0;i<o.length;i++)o[i].style.display=\"none\";for(i=0;i<a.length;i++)s=a[i],e.source===s.contentWindow&&(s.removeAttribute(\"style\"),\"height\"===t.message?(1e3<(r=parseInt(t.value,10))?r=1e3:~~r<200&&(r=200),s.height=r):\"link\"===t.message&&(r=new URL(s.getAttribute(\"src\")),n=new URL(t.value),c.test(n.protocol))&&n.host===r.host&&l.activeElement===s&&(d.top.location.href=t.value))}},d.addEventListener(\"message\",d.wp.receiveEmbedMessage,!1),l.addEventListener(\"DOMContentLoaded\",function(){for(var e,t,s=l.querySelectorAll(\"iframe.wp-embedded-content\"),r=0;r<s.length;r++)(t=(e=s[r]).getAttribute(\"data-secret\"))||(t=Math.random().toString(36).substring(2,12),e.src+=\"#?secret=\"+t,e.setAttribute(\"data-secret\",t)),e.contentWindow.postMessage({message:\"ready\",secret:t},\"*\")},!1)))}(window,document);\n\/\/# sourceURL=https:\/\/radiosummernight.ch\/includes\/js\/wp-embed.min.js\n\/* ]]> *\/\n<\/script>\n"},"_links":{"self":[{"href":"https:\/\/radiosummernight.ch\/fr\/wp-json\/wp\/v2\/posts\/15028","targetHints":{"allow":["GET"]}}],"collection":[{"href":"https:\/\/radiosummernight.ch\/fr\/wp-json\/wp\/v2\/posts"}],"about":[{"href":"https:\/\/radiosummernight.ch\/fr\/wp-json\/wp\/v2\/types\/post"}],"author":[{"embeddable":true,"href":"https:\/\/radiosummernight.ch\/fr\/wp-json\/wp\/v2\/users\/1"}],"replies":[{"embeddable":true,"href":"https:\/\/radiosummernight.ch\/fr\/wp-json\/wp\/v2\/comments?post=15028"}],"version-history":[{"count":0,"href":"https:\/\/radiosummernight.ch\/fr\/wp-json\/wp\/v2\/posts\/15028\/revisions"}],"wp:featuredmedia":[{"embeddable":true,"href":"https:\/\/radiosummernight.ch\/fr\/wp-json\/wp\/v2\/media\/15029"}],"wp:attachment":[{"href":"https:\/\/radiosummernight.ch\/fr\/wp-json\/wp\/v2\/media?parent=15028"}],"wp:term":[{"taxonomy":"category","embeddable":true,"href":"https:\/\/radiosummernight.ch\/fr\/wp-json\/wp\/v2\/categories?post=15028"},{"taxonomy":"post_tag","embeddable":true,"href":"https:\/\/radiosummernight.ch\/fr\/wp-json\/wp\/v2\/tags?post=15028"},{"taxonomy":"series","embeddable":true,"href":"https:\/\/radiosummernight.ch\/fr\/wp-json\/wp\/v2\/series?post=15028"}],"curies":[{"name":"wp","href":"https:\/\/api.w.org\/{rel}","templated":true}]}}