{"id":15399,"date":"2023-09-10T13:53:11","date_gmt":"2023-09-10T11:53:11","guid":{"rendered":"https:\/\/radiosummernight.ch\/?p=15399"},"modified":"2023-09-14T08:23:45","modified_gmt":"2023-09-14T06:23:45","slug":"stadtpraesident-martin-stoeckling-ich-ueberaus-zufrieden-und-erleichtert","status":"publish","type":"post","link":"https:\/\/radiosummernight.ch\/fr\/stadtpraesident-martin-stoeckling-ich-ueberaus-zufrieden-und-erleichtert\/","title":{"rendered":"Stadtpr\u00e4sident Martin St\u00f6ckling: &#8220;Ich bin \u00fcberaus zufrieden und erleichtert.&#8221;"},"content":{"rendered":"<p>Nach einem klaren Ja mit fast 60 Prozent spricht Stadtpr\u00e4sident Martin St\u00f6ckling Interview \u00fcber die Abstimmung Stadttunnel und ob ihn das positive Resultat zum Stadttunnel dazu bewegt, als Stadtpr\u00e4sident wieder anzutreten.<\/p>\n<p><img loading=\"lazy\" decoding=\"async\" class=\"alignnone size-medium wp-image-15402\" src=\"https:\/\/radiosummernight.ch\/upload\/P1071363-300x200.jpg\" alt=\"\" width=\"300\" height=\"200\" title=\"\" srcset=\"https:\/\/radiosummernight.ch\/upload\/P1071363-300x200.jpg 300w, https:\/\/radiosummernight.ch\/upload\/P1071363-1024x683.jpg 1024w, https:\/\/radiosummernight.ch\/upload\/P1071363-768x512.jpg 768w, https:\/\/radiosummernight.ch\/upload\/P1071363-391x260.jpg 391w, https:\/\/radiosummernight.ch\/upload\/P1071363-1536x1024.jpg 1536w, https:\/\/radiosummernight.ch\/upload\/P1071363-2048x1365.jpg 2048w, https:\/\/radiosummernight.ch\/upload\/P1071363-1200x800.jpg 1200w, https:\/\/radiosummernight.ch\/upload\/P1071363-1620x1080.jpg 1620w, https:\/\/radiosummernight.ch\/upload\/P1071363-600x400.jpg 600w\" sizes=\"auto, (max-width: 300px) 100vw, 300px\" \/><\/p>","protected":false},"excerpt":{"rendered":"<p>Nach einem klaren Ja mit fast 60 Prozent spricht Stadtpr\u00e4sident Martin St\u00f6ckling Interview \u00fcber die Abstimmung Stadttunnel und ob ihn das positive Resultat zum Stadttunnel dazu bewegt, als Stadtpr\u00e4sident wieder anzutreten.<\/p>","protected":false},"author":66,"featured_media":15401,"comment_status":"closed","ping_status":"closed","sticky":false,"template":"","format":"standard","meta":{"episode_type":"audio","audio_file":"https:\/\/radiosummernight.ch\/upload\/Beitrag-6.mp3","podmotor_file_id":"","podmotor_episode_id":"","cover_image":"","cover_image_id":"","duration":"3:15","filesize":"3.08M","filesize_raw":"3227533","date_recorded":"2023-09-10 13:53:11","explicit":"","block":"","itunes_episode_number":"","itunes_title":"","itunes_season_number":"","itunes_episode_type":"","footnotes":""},"categories":[436,590,186,588],"tags":[465,723,438,382,416,727,602],"series":[466],"class_list":["post-15399","post","type-post","status-publish","format-standard","has-post-thumbnail","hentry","category-politik","category-kanton-zuerich","category-news","category-redaktionell","tag-abstimmung","tag-abstimmungsergebnis","tag-jona","tag-rapperswil","tag-rapperswil-jona","tag-stadtpraesident","tag-stadttunnel","series-rappitalk-stimmen-aus-der-region"],"episode_featured_image":"https:\/\/radiosummernight.ch\/upload\/P1071380-scaled.jpg","episode_player_image":"https:\/\/radiosummernight.ch\/upload\/2023\/03\/28EF67F9-BC28-4D73-A0FB-58037B312CB8.png","download_link":"https:\/\/radiosummernight.ch\/podcast-download\/15399\/stadtpraesident-martin-stoeckling-ich-ueberaus-zufrieden-und-erleichtert.mp3","player_link":"https:\/\/radiosummernight.ch\/podcast-player\/15399\/stadtpraesident-martin-stoeckling-ich-ueberaus-zufrieden-und-erleichtert.mp3","audio_player":"<audio class=\"wp-audio-shortcode\" id=\"audio-15399-1\" preload=\"none\" style=\"width: 100%;\" controls=\"controls\"><source type=\"audio\/mpeg\" src=\"https:\/\/radiosummernight.ch\/podcast-player\/15399\/stadtpraesident-martin-stoeckling-ich-ueberaus-zufrieden-und-erleichtert.mp3?_=1\" \/><a href=\"https:\/\/radiosummernight.ch\/podcast-player\/15399\/stadtpraesident-martin-stoeckling-ich-ueberaus-zufrieden-und-erleichtert.mp3\">https:\/\/radiosummernight.ch\/podcast-player\/15399\/stadtpraesident-martin-stoeckling-ich-ueberaus-zufrieden-und-erleichtert.mp3<\/a><\/audio>","episode_data":{"playerMode":"light","subscribeUrls":{"apple_podcasts":{"key":"apple_podcasts","url":"https:\/\/podcasts.apple.com\/us\/podcast\/radio-summernight\/id1647787397?uo=4&itsct=podtail_podcasts&itscg=30200&ls=1&at=1001l39ag&ct=deutschepodcasts.de","label":"Apple Podcasts","class":"apple_podcasts","icon":"apple-podcasts.png"},"deezer":{"key":"deezer","url":"https:\/\/deezer.page.link\/NKiaDgyHm5ekBXsE7","label":"Deezer","class":"deezer","icon":"deezer.png"},"google_podcasts":{"key":"google_podcasts","url":"https:\/\/podcasts.google.com\/feed\/aHR0cHM6Ly9yc24ubGkvcmFwcGktdGFsaw?hl=de-CH","label":"Google Podcasts","class":"google_podcasts","icon":"google-podcasts.png"},"podcast_de":{"key":"podcast_de","url":"https:\/\/www.podcast.de\/podcast\/3207427\/rappitalk-stimmen-aus-der-region","label":"Podcast.de","class":"podcast_de","icon":"podcast-de.png"},"spotify":{"key":"spotify","url":"https:\/\/open.spotify.com\/show\/7CQTWyIhueenPkfwaujf80?si=88b4940056c842d1&nd=1","label":"Spotify","class":"spotify","icon":"spotify.png"},"itunes":{"key":"itunes","url":"","label":"iTunes","class":"itunes","icon":"itunes.png"},"mytuner_radio":{"key":"mytuner_radio","url":"","label":"myTuner Radio","class":"mytuner_radio","icon":"mytuner-radio.png"}},"rssFeedUrl":"https:\/\/radiosummernight.ch\/fr\/feed\/podcast\/rappitalk-stimmen-aus-der-region","embedCode":"<blockquote class=\"wp-embedded-content\" data-secret=\"TTlFmtuZSX\"><a href=\"https:\/\/radiosummernight.ch\/fr\/stadtpraesident-martin-stoeckling-ich-ueberaus-zufrieden-und-erleichtert\/\">Stadtpr\u00e4sident Martin St\u00f6ckling: &#8220;Ich bin \u00fcberaus zufrieden und erleichtert.&#8221;<\/a><\/blockquote><iframe sandbox=\"allow-scripts\" security=\"restricted\" src=\"https:\/\/radiosummernight.ch\/fr\/stadtpraesident-martin-stoeckling-ich-ueberaus-zufrieden-und-erleichtert\/embed\/#?secret=TTlFmtuZSX\" width=\"500\" height=\"350\" title=\"\u00ab\u00a0Stadtpr\u00e4sident Martin St\u00f6ckling: &#8220;Ich bin \u00fcberaus zufrieden und erleichtert.&#8221;\u00a0\u00bb &#8212; Radio Summernight\" data-secret=\"TTlFmtuZSX\" frameborder=\"0\" marginwidth=\"0\" marginheight=\"0\" scrolling=\"no\" class=\"wp-embedded-content\"><\/iframe><script type=\"text\/javascript\">\n\/* <![CDATA[ *\/\n\/*! This file is auto-generated *\/\n!function(d,l){\"use strict\";l.querySelector&&d.addEventListener&&\"undefined\"!=typeof URL&&(d.wp=d.wp||{},d.wp.receiveEmbedMessage||(d.wp.receiveEmbedMessage=function(e){var t=e.data;if((t||t.secret||t.message||t.value)&&!\/[^a-zA-Z0-9]\/.test(t.secret)){for(var s,r,n,a=l.querySelectorAll('iframe[data-secret=\"'+t.secret+'\"]'),o=l.querySelectorAll('blockquote[data-secret=\"'+t.secret+'\"]'),c=new RegExp(\"^https?:$\",\"i\"),i=0;i<o.length;i++)o[i].style.display=\"none\";for(i=0;i<a.length;i++)s=a[i],e.source===s.contentWindow&&(s.removeAttribute(\"style\"),\"height\"===t.message?(1e3<(r=parseInt(t.value,10))?r=1e3:~~r<200&&(r=200),s.height=r):\"link\"===t.message&&(r=new URL(s.getAttribute(\"src\")),n=new URL(t.value),c.test(n.protocol))&&n.host===r.host&&l.activeElement===s&&(d.top.location.href=t.value))}},d.addEventListener(\"message\",d.wp.receiveEmbedMessage,!1),l.addEventListener(\"DOMContentLoaded\",function(){for(var e,t,s=l.querySelectorAll(\"iframe.wp-embedded-content\"),r=0;r<s.length;r++)(t=(e=s[r]).getAttribute(\"data-secret\"))||(t=Math.random().toString(36).substring(2,12),e.src+=\"#?secret=\"+t,e.setAttribute(\"data-secret\",t)),e.contentWindow.postMessage({message:\"ready\",secret:t},\"*\")},!1)))}(window,document);\n\/\/# sourceURL=https:\/\/radiosummernight.ch\/includes\/js\/wp-embed.min.js\n\/* ]]> *\/\n<\/script>\n"},"_links":{"self":[{"href":"https:\/\/radiosummernight.ch\/fr\/wp-json\/wp\/v2\/posts\/15399","targetHints":{"allow":["GET"]}}],"collection":[{"href":"https:\/\/radiosummernight.ch\/fr\/wp-json\/wp\/v2\/posts"}],"about":[{"href":"https:\/\/radiosummernight.ch\/fr\/wp-json\/wp\/v2\/types\/post"}],"author":[{"embeddable":true,"href":"https:\/\/radiosummernight.ch\/fr\/wp-json\/wp\/v2\/users\/66"}],"replies":[{"embeddable":true,"href":"https:\/\/radiosummernight.ch\/fr\/wp-json\/wp\/v2\/comments?post=15399"}],"version-history":[{"count":0,"href":"https:\/\/radiosummernight.ch\/fr\/wp-json\/wp\/v2\/posts\/15399\/revisions"}],"wp:featuredmedia":[{"embeddable":true,"href":"https:\/\/radiosummernight.ch\/fr\/wp-json\/wp\/v2\/media\/15401"}],"wp:attachment":[{"href":"https:\/\/radiosummernight.ch\/fr\/wp-json\/wp\/v2\/media?parent=15399"}],"wp:term":[{"taxonomy":"category","embeddable":true,"href":"https:\/\/radiosummernight.ch\/fr\/wp-json\/wp\/v2\/categories?post=15399"},{"taxonomy":"post_tag","embeddable":true,"href":"https:\/\/radiosummernight.ch\/fr\/wp-json\/wp\/v2\/tags?post=15399"},{"taxonomy":"series","embeddable":true,"href":"https:\/\/radiosummernight.ch\/fr\/wp-json\/wp\/v2\/series?post=15399"}],"curies":[{"name":"wp","href":"https:\/\/api.w.org\/{rel}","templated":true}]}}