{"id":15437,"date":"2023-09-15T09:10:30","date_gmt":"2023-09-15T07:10:30","guid":{"rendered":"https:\/\/radiosummernight.ch\/?p=15437"},"modified":"2024-01-06T11:32:48","modified_gmt":"2024-01-06T10:32:48","slug":"lets-fetes-galantes-wer-feiert-mit","status":"publish","type":"post","link":"https:\/\/radiosummernight.ch\/fr\/lets-fetes-galantes-wer-feiert-mit\/","title":{"rendered":"LET\u2019S F\u00caTES GALANTES! &#8211; Wer feiert mit?"},"content":{"rendered":"<p class=\"x_p2\"><span class=\"x_s1\">Die M\u00f6glichkeit, sich zu am\u00fcsieren, ist ein Privileg. Feiern symbolisiert die Idee von Zusammengeh\u00f6rigkeit und ausgelassener Freude, aber es beinhaltet gleichzeitig auch Elemente von Exklusivit\u00e4t und Abgrenzung. Die Ausstellung greift das Genre der &#8220;f\u00eates galantes&#8221; aus dem sp\u00e4ten franz\u00f6sischen Barock auf, in dem K\u00fcnstler wie Antoine Watteau Szenen zwischen theatralischer Inszenierung und Realit\u00e4t schufen. In der heutigen Zeit pr\u00e4sentieren zeitgen\u00f6ssische K\u00fcnstler ihre eigenen Interpretationen von galanten Festen:<span class=\"x_Apple-converted-space\">\u00a0<\/span><\/span><\/p>\n<p>&nbsp;<\/p>\n<p class=\"x_p2\"><span class=\"x_s1\"><strong><u>Tom Fellner<\/u><\/strong>s (*1956) sind eine moderne Interpretation der historischen &#8220;f\u00eates galantes&#8221;-Gem\u00e4lde. Er verwendet altmeisterliche Techniken, um sie in detailreichen Szenen nachzuahmen, f\u00fcgt jedoch Monsterfiguren aus Vinyl-Monsterspielzeugen hinzu. <\/span><span class=\"x_s1\" style=\"background-color: transparent;\">Diese Monster brechen in die idyllischen Szenen ein und verleihen ihnen eine ironische Note. <\/span><span class=\"x_s1\" style=\"background-color: transparent;\">Fellners Umgang mit Kunstgeschichte betont die Repression und Verdr\u00e4ngung in scheinbar gl\u00fccklichen Darstellungen.<\/span><\/p>\n<p class=\"x_p2\"><span class=\"x_s1\"><strong><u>Claudio N\u00e4f<\/u><\/strong> (*1993) ist ein vielseitiger K\u00fcnstler, Aktivist und Drag-Performer als LaMer. Seine Arbeit ist eng mit seiner sexuellen Identit\u00e4t und seinem Engagement in der queeren Szene verbunden. Er hat Plakate, Zeichnungen und Comics geschaffen, die Themen wie Gemeinschaft, Ausgrenzung, Erotik und Clubkultur behandeln. Seine Werke spiegeln seine Erfahrungen und Inspirationen wider, darunter seine Aktivit\u00e4ten in der Clubkultur und eine Botschaft der Hoffnung und Akzeptanz in Anlehnung an Dan Savages &#8220;It gets better&#8221;-Kampagne.<\/span><\/p>\n<p class=\"x_p2\"><span class=\"x_s1\"><strong><u>Nathanael Gautschi<\/u><\/strong> (*1982) ist ein Fotograf, der sein Handwerk gelernt hat und es f\u00fcr Kunst- und Architekturfotografie sowie f\u00fcr sein Atelier &#8220;Gautschi Editions&#8221; in Aarau nutzt. <\/span><span class=\"x_s1\">Er f\u00e4ngt in seinen Fotografien gew\u00f6hnliche Szenen ein und verleiht ihnen durch geschickte Auswahl, Licht- und Farbbearbeitung sowie perfekten Druck eine \u00e4sthetische Note. <\/span><span class=\"x_s1\">Seine Motive, oft im Freien, zeigen Gruppen von Menschen, \u00e4hnlich wie die &#8220;f\u00eates galantes&#8221; des Rokoko. Dabei konzentriert er sich auf Jugendliche am Strand, Kinder im Vergn\u00fcgungspark und andere Alltagsszenen.<\/span><\/p>\n<p class=\"x_p2\"><span class=\"x_s1\"><strong><u>&#8220;Quartett PLUS 1&#8221;<\/u><\/strong> ist ein Streichtrio bestehend aus Kathrina H\u00fclsmann (Viola), Katharina Pf\u00e4nder (Violine) und Lisa Stepf (Cello). Sie verbinden in ihren Projekten Klassik, Improvisation und Pop-Musik und erforschen musikalisch-performative Rituale in Zusammenarbeit mit Regisseurin Verena Ries. F\u00fcr die Ausstellung haben sie &#8220;POP UP&#8221; (2023) entwickelt. <\/span><span class=\"x_s1\">&#8220;POP UP&#8221; untersucht das musikalische Erbe von Michael Jackson und die Frage, ob seine Musik noch akzeptabel ist, angesichts der Vorw\u00fcrfe wegen Kindesmissbrauchs. Die Arbeit umfasst drei H\u00f6rstationen mit begleitenden Anweisungen f\u00fcr das Publikum. Zus\u00e4tzlich gibt es eine f\u00fcnfst\u00fcndige Konzertperformance namens &#8220;Verdr\u00e4ngung&#8221;.\u00a0<\/span><span class=\"x_s1\">In der Konzertperformance wird gefeiert, aber auch reflektiert und hinterfragt.<\/span><\/p>\n<p class=\"x_p2\"><span class=\"x_s1\"><strong><u>Thi My Lien Nguyen<\/u><\/strong> (*1995) ist eine Schweizer K\u00fcnstlerin, die in ihren Werken das kulturelle Erbe ihrer vietnamesischen Familie und Fragen zur Zugeh\u00f6rigkeit und Heimat untersucht. Sie nutzt Fotografie, Video, Installationen und Performances, um Geschichte neu darzustellen, insbesondere im Kontext der Esskultur, die sie als Teil einer postmigrantischen Generation erlebt. <\/span><span class=\"x_s1\">Ihr Video &#8220;Bellies to fill&#8221; (2023) in der Remise erz\u00e4hlt die Geschichten ihrer Mutter und Gro\u00dfmutter, aktualisiert durch ihre eigenen Erfahrungen. Der gesprochene Text verwebt die Geschichte dreier Generationen und betont die Bedeutung von Essen in ihrer Identit\u00e4t. <\/span><span class=\"x_s1\">Kleinformatige Fotografien der Serie &#8220;Food for the Dead&#8221; (2022\/2023) erg\u00e4nzen das Thema des Videos.\u00a0<\/span><\/p>\n<p>&nbsp;<\/p>\n<p>&nbsp;<\/p>\n<p>&nbsp;<\/p>\n<h4>Der KulturPodcast wird unterst\u00fctzt von<\/h4>\n<p><img loading=\"lazy\" decoding=\"async\" class=\"alignnone size-medium wp-image-12296\" src=\"https:\/\/radiosummernight.ch\/upload\/2023\/03\/Stadt-Aarau_SS-300x157.jpg\" alt=\"\" width=\"300\" height=\"157\" title=\"\" srcset=\"https:\/\/radiosummernight.ch\/upload\/2023\/03\/Stadt-Aarau_SS-300x157.jpg 300w, https:\/\/radiosummernight.ch\/upload\/2023\/03\/Stadt-Aarau_SS-600x314.jpg 600w, https:\/\/radiosummernight.ch\/upload\/2023\/03\/Stadt-Aarau_SS-1024x537.jpg 1024w, https:\/\/radiosummernight.ch\/upload\/2023\/03\/Stadt-Aarau_SS-768x403.jpg 768w, https:\/\/radiosummernight.ch\/upload\/2023\/03\/Stadt-Aarau_SS.jpg 1181w\" sizes=\"auto, (max-width: 300px) 100vw, 300px\" \/><img loading=\"lazy\" decoding=\"async\" class=\"alignnone size-medium wp-image-4388\" src=\"https:\/\/radiosummernight.ch\/upload\/2020\/04\/SWISSLOS_Kanton_Aargau_sw-removebg-preview-2-300x106.png\" alt=\"\" width=\"300\" height=\"106\" title=\"\" srcset=\"https:\/\/radiosummernight.ch\/upload\/2020\/04\/SWISSLOS_Kanton_Aargau_sw-removebg-preview-2-300x106.png 300w, https:\/\/radiosummernight.ch\/upload\/2020\/04\/SWISSLOS_Kanton_Aargau_sw-removebg-preview-2-600x213.png 600w, https:\/\/radiosummernight.ch\/upload\/2020\/04\/SWISSLOS_Kanton_Aargau_sw-removebg-preview-2-768x272.png 768w, https:\/\/radiosummernight.ch\/upload\/2020\/04\/SWISSLOS_Kanton_Aargau_sw-removebg-preview-2-320x114.png 320w, https:\/\/radiosummernight.ch\/upload\/2020\/04\/SWISSLOS_Kanton_Aargau_sw-removebg-preview-2-640x227.png 640w, https:\/\/radiosummernight.ch\/upload\/2020\/04\/SWISSLOS_Kanton_Aargau_sw-removebg-preview-2-360x128.png 360w, https:\/\/radiosummernight.ch\/upload\/2020\/04\/SWISSLOS_Kanton_Aargau_sw-removebg-preview-2-720x255.png 720w, https:\/\/radiosummernight.ch\/upload\/2020\/04\/SWISSLOS_Kanton_Aargau_sw-removebg-preview-2-800x284.png 800w, https:\/\/radiosummernight.ch\/upload\/2020\/04\/SWISSLOS_Kanton_Aargau_sw-removebg-preview-2.png 840w\" sizes=\"auto, (max-width: 300px) 100vw, 300px\" \/><img loading=\"lazy\" decoding=\"async\" class=\"alignnone size-medium wp-image-7271\" src=\"https:\/\/radiosummernight.ch\/upload\/2021\/07\/srks_logo_d-300x80.jpg\" alt=\"\" width=\"300\" height=\"80\" title=\"\" srcset=\"https:\/\/radiosummernight.ch\/upload\/2021\/07\/srks_logo_d-300x80.jpg 300w, https:\/\/radiosummernight.ch\/upload\/2021\/07\/srks_logo_d-scaled-600x160.jpg 600w, https:\/\/radiosummernight.ch\/upload\/2021\/07\/srks_logo_d-1024x273.jpg 1024w, https:\/\/radiosummernight.ch\/upload\/2021\/07\/srks_logo_d-768x205.jpg 768w, https:\/\/radiosummernight.ch\/upload\/2021\/07\/srks_logo_d-1536x410.jpg 1536w, https:\/\/radiosummernight.ch\/upload\/2021\/07\/srks_logo_d-2048x546.jpg 2048w, https:\/\/radiosummernight.ch\/upload\/2021\/07\/srks_logo_d-1200x320.jpg 1200w, https:\/\/radiosummernight.ch\/upload\/2021\/07\/srks_logo_d-1920x512.jpg 1920w\" sizes=\"auto, (max-width: 300px) 100vw, 300px\" \/><img loading=\"lazy\" decoding=\"async\" class=\"alignnone size-medium wp-image-12294\" src=\"https:\/\/radiosummernight.ch\/upload\/2023\/03\/SWP-Logo-2013_schwarz-300x180.jpg\" alt=\"\" width=\"300\" height=\"180\" title=\"\" srcset=\"https:\/\/radiosummernight.ch\/upload\/2023\/03\/SWP-Logo-2013_schwarz-300x180.jpg 300w, https:\/\/radiosummernight.ch\/upload\/2023\/03\/SWP-Logo-2013_schwarz-600x360.jpg 600w, https:\/\/radiosummernight.ch\/upload\/2023\/03\/SWP-Logo-2013_schwarz-1024x614.jpg 1024w, https:\/\/radiosummernight.ch\/upload\/2023\/03\/SWP-Logo-2013_schwarz-768x461.jpg 768w, https:\/\/radiosummernight.ch\/upload\/2023\/03\/SWP-Logo-2013_schwarz.jpg 1182w\" sizes=\"auto, (max-width: 300px) 100vw, 300px\" \/><\/p>","protected":false},"excerpt":{"rendered":"<p>Die M\u00f6glichkeit, sich zu am\u00fcsieren, ist ein Privileg. Feiern symbolisiert die Idee von Zusammengeh\u00f6rigkeit und ausgelassener Freude, aber es beinhaltet gleichzeitig auch Elemente von Exklusivit\u00e4t und Abgrenzung. Die Ausstellung greift das Genre der &#8220;f\u00eates galantes&#8221; aus dem sp\u00e4ten franz\u00f6sischen Barock auf, in dem K\u00fcnstler wie Antoine Watteau Szenen zwischen theatralischer Inszenierung und Realit\u00e4t schufen. In&hellip; <br \/> <a class=\"read-more\" href=\"https:\/\/radiosummernight.ch\/fr\/lets-fetes-galantes-wer-feiert-mit\/\">Read more<\/a><\/p>","protected":false},"author":86,"featured_media":15464,"comment_status":"closed","ping_status":"closed","sticky":false,"template":"","format":"standard","meta":{"episode_type":"audio","audio_file":"https:\/\/radiosummernight.ch\/upload\/Kultur-Podcast-1.mp3","podmotor_file_id":"","podmotor_episode_id":"","cover_image":"https:\/\/radiosummernight.ch\/upload\/2023\/07\/Kultur.png","cover_image_id":"14022","duration":"32:59","filesize":"21.05M","filesize_raw":"22070688","date_recorded":"2023-09-15 09:10:30","explicit":"","block":"","itunes_episode_number":"","itunes_title":"","itunes_season_number":"","itunes_episode_type":"","footnotes":""},"categories":[591,589,186,588],"tags":[],"series":[468],"class_list":["post-15437","post","type-post","status-publish","format-standard","has-post-thumbnail","hentry","category-kultur","category-aargau","category-news","category-redaktionell","series-kulturpodcast"],"episode_featured_image":"https:\/\/radiosummernight.ch\/upload\/Kopie-von-Kopie-von-Artikel-Bild-radiosummernight.ch-12.png","episode_player_image":"https:\/\/radiosummernight.ch\/upload\/2023\/07\/Kultur.png","download_link":"https:\/\/radiosummernight.ch\/podcast-download\/15437\/lets-fetes-galantes-wer-feiert-mit.mp3","player_link":"https:\/\/radiosummernight.ch\/podcast-player\/15437\/lets-fetes-galantes-wer-feiert-mit.mp3","audio_player":"<audio class=\"wp-audio-shortcode\" id=\"audio-15437-1\" preload=\"none\" style=\"width: 100%;\" controls=\"controls\"><source type=\"audio\/mpeg\" src=\"https:\/\/radiosummernight.ch\/podcast-player\/15437\/lets-fetes-galantes-wer-feiert-mit.mp3?_=1\" \/><a href=\"https:\/\/radiosummernight.ch\/podcast-player\/15437\/lets-fetes-galantes-wer-feiert-mit.mp3\">https:\/\/radiosummernight.ch\/podcast-player\/15437\/lets-fetes-galantes-wer-feiert-mit.mp3<\/a><\/audio>","episode_data":{"playerMode":"light","subscribeUrls":{"apple_podcasts":{"key":"apple_podcasts","url":"https:\/\/podcasts.apple.com\/ch\/podcast\/rsn-kulturpodcast\/id1696075307","label":"Apple Podcasts","class":"apple_podcasts","icon":"apple-podcasts.png"},"deezer":{"key":"deezer","url":"https:\/\/deezer.page.link\/2qMadQuzuk1ezrC2A","label":"Deezer","class":"deezer","icon":"deezer.png"},"google_podcasts":{"key":"google_podcasts","url":"","label":"Google Podcasts","class":"google_podcasts","icon":"google-podcasts.png"},"podcast_de":{"key":"podcast_de","url":"https:\/\/www.podcast.de\/podcast\/3281588\/rsn-kulturpodcast","label":"Podcast.de","class":"podcast_de","icon":"podcast-de.png"},"spotify":{"key":"spotify","url":"https:\/\/open.spotify.com\/show\/2eoIkX2Rk162wcpyBB0L8H?si=2d1a887238bf41c5","label":"Spotify","class":"spotify","icon":"spotify.png"},"itunes":{"key":"itunes","url":"","label":"iTunes","class":"itunes","icon":"itunes.png"},"mytuner_radio":{"key":"mytuner_radio","url":"","label":"myTuner Radio","class":"mytuner_radio","icon":"mytuner-radio.png"}},"rssFeedUrl":"https:\/\/radiosummernight.ch\/fr\/feed\/podcast\/kulturpodcast","embedCode":"<blockquote class=\"wp-embedded-content\" data-secret=\"fa3daPWsoN\"><a href=\"https:\/\/radiosummernight.ch\/fr\/lets-fetes-galantes-wer-feiert-mit\/\">LET\u2019S F\u00caTES GALANTES! &#8211; Wer feiert mit?<\/a><\/blockquote><iframe sandbox=\"allow-scripts\" security=\"restricted\" src=\"https:\/\/radiosummernight.ch\/fr\/lets-fetes-galantes-wer-feiert-mit\/embed\/#?secret=fa3daPWsoN\" width=\"500\" height=\"350\" title=\"\u00ab\u00a0LET\u2019S F\u00caTES GALANTES! &#8211; Wer feiert mit?\u00a0\u00bb &#8212; Radio Summernight\" data-secret=\"fa3daPWsoN\" frameborder=\"0\" marginwidth=\"0\" marginheight=\"0\" scrolling=\"no\" class=\"wp-embedded-content\"><\/iframe><script type=\"text\/javascript\">\n\/* <![CDATA[ *\/\n\/*! This file is auto-generated *\/\n!function(d,l){\"use strict\";l.querySelector&&d.addEventListener&&\"undefined\"!=typeof URL&&(d.wp=d.wp||{},d.wp.receiveEmbedMessage||(d.wp.receiveEmbedMessage=function(e){var t=e.data;if((t||t.secret||t.message||t.value)&&!\/[^a-zA-Z0-9]\/.test(t.secret)){for(var s,r,n,a=l.querySelectorAll('iframe[data-secret=\"'+t.secret+'\"]'),o=l.querySelectorAll('blockquote[data-secret=\"'+t.secret+'\"]'),c=new RegExp(\"^https?:$\",\"i\"),i=0;i<o.length;i++)o[i].style.display=\"none\";for(i=0;i<a.length;i++)s=a[i],e.source===s.contentWindow&&(s.removeAttribute(\"style\"),\"height\"===t.message?(1e3<(r=parseInt(t.value,10))?r=1e3:~~r<200&&(r=200),s.height=r):\"link\"===t.message&&(r=new URL(s.getAttribute(\"src\")),n=new URL(t.value),c.test(n.protocol))&&n.host===r.host&&l.activeElement===s&&(d.top.location.href=t.value))}},d.addEventListener(\"message\",d.wp.receiveEmbedMessage,!1),l.addEventListener(\"DOMContentLoaded\",function(){for(var e,t,s=l.querySelectorAll(\"iframe.wp-embedded-content\"),r=0;r<s.length;r++)(t=(e=s[r]).getAttribute(\"data-secret\"))||(t=Math.random().toString(36).substring(2,12),e.src+=\"#?secret=\"+t,e.setAttribute(\"data-secret\",t)),e.contentWindow.postMessage({message:\"ready\",secret:t},\"*\")},!1)))}(window,document);\n\/\/# sourceURL=https:\/\/radiosummernight.ch\/includes\/js\/wp-embed.min.js\n\/* ]]> *\/\n<\/script>\n"},"_links":{"self":[{"href":"https:\/\/radiosummernight.ch\/fr\/wp-json\/wp\/v2\/posts\/15437","targetHints":{"allow":["GET"]}}],"collection":[{"href":"https:\/\/radiosummernight.ch\/fr\/wp-json\/wp\/v2\/posts"}],"about":[{"href":"https:\/\/radiosummernight.ch\/fr\/wp-json\/wp\/v2\/types\/post"}],"author":[{"embeddable":true,"href":"https:\/\/radiosummernight.ch\/fr\/wp-json\/wp\/v2\/users\/86"}],"replies":[{"embeddable":true,"href":"https:\/\/radiosummernight.ch\/fr\/wp-json\/wp\/v2\/comments?post=15437"}],"version-history":[{"count":0,"href":"https:\/\/radiosummernight.ch\/fr\/wp-json\/wp\/v2\/posts\/15437\/revisions"}],"wp:featuredmedia":[{"embeddable":true,"href":"https:\/\/radiosummernight.ch\/fr\/wp-json\/wp\/v2\/media\/15464"}],"wp:attachment":[{"href":"https:\/\/radiosummernight.ch\/fr\/wp-json\/wp\/v2\/media?parent=15437"}],"wp:term":[{"taxonomy":"category","embeddable":true,"href":"https:\/\/radiosummernight.ch\/fr\/wp-json\/wp\/v2\/categories?post=15437"},{"taxonomy":"post_tag","embeddable":true,"href":"https:\/\/radiosummernight.ch\/fr\/wp-json\/wp\/v2\/tags?post=15437"},{"taxonomy":"series","embeddable":true,"href":"https:\/\/radiosummernight.ch\/fr\/wp-json\/wp\/v2\/series?post=15437"}],"curies":[{"name":"wp","href":"https:\/\/api.w.org\/{rel}","templated":true}]}}