{"id":16574,"date":"2023-12-14T12:00:28","date_gmt":"2023-12-14T11:00:28","guid":{"rendered":"https:\/\/radiosummernight.ch\/?p=16574"},"modified":"2023-12-16T21:05:12","modified_gmt":"2023-12-16T20:05:12","slug":"ines-erlebnisreiche-reise-durch-die-mutterschaft-ein-intimes-portrait","status":"publish","type":"post","link":"https:\/\/radiosummernight.ch\/fr\/ines-erlebnisreiche-reise-durch-die-mutterschaft-ein-intimes-portrait\/","title":{"rendered":"&#8220;In\u00e9s&#8217; Erlebnisreiche Reise durch die Mutterschaft: Ein Intimes Portrait&#8221;"},"content":{"rendered":"<p style=\"font-weight: 400;\">In\u00e9s, eine frischgebackene Mutter, war k\u00fcrzlich zu Gast bei Vero Talk. Durch ihren Podcast &#8220;Mamis f\u00fcr Mamis&#8221; bin ich auf sie aufmerksam geworden und habe sie eingeladen, mit mir \u00fcber ihre Erfahrungen rund ums Mutterwerden und -sein zu sprechen.<\/p>\n<p style=\"font-weight: 400;\">Im M\u00e4rz begr\u00fcsste Ines ihre kleine Tochter Olaya. Der Name entstand entweder durch eine Netflix-Serie oder intensives Googeln \u2013 sie konnte sich nicht mehr genau erinnern. Doch die Faszination f\u00fcr den Namen war so gross, dass sie und ihr Mann sich sofort daf\u00fcr entschieden. Olaya war ein gewolltes Kind. Silvester 2022 beschlossen sie, die Verh\u00fctung abzusetzen und dem Leben freien Lauf zu lassen. Sechs Monate sp\u00e4ter war In\u00e9s schwanger.<\/p>\n<p style=\"font-weight: 400;\">Die Best\u00e4tigung kam w\u00e4hrend ihres Urlaubs auf Ibiza mit Freundinnen. Erwartungsvoll wartete sie auf ihre Menstruation, die jedoch ausblieb. Einen Tag vor der R\u00fcckreise in die Schweiz kaufte sie einen Schwangerschaftstest, den sie aus Respekt vor ihrem Mann erst zu Hause durchf\u00fchrte. Die Antwort war eindeutig: schwanger. Anfangs \u00fcberkam sie Panik, doch schnell wich die Aufregung der Freude, begleitet von Tr\u00e4nen und Lachen. An diesem Tag rauchte Ines ihre letzte Zigarette und verzichtete bis zur Geburt darauf.<\/p>\n<p style=\"font-weight: 400;\">Die Schwangerschaft verlief nicht reibungslos. Im vierten Monat musste Ines ihren Blinddarm entfernen lassen, gefolgt von Schwangerschaftsdiabetes, der sie zwang, Insulin zu spritzen. Diese Herausforderung belastete sie am meisten. Ihre Beweglichkeit nahm ab, und gr\u00f6ssere Br\u00fcste erforderten einen neuen BH. Dennoch f\u00fchlte sie sich durch die Schwangerschaft sexy und wohl in ihrem K\u00f6rper, was bewundernswert ist.<\/p>\n<p style=\"font-weight: 400;\">Ihr Mann erwies sich als unsch\u00e4tzbarer R\u00fcckhalt, ein wahrer Therapeut. Stets positiv unterst\u00fctzte er sie in allem. In\u00e9s ist zutiefst dankbar, ihn an ihrer Seite zu wissen. Ohne sich auf B\u00fccher oder Kurse vorzubereiten, richtete sie alles f\u00fcr Olaya ein, vom gestrichenen Kinderzimmer bis zu den Windeln \u2013 ein Monat vor der Geburt war keine Option.<\/p>\n<p style=\"font-weight: 400;\">Im M\u00e4rz war es dann soweit: Die kleine Olaya wollte das Licht der Welt erblicken. Im Krankenhaus eingeleitet, musste In\u00e9s eine \u00fcber 24-st\u00fcndige Geburt verarbeiten. Pressen brachte nicht den gew\u00fcnschten Erfolg, und schliesslich entschied sie sich f\u00fcr einen Kaiserschnitt. Nach \u00fcber 24 Stunden hielt sie endlich Olaya in den Armen.<\/p>\n<p style=\"font-weight: 400;\">Wichtigste ist jetzt, dass es Olaya gut geht und sie eine gute Erziehung erh\u00e4lt. In\u00e9s ist \u00fcberzeugt, eine grossartige Mutter zu werden, dank der starken Unterst\u00fctzung von ihrem Mann, der Familie und Freundinnen. Die Priorit\u00e4t liegt nun bei Olaya, und In\u00e9s hat ihre eigenen Bed\u00fcrfnisse stark zur\u00fcckgeschraubt.<\/p>\n<p style=\"font-weight: 400;\">Infolge ihrer anspruchsvollen Schwangerschaft startete Ines einen Podcast namens &#8220;Mamis f\u00fcr Mamis&#8221;, der sehr empfehlenswert ist. In dieser Folge bei Vero Talk sprechen wir \u00fcber ihre Zukunft als Mutter, ihre W\u00fcnsche f\u00fcr Olaya und viele weitere bewegende Themen. H\u00f6re unbedingt die gesamte Folge, wo immer du Podcasts findest \u2013 es war eines der fesselndsten Interviews, das ich je f\u00fchren durfte. Viel Spass beim Zuh\u00f6ren!<\/p>","protected":false},"excerpt":{"rendered":"<p>In\u00e9s, eine frischgebackene Mutter, war k\u00fcrzlich zu Gast bei Vero Talk. Durch ihren Podcast &#8220;Mamis f\u00fcr Mamis&#8221; bin ich auf sie aufmerksam geworden und habe sie eingeladen, mit mir \u00fcber ihre Erfahrungen rund ums Mutterwerden und -sein zu sprechen. Im M\u00e4rz begr\u00fcsste Ines ihre kleine Tochter Olaya. Der Name entstand entweder durch eine Netflix-Serie oder&hellip; <br \/> <a class=\"read-more\" href=\"https:\/\/radiosummernight.ch\/fr\/ines-erlebnisreiche-reise-durch-die-mutterschaft-ein-intimes-portrait\/\">Read more<\/a><\/p>","protected":false},"author":72,"featured_media":16577,"comment_status":"closed","ping_status":"closed","sticky":false,"template":"","format":"standard","meta":{"episode_type":"audio","audio_file":"https:\/\/radiosummernight.ch\/upload\/Ines-frisch-Mutter.mp3","podmotor_file_id":"","podmotor_episode_id":"","cover_image":"https:\/\/radiosummernight.ch\/upload\/2023\/06\/B5C4454A-7F3E-463A-94A6-8E2CC70C9F0D.png","cover_image_id":"13787","duration":"1:10:04","filesize":"37.09M","filesize_raw":"38893037","date_recorded":"2023-12-07 20:07:25","explicit":"","block":"","itunes_episode_number":"18","itunes_title":"\"In\u00e9s' Erlebnisreiche Reise durch die Mutterschaft: Ein Intimes Portrait\"","itunes_season_number":"2","itunes_episode_type":"","footnotes":""},"categories":[588,589,186,623],"tags":[],"series":[606],"class_list":["post-16574","post","type-post","status-publish","format-standard","has-post-thumbnail","hentry","category-redaktionell","category-aargau","category-news","category-verotalk","series-vero-talk"],"episode_featured_image":"https:\/\/radiosummernight.ch\/upload\/Kopie-von-Kopie-von-Artikel-Bild-radiosummernight.ch_-10.png","episode_player_image":"https:\/\/radiosummernight.ch\/upload\/2023\/06\/B5C4454A-7F3E-463A-94A6-8E2CC70C9F0D.png","download_link":"https:\/\/radiosummernight.ch\/podcast-download\/16574\/ines-erlebnisreiche-reise-durch-die-mutterschaft-ein-intimes-portrait.mp3","player_link":"https:\/\/radiosummernight.ch\/podcast-player\/16574\/ines-erlebnisreiche-reise-durch-die-mutterschaft-ein-intimes-portrait.mp3","audio_player":"<audio class=\"wp-audio-shortcode\" id=\"audio-16574-1\" preload=\"none\" style=\"width: 100%;\" controls=\"controls\"><source type=\"audio\/mpeg\" src=\"https:\/\/radiosummernight.ch\/podcast-player\/16574\/ines-erlebnisreiche-reise-durch-die-mutterschaft-ein-intimes-portrait.mp3?_=1\" \/><a href=\"https:\/\/radiosummernight.ch\/podcast-player\/16574\/ines-erlebnisreiche-reise-durch-die-mutterschaft-ein-intimes-portrait.mp3\">https:\/\/radiosummernight.ch\/podcast-player\/16574\/ines-erlebnisreiche-reise-durch-die-mutterschaft-ein-intimes-portrait.mp3<\/a><\/audio>","episode_data":{"playerMode":"light","subscribeUrls":{"apple_podcasts":{"key":"apple_podcasts","url":"https:\/\/podcasts.apple.com\/us\/podcast\/vero-talk\/id1687282209","label":"Apple Podcasts","class":"apple_podcasts","icon":"apple-podcasts.png"},"deezer":{"key":"deezer","url":"https:\/\/www.deezer.com\/de\/show\/6051287","label":"Deezer","class":"deezer","icon":"deezer.png"},"google_podcasts":{"key":"google_podcasts","url":"https:\/\/podcasts.google.com\/feed\/aHR0cHM6Ly9yYWRpb3N1bW1lcm5pZ2h0LmNoL2ZlZWQvcG9kY2FzdA?sa=X&ved=0CAMQ4aUDahcKEwj4gc2i0oP8AhUAAAAAHQAAAAAQAQ&hl=de-CH","label":"Google Podcasts","class":"google_podcasts","icon":"google-podcasts.png"},"podcast_de":{"key":"podcast_de","url":"https:\/\/www.podcast.de\/podcast\/3251202\/vero-talk","label":"Podcast.de","class":"podcast_de","icon":"podcast-de.png"},"spotify":{"key":"spotify","url":"https:\/\/open.spotify.com\/show\/5NGjYOF2XhDh8o2gtyCod0","label":"Spotify","class":"spotify","icon":"spotify.png"},"itunes":{"key":"itunes","url":"","label":"iTunes","class":"itunes","icon":"itunes.png"},"mytuner_radio":{"key":"mytuner_radio","url":"","label":"myTuner Radio","class":"mytuner_radio","icon":"mytuner-radio.png"}},"rssFeedUrl":"https:\/\/radiosummernight.ch\/fr\/feed\/podcast\/vero-talk","embedCode":"<blockquote class=\"wp-embedded-content\" data-secret=\"CjmizvYS4Z\"><a href=\"https:\/\/radiosummernight.ch\/fr\/ines-erlebnisreiche-reise-durch-die-mutterschaft-ein-intimes-portrait\/\">&#8220;In\u00e9s&#8217; Erlebnisreiche Reise durch die Mutterschaft: Ein Intimes Portrait&#8221;<\/a><\/blockquote><iframe sandbox=\"allow-scripts\" security=\"restricted\" src=\"https:\/\/radiosummernight.ch\/fr\/ines-erlebnisreiche-reise-durch-die-mutterschaft-ein-intimes-portrait\/embed\/#?secret=CjmizvYS4Z\" width=\"500\" height=\"350\" title=\"\u00ab\u00a0&#8220;In\u00e9s&#8217; Erlebnisreiche Reise durch die Mutterschaft: Ein Intimes Portrait&#8221;\u00a0\u00bb &#8212; Radio Summernight\" data-secret=\"CjmizvYS4Z\" frameborder=\"0\" marginwidth=\"0\" marginheight=\"0\" scrolling=\"no\" class=\"wp-embedded-content\"><\/iframe><script type=\"text\/javascript\">\n\/* <![CDATA[ *\/\n\/*! This file is auto-generated *\/\n!function(d,l){\"use strict\";l.querySelector&&d.addEventListener&&\"undefined\"!=typeof URL&&(d.wp=d.wp||{},d.wp.receiveEmbedMessage||(d.wp.receiveEmbedMessage=function(e){var t=e.data;if((t||t.secret||t.message||t.value)&&!\/[^a-zA-Z0-9]\/.test(t.secret)){for(var s,r,n,a=l.querySelectorAll('iframe[data-secret=\"'+t.secret+'\"]'),o=l.querySelectorAll('blockquote[data-secret=\"'+t.secret+'\"]'),c=new RegExp(\"^https?:$\",\"i\"),i=0;i<o.length;i++)o[i].style.display=\"none\";for(i=0;i<a.length;i++)s=a[i],e.source===s.contentWindow&&(s.removeAttribute(\"style\"),\"height\"===t.message?(1e3<(r=parseInt(t.value,10))?r=1e3:~~r<200&&(r=200),s.height=r):\"link\"===t.message&&(r=new URL(s.getAttribute(\"src\")),n=new URL(t.value),c.test(n.protocol))&&n.host===r.host&&l.activeElement===s&&(d.top.location.href=t.value))}},d.addEventListener(\"message\",d.wp.receiveEmbedMessage,!1),l.addEventListener(\"DOMContentLoaded\",function(){for(var e,t,s=l.querySelectorAll(\"iframe.wp-embedded-content\"),r=0;r<s.length;r++)(t=(e=s[r]).getAttribute(\"data-secret\"))||(t=Math.random().toString(36).substring(2,12),e.src+=\"#?secret=\"+t,e.setAttribute(\"data-secret\",t)),e.contentWindow.postMessage({message:\"ready\",secret:t},\"*\")},!1)))}(window,document);\n\/\/# sourceURL=https:\/\/radiosummernight.ch\/includes\/js\/wp-embed.min.js\n\/* ]]> *\/\n<\/script>\n"},"_links":{"self":[{"href":"https:\/\/radiosummernight.ch\/fr\/wp-json\/wp\/v2\/posts\/16574","targetHints":{"allow":["GET"]}}],"collection":[{"href":"https:\/\/radiosummernight.ch\/fr\/wp-json\/wp\/v2\/posts"}],"about":[{"href":"https:\/\/radiosummernight.ch\/fr\/wp-json\/wp\/v2\/types\/post"}],"author":[{"embeddable":true,"href":"https:\/\/radiosummernight.ch\/fr\/wp-json\/wp\/v2\/users\/72"}],"replies":[{"embeddable":true,"href":"https:\/\/radiosummernight.ch\/fr\/wp-json\/wp\/v2\/comments?post=16574"}],"version-history":[{"count":0,"href":"https:\/\/radiosummernight.ch\/fr\/wp-json\/wp\/v2\/posts\/16574\/revisions"}],"wp:featuredmedia":[{"embeddable":true,"href":"https:\/\/radiosummernight.ch\/fr\/wp-json\/wp\/v2\/media\/16577"}],"wp:attachment":[{"href":"https:\/\/radiosummernight.ch\/fr\/wp-json\/wp\/v2\/media?parent=16574"}],"wp:term":[{"taxonomy":"category","embeddable":true,"href":"https:\/\/radiosummernight.ch\/fr\/wp-json\/wp\/v2\/categories?post=16574"},{"taxonomy":"post_tag","embeddable":true,"href":"https:\/\/radiosummernight.ch\/fr\/wp-json\/wp\/v2\/tags?post=16574"},{"taxonomy":"series","embeddable":true,"href":"https:\/\/radiosummernight.ch\/fr\/wp-json\/wp\/v2\/series?post=16574"}],"curies":[{"name":"wp","href":"https:\/\/api.w.org\/{rel}","templated":true}]}}