{"id":16784,"date":"2023-12-30T23:02:01","date_gmt":"2023-12-30T22:02:01","guid":{"rendered":"https:\/\/radiosummernight.ch\/?p=16784"},"modified":"2024-01-06T11:27:36","modified_gmt":"2024-01-06T10:27:36","slug":"die-eierlegende-wollmilchsau-peter-jakob-kelting-ueber-die-buehne-aarau","status":"publish","type":"post","link":"https:\/\/radiosummernight.ch\/fr\/die-eierlegende-wollmilchsau-peter-jakob-kelting-ueber-die-buehne-aarau\/","title":{"rendered":"Die eierlegende Wollmilchsau &#8211; Peter-Jakob Kelting \u00fcber die B\u00fchne Aarau"},"content":{"rendered":"<p>In dieser Folge <span class=\"grammar correction\" title=\"Wenn es sich um ein zusammengesetztes Nomen handelt, wird es zusammengeschrieben.\" data-type=\"grammar\" data-suggestions=\"[{&quot;value&quot;:&quot;des Kulturpodcasts&quot;},{&quot;value&quot;:&quot;des Kultur-Podcasts&quot;}]\" data-rule=\"DE_AGREEMENT\" data-word=\"des Kultur Podcasts\">des Kulturpodcasts<\/span> dreht es sich um Peter-Jakob Kelting, welcher \u00fcber seine dreizehn Jahre als k\u00fcnstlerischer Leiter der B\u00fchne Aarau reflektiert: Von der Vielseitigkeit seines Werdegangs bis zur Niederschwelligkeit der Alten Reithalle \u2013 ein Blick auf die bewegende Verbindung von Theater, Raum und gesellschaftlichem Engagement.<\/p>\n<p>&nbsp;<\/p>\n<p>&nbsp;<\/p>\n<p>&nbsp;<\/p>\n<h4>Der KulturPodcast wird unterst\u00fctzt von<\/h4>\n<p><img loading=\"lazy\" decoding=\"async\" class=\"alignnone size-medium wp-image-12296\" src=\"https:\/\/radiosummernight.ch\/upload\/2023\/03\/Stadt-Aarau_SS-300x157.jpg\" alt=\"\" width=\"300\" height=\"157\" title=\"\" srcset=\"https:\/\/radiosummernight.ch\/upload\/2023\/03\/Stadt-Aarau_SS-300x157.jpg 300w, https:\/\/radiosummernight.ch\/upload\/2023\/03\/Stadt-Aarau_SS-600x314.jpg 600w, https:\/\/radiosummernight.ch\/upload\/2023\/03\/Stadt-Aarau_SS-1024x537.jpg 1024w, https:\/\/radiosummernight.ch\/upload\/2023\/03\/Stadt-Aarau_SS-768x403.jpg 768w, https:\/\/radiosummernight.ch\/upload\/2023\/03\/Stadt-Aarau_SS.jpg 1181w\" sizes=\"auto, (max-width: 300px) 100vw, 300px\" \/><img loading=\"lazy\" decoding=\"async\" class=\"alignnone size-medium wp-image-4388\" src=\"https:\/\/radiosummernight.ch\/upload\/2020\/04\/SWISSLOS_Kanton_Aargau_sw-removebg-preview-2-300x106.png\" alt=\"\" width=\"300\" height=\"106\" title=\"\" srcset=\"https:\/\/radiosummernight.ch\/upload\/2020\/04\/SWISSLOS_Kanton_Aargau_sw-removebg-preview-2-300x106.png 300w, https:\/\/radiosummernight.ch\/upload\/2020\/04\/SWISSLOS_Kanton_Aargau_sw-removebg-preview-2-600x213.png 600w, https:\/\/radiosummernight.ch\/upload\/2020\/04\/SWISSLOS_Kanton_Aargau_sw-removebg-preview-2-768x272.png 768w, https:\/\/radiosummernight.ch\/upload\/2020\/04\/SWISSLOS_Kanton_Aargau_sw-removebg-preview-2-320x114.png 320w, https:\/\/radiosummernight.ch\/upload\/2020\/04\/SWISSLOS_Kanton_Aargau_sw-removebg-preview-2-640x227.png 640w, https:\/\/radiosummernight.ch\/upload\/2020\/04\/SWISSLOS_Kanton_Aargau_sw-removebg-preview-2-360x128.png 360w, https:\/\/radiosummernight.ch\/upload\/2020\/04\/SWISSLOS_Kanton_Aargau_sw-removebg-preview-2-720x255.png 720w, https:\/\/radiosummernight.ch\/upload\/2020\/04\/SWISSLOS_Kanton_Aargau_sw-removebg-preview-2-800x284.png 800w, https:\/\/radiosummernight.ch\/upload\/2020\/04\/SWISSLOS_Kanton_Aargau_sw-removebg-preview-2.png 840w\" sizes=\"auto, (max-width: 300px) 100vw, 300px\" \/><img loading=\"lazy\" decoding=\"async\" class=\"alignnone size-medium wp-image-7271\" src=\"https:\/\/radiosummernight.ch\/upload\/2021\/07\/srks_logo_d-300x80.jpg\" alt=\"\" width=\"300\" height=\"80\" title=\"\" srcset=\"https:\/\/radiosummernight.ch\/upload\/2021\/07\/srks_logo_d-300x80.jpg 300w, https:\/\/radiosummernight.ch\/upload\/2021\/07\/srks_logo_d-scaled-600x160.jpg 600w, https:\/\/radiosummernight.ch\/upload\/2021\/07\/srks_logo_d-1024x273.jpg 1024w, https:\/\/radiosummernight.ch\/upload\/2021\/07\/srks_logo_d-768x205.jpg 768w, https:\/\/radiosummernight.ch\/upload\/2021\/07\/srks_logo_d-1536x410.jpg 1536w, https:\/\/radiosummernight.ch\/upload\/2021\/07\/srks_logo_d-2048x546.jpg 2048w, https:\/\/radiosummernight.ch\/upload\/2021\/07\/srks_logo_d-1200x320.jpg 1200w, https:\/\/radiosummernight.ch\/upload\/2021\/07\/srks_logo_d-1920x512.jpg 1920w\" sizes=\"auto, (max-width: 300px) 100vw, 300px\" \/><img loading=\"lazy\" decoding=\"async\" class=\"alignnone size-medium wp-image-12294\" src=\"https:\/\/radiosummernight.ch\/upload\/2023\/03\/SWP-Logo-2013_schwarz-300x180.jpg\" alt=\"\" width=\"300\" height=\"180\" title=\"\" srcset=\"https:\/\/radiosummernight.ch\/upload\/2023\/03\/SWP-Logo-2013_schwarz-300x180.jpg 300w, https:\/\/radiosummernight.ch\/upload\/2023\/03\/SWP-Logo-2013_schwarz-600x360.jpg 600w, https:\/\/radiosummernight.ch\/upload\/2023\/03\/SWP-Logo-2013_schwarz-1024x614.jpg 1024w, https:\/\/radiosummernight.ch\/upload\/2023\/03\/SWP-Logo-2013_schwarz-768x461.jpg 768w, https:\/\/radiosummernight.ch\/upload\/2023\/03\/SWP-Logo-2013_schwarz.jpg 1182w\" sizes=\"auto, (max-width: 300px) 100vw, 300px\" \/><\/p>\n","protected":false},"excerpt":{"rendered":"<p>In dieser Folge des Kulturpodcasts dreht es sich um Peter-Jakob Kelting, welcher \u00fcber seine dreizehn Jahre als k\u00fcnstlerischer Leiter der B\u00fchne Aarau reflektiert: Von der Vielseitigkeit seines Werdegangs bis zur Niederschwelligkeit der Alten Reithalle \u2013 ein Blick auf die bewegende Verbindung von Theater, Raum und gesellschaftlichem Engagement. &nbsp; &nbsp; &nbsp; Der KulturPodcast wird unterst\u00fctzt von<\/p>","protected":false},"author":92,"featured_media":16743,"comment_status":"closed","ping_status":"closed","sticky":false,"template":"","format":"standard","meta":{"episode_type":"audio","audio_file":"https:\/\/radiosummernight.ch\/upload\/Kulturpodcast_PeterKelting_BuehneAarau.mp3","podmotor_file_id":"","podmotor_episode_id":"","cover_image":"","cover_image_id":"","duration":"24:53","filesize":"17.67M","filesize_raw":"18528480","date_recorded":"2023-12-30 23:02:01","explicit":"","block":"","itunes_episode_number":"","itunes_title":"","itunes_season_number":"","itunes_episode_type":"","footnotes":""},"categories":[591,589,588],"tags":[802,805,536],"series":[468],"class_list":["post-16784","post","type-post","status-publish","format-standard","has-post-thumbnail","hentry","category-kultur","category-aargau","category-redaktionell","tag-buehne-aarau","tag-peter-jakob-kelting","tag-theater","series-kulturpodcast"],"episode_featured_image":"https:\/\/radiosummernight.ch\/upload\/IMG_0914.png","episode_player_image":"https:\/\/radiosummernight.ch\/upload\/2023\/07\/Kultur.png","download_link":"https:\/\/radiosummernight.ch\/podcast-download\/16784\/die-eierlegende-wollmilchsau-peter-jakob-kelting-ueber-die-buehne-aarau.mp3","player_link":"https:\/\/radiosummernight.ch\/podcast-player\/16784\/die-eierlegende-wollmilchsau-peter-jakob-kelting-ueber-die-buehne-aarau.mp3","audio_player":"<audio class=\"wp-audio-shortcode\" id=\"audio-16784-1\" preload=\"none\" style=\"width: 100%;\" controls=\"controls\"><source type=\"audio\/mpeg\" src=\"https:\/\/radiosummernight.ch\/podcast-player\/16784\/die-eierlegende-wollmilchsau-peter-jakob-kelting-ueber-die-buehne-aarau.mp3?_=1\" \/><a href=\"https:\/\/radiosummernight.ch\/podcast-player\/16784\/die-eierlegende-wollmilchsau-peter-jakob-kelting-ueber-die-buehne-aarau.mp3\">https:\/\/radiosummernight.ch\/podcast-player\/16784\/die-eierlegende-wollmilchsau-peter-jakob-kelting-ueber-die-buehne-aarau.mp3<\/a><\/audio>","episode_data":{"playerMode":"light","subscribeUrls":{"apple_podcasts":{"key":"apple_podcasts","url":"https:\/\/podcasts.apple.com\/ch\/podcast\/rsn-kulturpodcast\/id1696075307","label":"Apple Podcasts","class":"apple_podcasts","icon":"apple-podcasts.png"},"deezer":{"key":"deezer","url":"https:\/\/deezer.page.link\/2qMadQuzuk1ezrC2A","label":"Deezer","class":"deezer","icon":"deezer.png"},"google_podcasts":{"key":"google_podcasts","url":"","label":"Google Podcasts","class":"google_podcasts","icon":"google-podcasts.png"},"podcast_de":{"key":"podcast_de","url":"https:\/\/www.podcast.de\/podcast\/3281588\/rsn-kulturpodcast","label":"Podcast.de","class":"podcast_de","icon":"podcast-de.png"},"spotify":{"key":"spotify","url":"https:\/\/open.spotify.com\/show\/2eoIkX2Rk162wcpyBB0L8H?si=2d1a887238bf41c5","label":"Spotify","class":"spotify","icon":"spotify.png"},"itunes":{"key":"itunes","url":"","label":"iTunes","class":"itunes","icon":"itunes.png"},"mytuner_radio":{"key":"mytuner_radio","url":"","label":"myTuner Radio","class":"mytuner_radio","icon":"mytuner-radio.png"}},"rssFeedUrl":"https:\/\/radiosummernight.ch\/fr\/feed\/podcast\/kulturpodcast","embedCode":"<blockquote class=\"wp-embedded-content\" data-secret=\"kdgdq4eZOg\"><a href=\"https:\/\/radiosummernight.ch\/fr\/die-eierlegende-wollmilchsau-peter-jakob-kelting-ueber-die-buehne-aarau\/\">Die eierlegende Wollmilchsau &#8211; Peter-Jakob Kelting \u00fcber die B\u00fchne Aarau<\/a><\/blockquote><iframe sandbox=\"allow-scripts\" security=\"restricted\" src=\"https:\/\/radiosummernight.ch\/fr\/die-eierlegende-wollmilchsau-peter-jakob-kelting-ueber-die-buehne-aarau\/embed\/#?secret=kdgdq4eZOg\" width=\"500\" height=\"350\" title=\"\u00ab\u00a0Die eierlegende Wollmilchsau &#8211; Peter-Jakob Kelting \u00fcber die B\u00fchne Aarau\u00a0\u00bb &#8212; Radio Summernight\" data-secret=\"kdgdq4eZOg\" frameborder=\"0\" marginwidth=\"0\" marginheight=\"0\" scrolling=\"no\" class=\"wp-embedded-content\"><\/iframe><script type=\"text\/javascript\">\n\/* <![CDATA[ *\/\n\/*! This file is auto-generated *\/\n!function(d,l){\"use strict\";l.querySelector&&d.addEventListener&&\"undefined\"!=typeof URL&&(d.wp=d.wp||{},d.wp.receiveEmbedMessage||(d.wp.receiveEmbedMessage=function(e){var t=e.data;if((t||t.secret||t.message||t.value)&&!\/[^a-zA-Z0-9]\/.test(t.secret)){for(var s,r,n,a=l.querySelectorAll('iframe[data-secret=\"'+t.secret+'\"]'),o=l.querySelectorAll('blockquote[data-secret=\"'+t.secret+'\"]'),c=new RegExp(\"^https?:$\",\"i\"),i=0;i<o.length;i++)o[i].style.display=\"none\";for(i=0;i<a.length;i++)s=a[i],e.source===s.contentWindow&&(s.removeAttribute(\"style\"),\"height\"===t.message?(1e3<(r=parseInt(t.value,10))?r=1e3:~~r<200&&(r=200),s.height=r):\"link\"===t.message&&(r=new URL(s.getAttribute(\"src\")),n=new URL(t.value),c.test(n.protocol))&&n.host===r.host&&l.activeElement===s&&(d.top.location.href=t.value))}},d.addEventListener(\"message\",d.wp.receiveEmbedMessage,!1),l.addEventListener(\"DOMContentLoaded\",function(){for(var e,t,s=l.querySelectorAll(\"iframe.wp-embedded-content\"),r=0;r<s.length;r++)(t=(e=s[r]).getAttribute(\"data-secret\"))||(t=Math.random().toString(36).substring(2,12),e.src+=\"#?secret=\"+t,e.setAttribute(\"data-secret\",t)),e.contentWindow.postMessage({message:\"ready\",secret:t},\"*\")},!1)))}(window,document);\n\/\/# sourceURL=https:\/\/radiosummernight.ch\/includes\/js\/wp-embed.min.js\n\/* ]]> *\/\n<\/script>\n"},"_links":{"self":[{"href":"https:\/\/radiosummernight.ch\/fr\/wp-json\/wp\/v2\/posts\/16784","targetHints":{"allow":["GET"]}}],"collection":[{"href":"https:\/\/radiosummernight.ch\/fr\/wp-json\/wp\/v2\/posts"}],"about":[{"href":"https:\/\/radiosummernight.ch\/fr\/wp-json\/wp\/v2\/types\/post"}],"author":[{"embeddable":true,"href":"https:\/\/radiosummernight.ch\/fr\/wp-json\/wp\/v2\/users\/92"}],"replies":[{"embeddable":true,"href":"https:\/\/radiosummernight.ch\/fr\/wp-json\/wp\/v2\/comments?post=16784"}],"version-history":[{"count":0,"href":"https:\/\/radiosummernight.ch\/fr\/wp-json\/wp\/v2\/posts\/16784\/revisions"}],"wp:featuredmedia":[{"embeddable":true,"href":"https:\/\/radiosummernight.ch\/fr\/wp-json\/wp\/v2\/media\/16743"}],"wp:attachment":[{"href":"https:\/\/radiosummernight.ch\/fr\/wp-json\/wp\/v2\/media?parent=16784"}],"wp:term":[{"taxonomy":"category","embeddable":true,"href":"https:\/\/radiosummernight.ch\/fr\/wp-json\/wp\/v2\/categories?post=16784"},{"taxonomy":"post_tag","embeddable":true,"href":"https:\/\/radiosummernight.ch\/fr\/wp-json\/wp\/v2\/tags?post=16784"},{"taxonomy":"series","embeddable":true,"href":"https:\/\/radiosummernight.ch\/fr\/wp-json\/wp\/v2\/series?post=16784"}],"curies":[{"name":"wp","href":"https:\/\/api.w.org\/{rel}","templated":true}]}}