{"id":16821,"date":"2024-01-04T11:12:36","date_gmt":"2024-01-04T10:12:36","guid":{"rendered":"https:\/\/radiosummernight.ch\/?p=16821"},"modified":"2024-01-06T11:27:19","modified_gmt":"2024-01-06T10:27:19","slug":"der-poetry-slam-puls-in-unserer-kulturszene","status":"publish","type":"post","link":"https:\/\/radiosummernight.ch\/fr\/der-poetry-slam-puls-in-unserer-kulturszene\/","title":{"rendered":"Der Poetry Slam-Puls in unserer Kulturszene"},"content":{"rendered":"<p>Wir unterhalten uns mit dem Slam-Poeten Simon Libsig aus Baden, der uns nicht nur \u00fcber seinen pers\u00f6nlichen Weg vom Journalismus zur B\u00fchnenpoesie erz\u00e4hlt, sondern auch Einblicke in seine kreativen Prozesse und pr\u00e4genden Erlebnisse gibt. Simon teilt mit uns, wie er das verschiedene Thema in seinen Texten kunstvoll verwebt und es schafft, selbst in ernsten Momenten eine Prise Humor einfliessen zu lassen. Erfahre, was einen Slam-Text wirklich ausmacht und wie Simon sich an seine Anf\u00e4nge erinnert. Ein inspirierendes Gespr\u00e4ch f\u00fcr alle, die sich f\u00fcr die Entstehung von Poesie, die Dynamik der B\u00fchnenperformance und die transformative Kraft des gesprochenen Wortes interessieren.<\/p>\n<p>&nbsp;<\/p>\n<p>&nbsp;<\/p>\n<p>&nbsp;<\/p>\n<h4>Der KulturPodcast wird unterst\u00fctzt von<\/h4>\n<p><img loading=\"lazy\" decoding=\"async\" class=\"alignnone size-medium wp-image-12296\" src=\"https:\/\/radiosummernight.ch\/upload\/2023\/03\/Stadt-Aarau_SS-300x157.jpg\" alt=\"\" width=\"300\" height=\"157\" title=\"\" srcset=\"https:\/\/radiosummernight.ch\/upload\/2023\/03\/Stadt-Aarau_SS-300x157.jpg 300w, https:\/\/radiosummernight.ch\/upload\/2023\/03\/Stadt-Aarau_SS-600x314.jpg 600w, https:\/\/radiosummernight.ch\/upload\/2023\/03\/Stadt-Aarau_SS-1024x537.jpg 1024w, https:\/\/radiosummernight.ch\/upload\/2023\/03\/Stadt-Aarau_SS-768x403.jpg 768w, https:\/\/radiosummernight.ch\/upload\/2023\/03\/Stadt-Aarau_SS.jpg 1181w\" sizes=\"auto, (max-width: 300px) 100vw, 300px\" \/><img loading=\"lazy\" decoding=\"async\" class=\"alignnone size-medium wp-image-4388\" src=\"https:\/\/radiosummernight.ch\/upload\/2020\/04\/SWISSLOS_Kanton_Aargau_sw-removebg-preview-2-300x106.png\" alt=\"\" width=\"300\" height=\"106\" title=\"\" srcset=\"https:\/\/radiosummernight.ch\/upload\/2020\/04\/SWISSLOS_Kanton_Aargau_sw-removebg-preview-2-300x106.png 300w, https:\/\/radiosummernight.ch\/upload\/2020\/04\/SWISSLOS_Kanton_Aargau_sw-removebg-preview-2-600x213.png 600w, https:\/\/radiosummernight.ch\/upload\/2020\/04\/SWISSLOS_Kanton_Aargau_sw-removebg-preview-2-768x272.png 768w, https:\/\/radiosummernight.ch\/upload\/2020\/04\/SWISSLOS_Kanton_Aargau_sw-removebg-preview-2-320x114.png 320w, https:\/\/radiosummernight.ch\/upload\/2020\/04\/SWISSLOS_Kanton_Aargau_sw-removebg-preview-2-640x227.png 640w, https:\/\/radiosummernight.ch\/upload\/2020\/04\/SWISSLOS_Kanton_Aargau_sw-removebg-preview-2-360x128.png 360w, https:\/\/radiosummernight.ch\/upload\/2020\/04\/SWISSLOS_Kanton_Aargau_sw-removebg-preview-2-720x255.png 720w, https:\/\/radiosummernight.ch\/upload\/2020\/04\/SWISSLOS_Kanton_Aargau_sw-removebg-preview-2-800x284.png 800w, https:\/\/radiosummernight.ch\/upload\/2020\/04\/SWISSLOS_Kanton_Aargau_sw-removebg-preview-2.png 840w\" sizes=\"auto, (max-width: 300px) 100vw, 300px\" \/><img loading=\"lazy\" decoding=\"async\" class=\"alignnone size-medium wp-image-7271\" src=\"https:\/\/radiosummernight.ch\/upload\/2021\/07\/srks_logo_d-300x80.jpg\" alt=\"\" width=\"300\" height=\"80\" title=\"\" srcset=\"https:\/\/radiosummernight.ch\/upload\/2021\/07\/srks_logo_d-300x80.jpg 300w, https:\/\/radiosummernight.ch\/upload\/2021\/07\/srks_logo_d-scaled-600x160.jpg 600w, https:\/\/radiosummernight.ch\/upload\/2021\/07\/srks_logo_d-1024x273.jpg 1024w, https:\/\/radiosummernight.ch\/upload\/2021\/07\/srks_logo_d-768x205.jpg 768w, https:\/\/radiosummernight.ch\/upload\/2021\/07\/srks_logo_d-1536x410.jpg 1536w, https:\/\/radiosummernight.ch\/upload\/2021\/07\/srks_logo_d-2048x546.jpg 2048w, https:\/\/radiosummernight.ch\/upload\/2021\/07\/srks_logo_d-1200x320.jpg 1200w, https:\/\/radiosummernight.ch\/upload\/2021\/07\/srks_logo_d-1920x512.jpg 1920w\" sizes=\"auto, (max-width: 300px) 100vw, 300px\" \/><img loading=\"lazy\" decoding=\"async\" class=\"alignnone size-medium wp-image-12294\" src=\"https:\/\/radiosummernight.ch\/upload\/2023\/03\/SWP-Logo-2013_schwarz-300x180.jpg\" alt=\"\" width=\"300\" height=\"180\" title=\"\" srcset=\"https:\/\/radiosummernight.ch\/upload\/2023\/03\/SWP-Logo-2013_schwarz-300x180.jpg 300w, https:\/\/radiosummernight.ch\/upload\/2023\/03\/SWP-Logo-2013_schwarz-600x360.jpg 600w, https:\/\/radiosummernight.ch\/upload\/2023\/03\/SWP-Logo-2013_schwarz-1024x614.jpg 1024w, https:\/\/radiosummernight.ch\/upload\/2023\/03\/SWP-Logo-2013_schwarz-768x461.jpg 768w, https:\/\/radiosummernight.ch\/upload\/2023\/03\/SWP-Logo-2013_schwarz.jpg 1182w\" sizes=\"auto, (max-width: 300px) 100vw, 300px\" \/><\/p>","protected":false},"excerpt":{"rendered":"<p>Wir unterhalten uns mit dem Slam-Poeten Simon Libsig aus Baden, der uns nicht nur \u00fcber seinen pers\u00f6nlichen Weg vom Journalismus zur B\u00fchnenpoesie erz\u00e4hlt, sondern auch Einblicke in seine kreativen Prozesse und pr\u00e4genden Erlebnisse gibt. Simon teilt mit uns, wie er das verschiedene Thema in seinen Texten kunstvoll verwebt und es schafft, selbst in ernsten Momenten&hellip; <br \/> <a class=\"read-more\" href=\"https:\/\/radiosummernight.ch\/fr\/der-poetry-slam-puls-in-unserer-kulturszene\/\">Read more<\/a><\/p>","protected":false},"author":92,"featured_media":16822,"comment_status":"closed","ping_status":"closed","sticky":false,"template":"","format":"standard","meta":{"episode_type":"audio","audio_file":"https:\/\/radiosummernight.ch\/upload\/Kulturpodcast_SlamZueri.mp3","podmotor_file_id":"","podmotor_episode_id":"","cover_image":"","cover_image_id":"","duration":"8:32","filesize":"4.65M","filesize_raw":"4874976","date_recorded":"2024-01-04 11:11:25","explicit":"","block":"","itunes_episode_number":"","itunes_title":"","itunes_season_number":"","itunes_episode_type":"","footnotes":""},"categories":[589,590,591,588],"tags":[159,808,807,806],"series":[468],"class_list":["post-16821","post","type-post","status-publish","format-standard","has-post-thumbnail","hentry","category-aargau","category-kanton-zuerich","category-kultur","category-redaktionell","tag-kultur","tag-poetry-slam","tag-schauspielhaus-zuerich","tag-simon-libsig","series-kulturpodcast"],"episode_featured_image":"https:\/\/radiosummernight.ch\/upload\/Kopie-von-Artikel-Bild-radiosummernight.ch_-10.png","episode_player_image":"https:\/\/radiosummernight.ch\/upload\/2023\/07\/Kultur.png","download_link":"https:\/\/radiosummernight.ch\/podcast-download\/16821\/der-poetry-slam-puls-in-unserer-kulturszene.mp3","player_link":"https:\/\/radiosummernight.ch\/podcast-player\/16821\/der-poetry-slam-puls-in-unserer-kulturszene.mp3","audio_player":"<audio class=\"wp-audio-shortcode\" id=\"audio-16821-1\" preload=\"none\" style=\"width: 100%;\" controls=\"controls\"><source type=\"audio\/mpeg\" src=\"https:\/\/radiosummernight.ch\/podcast-player\/16821\/der-poetry-slam-puls-in-unserer-kulturszene.mp3?_=1\" \/><a href=\"https:\/\/radiosummernight.ch\/podcast-player\/16821\/der-poetry-slam-puls-in-unserer-kulturszene.mp3\">https:\/\/radiosummernight.ch\/podcast-player\/16821\/der-poetry-slam-puls-in-unserer-kulturszene.mp3<\/a><\/audio>","episode_data":{"playerMode":"light","subscribeUrls":{"apple_podcasts":{"key":"apple_podcasts","url":"https:\/\/podcasts.apple.com\/ch\/podcast\/rsn-kulturpodcast\/id1696075307","label":"Apple Podcasts","class":"apple_podcasts","icon":"apple-podcasts.png"},"deezer":{"key":"deezer","url":"https:\/\/deezer.page.link\/2qMadQuzuk1ezrC2A","label":"Deezer","class":"deezer","icon":"deezer.png"},"google_podcasts":{"key":"google_podcasts","url":"","label":"Google Podcasts","class":"google_podcasts","icon":"google-podcasts.png"},"podcast_de":{"key":"podcast_de","url":"https:\/\/www.podcast.de\/podcast\/3281588\/rsn-kulturpodcast","label":"Podcast.de","class":"podcast_de","icon":"podcast-de.png"},"spotify":{"key":"spotify","url":"https:\/\/open.spotify.com\/show\/2eoIkX2Rk162wcpyBB0L8H?si=2d1a887238bf41c5","label":"Spotify","class":"spotify","icon":"spotify.png"},"itunes":{"key":"itunes","url":"","label":"iTunes","class":"itunes","icon":"itunes.png"},"mytuner_radio":{"key":"mytuner_radio","url":"","label":"myTuner Radio","class":"mytuner_radio","icon":"mytuner-radio.png"}},"rssFeedUrl":"https:\/\/radiosummernight.ch\/fr\/feed\/podcast\/kulturpodcast","embedCode":"<blockquote class=\"wp-embedded-content\" data-secret=\"K05J3momPD\"><a href=\"https:\/\/radiosummernight.ch\/fr\/der-poetry-slam-puls-in-unserer-kulturszene\/\">Der Poetry Slam-Puls in unserer Kulturszene<\/a><\/blockquote><iframe sandbox=\"allow-scripts\" security=\"restricted\" src=\"https:\/\/radiosummernight.ch\/fr\/der-poetry-slam-puls-in-unserer-kulturszene\/embed\/#?secret=K05J3momPD\" width=\"500\" height=\"350\" title=\"\u00ab\u00a0Der Poetry Slam-Puls in unserer Kulturszene\u00a0\u00bb &#8212; Radio Summernight\" data-secret=\"K05J3momPD\" frameborder=\"0\" marginwidth=\"0\" marginheight=\"0\" scrolling=\"no\" class=\"wp-embedded-content\"><\/iframe><script type=\"text\/javascript\">\n\/* <![CDATA[ *\/\n\/*! This file is auto-generated *\/\n!function(d,l){\"use strict\";l.querySelector&&d.addEventListener&&\"undefined\"!=typeof URL&&(d.wp=d.wp||{},d.wp.receiveEmbedMessage||(d.wp.receiveEmbedMessage=function(e){var t=e.data;if((t||t.secret||t.message||t.value)&&!\/[^a-zA-Z0-9]\/.test(t.secret)){for(var s,r,n,a=l.querySelectorAll('iframe[data-secret=\"'+t.secret+'\"]'),o=l.querySelectorAll('blockquote[data-secret=\"'+t.secret+'\"]'),c=new RegExp(\"^https?:$\",\"i\"),i=0;i<o.length;i++)o[i].style.display=\"none\";for(i=0;i<a.length;i++)s=a[i],e.source===s.contentWindow&&(s.removeAttribute(\"style\"),\"height\"===t.message?(1e3<(r=parseInt(t.value,10))?r=1e3:~~r<200&&(r=200),s.height=r):\"link\"===t.message&&(r=new URL(s.getAttribute(\"src\")),n=new URL(t.value),c.test(n.protocol))&&n.host===r.host&&l.activeElement===s&&(d.top.location.href=t.value))}},d.addEventListener(\"message\",d.wp.receiveEmbedMessage,!1),l.addEventListener(\"DOMContentLoaded\",function(){for(var e,t,s=l.querySelectorAll(\"iframe.wp-embedded-content\"),r=0;r<s.length;r++)(t=(e=s[r]).getAttribute(\"data-secret\"))||(t=Math.random().toString(36).substring(2,12),e.src+=\"#?secret=\"+t,e.setAttribute(\"data-secret\",t)),e.contentWindow.postMessage({message:\"ready\",secret:t},\"*\")},!1)))}(window,document);\n\/\/# sourceURL=https:\/\/radiosummernight.ch\/includes\/js\/wp-embed.min.js\n\/* ]]> *\/\n<\/script>\n"},"_links":{"self":[{"href":"https:\/\/radiosummernight.ch\/fr\/wp-json\/wp\/v2\/posts\/16821","targetHints":{"allow":["GET"]}}],"collection":[{"href":"https:\/\/radiosummernight.ch\/fr\/wp-json\/wp\/v2\/posts"}],"about":[{"href":"https:\/\/radiosummernight.ch\/fr\/wp-json\/wp\/v2\/types\/post"}],"author":[{"embeddable":true,"href":"https:\/\/radiosummernight.ch\/fr\/wp-json\/wp\/v2\/users\/92"}],"replies":[{"embeddable":true,"href":"https:\/\/radiosummernight.ch\/fr\/wp-json\/wp\/v2\/comments?post=16821"}],"version-history":[{"count":0,"href":"https:\/\/radiosummernight.ch\/fr\/wp-json\/wp\/v2\/posts\/16821\/revisions"}],"wp:featuredmedia":[{"embeddable":true,"href":"https:\/\/radiosummernight.ch\/fr\/wp-json\/wp\/v2\/media\/16822"}],"wp:attachment":[{"href":"https:\/\/radiosummernight.ch\/fr\/wp-json\/wp\/v2\/media?parent=16821"}],"wp:term":[{"taxonomy":"category","embeddable":true,"href":"https:\/\/radiosummernight.ch\/fr\/wp-json\/wp\/v2\/categories?post=16821"},{"taxonomy":"post_tag","embeddable":true,"href":"https:\/\/radiosummernight.ch\/fr\/wp-json\/wp\/v2\/tags?post=16821"},{"taxonomy":"series","embeddable":true,"href":"https:\/\/radiosummernight.ch\/fr\/wp-json\/wp\/v2\/series?post=16821"}],"curies":[{"name":"wp","href":"https:\/\/api.w.org\/{rel}","templated":true}]}}