{"id":17660,"date":"2024-02-18T14:49:13","date_gmt":"2024-02-18T13:49:13","guid":{"rendered":"https:\/\/radiosummernight.ch\/?p=17660"},"modified":"2024-02-18T14:49:13","modified_gmt":"2024-02-18T13:49:13","slug":"flughafen-zuerich-pistenverlaengerung-ja-oder-nein","status":"publish","type":"post","link":"https:\/\/radiosummernight.ch\/fr\/flughafen-zuerich-pistenverlaengerung-ja-oder-nein\/","title":{"rendered":"Flughafen Z\u00fcrich Pistenverl\u00e4ngerung. Ja oder Nein?"},"content":{"rendered":"<p>In Z\u00fcrich sollten zwei Start- und Landebahnen verl\u00e4ngert werden.<\/p>\n<p>Dar\u00fcber wird am 3. M\u00e4rz in Z\u00fcrich abgestimmt.<\/p>\n<p>Wir schauen uns die Hintergr\u00fcnde, Vorteile und Nachteile an.<\/p>\n<p>Dazu haben wir Interviews mit verschiedenen Leuten auf der Strasse in Aarau gemacht.<\/p>\n<p>Mehr dazu erfahren Sie in unserem Audiobeitrag.<\/p>","protected":false},"excerpt":{"rendered":"<p>In Z\u00fcrich sollten zwei Start- und Landebahnen verl\u00e4ngert werden. Dar\u00fcber wird am 3. M\u00e4rz in Z\u00fcrich abgestimmt. Wir schauen uns die Hintergr\u00fcnde, Vorteile und Nachteile an. Dazu haben wir Interviews mit verschiedenen Leuten auf der Strasse in Aarau gemacht. Mehr dazu erfahren Sie in unserem Audiobeitrag.<\/p>","protected":false},"author":51,"featured_media":17662,"comment_status":"closed","ping_status":"closed","sticky":false,"template":"","format":"standard","meta":{"episode_type":"audio","audio_file":"https:\/\/radiosummernight.ch\/upload\/Flughafen-ZH-Raffaele-und-Nicola.mp3","podmotor_file_id":"","podmotor_episode_id":"","cover_image":"","cover_image_id":"","duration":"2:10","filesize":"1.15M","filesize_raw":"1208844","date_recorded":"2024-02-18 14:49:13","explicit":"","block":"","itunes_episode_number":"","itunes_title":"","itunes_season_number":"","itunes_episode_type":"","footnotes":""},"categories":[719],"tags":[],"series":[1573],"class_list":["post-17660","post","type-post","status-publish","format-standard","has-post-thumbnail","hentry","category-news-kurse","series-radio-summernight"],"episode_featured_image":"https:\/\/radiosummernight.ch\/upload\/Zurich-Airport-Carlos-Delgado.jpg","episode_player_image":"https:\/\/radiosummernight.ch\/upload\/2021\/03\/Logo-RSN-Schwarz-300x300-Green.png","download_link":"https:\/\/radiosummernight.ch\/podcast-download\/17660\/flughafen-zuerich-pistenverlaengerung-ja-oder-nein.mp3","player_link":"https:\/\/radiosummernight.ch\/podcast-player\/17660\/flughafen-zuerich-pistenverlaengerung-ja-oder-nein.mp3","audio_player":"<audio class=\"wp-audio-shortcode\" id=\"audio-17660-1\" preload=\"none\" style=\"width: 100%;\" controls=\"controls\"><source type=\"audio\/mpeg\" src=\"https:\/\/radiosummernight.ch\/podcast-player\/17660\/flughafen-zuerich-pistenverlaengerung-ja-oder-nein.mp3?_=1\" \/><a href=\"https:\/\/radiosummernight.ch\/podcast-player\/17660\/flughafen-zuerich-pistenverlaengerung-ja-oder-nein.mp3\">https:\/\/radiosummernight.ch\/podcast-player\/17660\/flughafen-zuerich-pistenverlaengerung-ja-oder-nein.mp3<\/a><\/audio>","episode_data":{"playerMode":"light","subscribeUrls":{"apple_podcasts":{"key":"apple_podcasts","url":"https:\/\/podcasts.apple.com\/us\/podcast\/radio-summernight\/id1647787397?%20uo=4&itsct=podtail_podcasts&itscg=30200&ls=1&at=1001l39ag&ct=deutschepodcasts.de","label":"Apple Podcasts","class":"apple_podcasts","icon":"apple-podcasts.png"},"deezer":{"key":"deezer","url":"https:\/\/deezer.page.link\/NKiaDgyHm5ekBXsE7","label":"Deezer","class":"deezer","icon":"deezer.png"},"google_podcasts":{"key":"google_podcasts","url":"https:\/\/podcasts.google.com\/feed\/aHR0cHM6Ly9yYWRpb3N1bW1lcm5pZ2h0LmNoL2ZlZWQvcG9kY2FzdA?%20sa=X&ved=0CAMQ4aUDahcKEwj4gc2i0oP8AhUAAAAAHQAAAAAQAQ&hl=de-CH","label":"Google Podcasts","class":"google_podcasts","icon":"google-podcasts.png"},"podcast_de":{"key":"podcast_de","url":"https:\/\/www.podcast.de\/podcast\/3070299\/radio-summernight","label":"Podcast.de","class":"podcast_de","icon":"podcast-de.png"},"spotify":{"key":"spotify","url":"https:\/\/open.spotify.com\/show\/4DnvrNRnOIGTWoVH4yoIpC","label":"Spotify","class":"spotify","icon":"spotify.png"},"itunes":{"key":"itunes","url":"","label":"iTunes","class":"itunes","icon":"itunes.png"},"mytuner_radio":{"key":"mytuner_radio","url":"","label":"myTuner Radio","class":"mytuner_radio","icon":"mytuner-radio.png"}},"rssFeedUrl":"https:\/\/radiosummernight.ch\/fr\/feed\/podcast\/radio-summernight","embedCode":"<blockquote class=\"wp-embedded-content\" data-secret=\"n6RfmVPQtq\"><a href=\"https:\/\/radiosummernight.ch\/fr\/flughafen-zuerich-pistenverlaengerung-ja-oder-nein\/\">Flughafen Z\u00fcrich Pistenverl\u00e4ngerung. Ja oder Nein?<\/a><\/blockquote><iframe sandbox=\"allow-scripts\" security=\"restricted\" src=\"https:\/\/radiosummernight.ch\/fr\/flughafen-zuerich-pistenverlaengerung-ja-oder-nein\/embed\/#?secret=n6RfmVPQtq\" width=\"500\" height=\"350\" title=\"\u00ab\u00a0Flughafen Z\u00fcrich Pistenverl\u00e4ngerung. Ja oder Nein?\u00a0\u00bb &#8212; Radio Summernight\" data-secret=\"n6RfmVPQtq\" frameborder=\"0\" marginwidth=\"0\" marginheight=\"0\" scrolling=\"no\" class=\"wp-embedded-content\"><\/iframe><script type=\"text\/javascript\">\n\/* <![CDATA[ *\/\n\/*! This file is auto-generated *\/\n!function(d,l){\"use strict\";l.querySelector&&d.addEventListener&&\"undefined\"!=typeof URL&&(d.wp=d.wp||{},d.wp.receiveEmbedMessage||(d.wp.receiveEmbedMessage=function(e){var t=e.data;if((t||t.secret||t.message||t.value)&&!\/[^a-zA-Z0-9]\/.test(t.secret)){for(var s,r,n,a=l.querySelectorAll('iframe[data-secret=\"'+t.secret+'\"]'),o=l.querySelectorAll('blockquote[data-secret=\"'+t.secret+'\"]'),c=new RegExp(\"^https?:$\",\"i\"),i=0;i<o.length;i++)o[i].style.display=\"none\";for(i=0;i<a.length;i++)s=a[i],e.source===s.contentWindow&&(s.removeAttribute(\"style\"),\"height\"===t.message?(1e3<(r=parseInt(t.value,10))?r=1e3:~~r<200&&(r=200),s.height=r):\"link\"===t.message&&(r=new URL(s.getAttribute(\"src\")),n=new URL(t.value),c.test(n.protocol))&&n.host===r.host&&l.activeElement===s&&(d.top.location.href=t.value))}},d.addEventListener(\"message\",d.wp.receiveEmbedMessage,!1),l.addEventListener(\"DOMContentLoaded\",function(){for(var e,t,s=l.querySelectorAll(\"iframe.wp-embedded-content\"),r=0;r<s.length;r++)(t=(e=s[r]).getAttribute(\"data-secret\"))||(t=Math.random().toString(36).substring(2,12),e.src+=\"#?secret=\"+t,e.setAttribute(\"data-secret\",t)),e.contentWindow.postMessage({message:\"ready\",secret:t},\"*\")},!1)))}(window,document);\n\/\/# sourceURL=https:\/\/radiosummernight.ch\/includes\/js\/wp-embed.min.js\n\/* ]]> *\/\n<\/script>\n"},"_links":{"self":[{"href":"https:\/\/radiosummernight.ch\/fr\/wp-json\/wp\/v2\/posts\/17660","targetHints":{"allow":["GET"]}}],"collection":[{"href":"https:\/\/radiosummernight.ch\/fr\/wp-json\/wp\/v2\/posts"}],"about":[{"href":"https:\/\/radiosummernight.ch\/fr\/wp-json\/wp\/v2\/types\/post"}],"author":[{"embeddable":true,"href":"https:\/\/radiosummernight.ch\/fr\/wp-json\/wp\/v2\/users\/51"}],"replies":[{"embeddable":true,"href":"https:\/\/radiosummernight.ch\/fr\/wp-json\/wp\/v2\/comments?post=17660"}],"version-history":[{"count":0,"href":"https:\/\/radiosummernight.ch\/fr\/wp-json\/wp\/v2\/posts\/17660\/revisions"}],"wp:featuredmedia":[{"embeddable":true,"href":"https:\/\/radiosummernight.ch\/fr\/wp-json\/wp\/v2\/media\/17662"}],"wp:attachment":[{"href":"https:\/\/radiosummernight.ch\/fr\/wp-json\/wp\/v2\/media?parent=17660"}],"wp:term":[{"taxonomy":"category","embeddable":true,"href":"https:\/\/radiosummernight.ch\/fr\/wp-json\/wp\/v2\/categories?post=17660"},{"taxonomy":"post_tag","embeddable":true,"href":"https:\/\/radiosummernight.ch\/fr\/wp-json\/wp\/v2\/tags?post=17660"},{"taxonomy":"series","embeddable":true,"href":"https:\/\/radiosummernight.ch\/fr\/wp-json\/wp\/v2\/series?post=17660"}],"curies":[{"name":"wp","href":"https:\/\/api.w.org\/{rel}","templated":true}]}}