{"id":18677,"date":"2024-05-08T11:43:13","date_gmt":"2024-05-08T09:43:13","guid":{"rendered":"https:\/\/radiosummernight.ch\/?p=18677"},"modified":"2024-07-29T10:40:19","modified_gmt":"2024-07-29T08:40:19","slug":"jugend-trifft-auf-klassische-musik-in-der-reformierten-kirche-rueti","status":"publish","type":"post","link":"https:\/\/radiosummernight.ch\/fr\/jugend-trifft-auf-klassische-musik-in-der-reformierten-kirche-rueti\/","title":{"rendered":"Musiksommer am Z\u00fcrichsee: Jugend trifft auf klassische Musik in der reformierten Kirche R\u00fcti"},"content":{"rendered":"<div class=\"row\">\n<div class=\"col-lg-8 offset-lg-2\">\n<div class=\"lead-text\">Ein einzigartiges Projekt brachte Jugendliche aus der Region zusammen, um klassische Musik in einem unkonventionellen Rahmen zu erleben und dar\u00fcber zu berichten.<\/div>\n<\/div>\n<\/div>\n<div class=\"row\">\n<div class=\"col-lg-12\">\n<div class=\"row\">\n<div class=\"article-content text first allow-infeed\">\n<p>Der Musiksommer am Z\u00fcrichsee er\u00f6ffnete seine Saison 2024 mit einem fesselnden Konzert, das die Zuh\u00f6rer auf eine beeindruckende Reise in die Epoche der Franz\u00f6sischen Revolution mitnahm. Unter der Leitung des Dirigenten Giovanni Antonini und begleitet von der herausragenden Sopranistin Malin Hartelius sowie dem einzigartigen Ensemble La Banda Storica, bot das Er\u00f6ffnungskonzert ein unvergessliches musikalisches Erlebnis.<\/p>\n<div id=\"adnz_content_1\" data-adnz-placement=\"1\" data-adnz-effect-tag=\"ad:adnz_content_1\" data-adnz-winner=\"APPNEXUS\" data-adnz-creative-id=\"494737001\" data-adnz-loaded=\"1\" data-adnz-shown=\"1\">\n<div id=\"div_utif_adnz_content_1\"><\/div>\n<\/div>\n<h2>Eine Jugendinitiative in Kooperation mit Radio Summernight<\/h2>\n<p>In der Katholischen Kirche R\u00fcti versammelten sich nicht nur Musikliebhaber jeden Alters, sondern auch Jugendliche, um an diesem Abend teilzunehmen. Das Projekt, das in Zusammenarbeit mit dem Jugendradiosender Radio Summernight, zu dem auch Aarau24 geh\u00f6rt, ins Leben gerufen wurde, hatte zum Ziel, jungen Menschen klassische Musik auf eine zug\u00e4ngliche Weise n\u00e4herzubringen und ihre eigenen Eindr\u00fccke und Gedanken zu teilen.<\/p>\n<p>Das Er\u00f6ffnungskonzert stand ganz im Zeichen des Mottos &#8220;Die Zeit der Franz\u00f6sischen Revolution&#8221;, und die Jugendlichen wurden eingeladen, gemeinsam mit erfahrenen Musikern und Experten in die Welt von Mozart, Wranitzky und Beethoven einzutauchen. Im Anschluss an das Konzert hatten sie die Gelegenheit, ihre Eindr\u00fccke und Gedanken in Form von Berichten und Kommentaren festzuhalten, die unter Anleitung von erfahrenen Journalisten und Musikexperten zu einer vielschichtigen Berichterstattung \u00fcber den Abend zusammengef\u00fchrt wurden.<\/p>\n<h2>Eine facettenreiche musikalische Darbietung<\/h2>\n<p>Die Auff\u00fchrung von Mozarts &#8220;La clemenza di Tito&#8221; reflektierte eindrucksvoll die Macht und Ohnmacht aus der Perspektive der Herrschenden, w\u00e4hrend Wranitzkys Sinfonie &#8220;Grande Sinfonie caract\u00e9ristique pour la paix avec la r\u00e9publique fran\u00e7aise&#8221; den 1. Koalitionskrieg gegen das revolution\u00e4re Frankreich thematisierte. Beethovens Ouvert\u00fcre zu &#8220;Die Gesch\u00f6pfe des Prometheus&#8221; symbolisierte die Auflehnung gegen die bestehende Ordnung und rundete das musikalische Programm ab.<\/p>\n<p>Das Er\u00f6ffnungskonzert des Musiksommer am Z\u00fcrichsee war ein unvergessliches Erlebnis, das die Zuh\u00f6rer auf eine faszinierende Reise in die Zeit der Franz\u00f6sischen Revolution mitnahm. Weitere Informationen \u00fcber den Musiksommer und kommende Konzerte sind auf der Website www.musiksommer.ch erh\u00e4ltlich.<\/p>\n<\/div>\n<\/div>\n<\/div>\n<\/div>","protected":false},"excerpt":{"rendered":"<p>Ein einzigartiges Projekt brachte Jugendliche aus der Region zusammen, um klassische Musik in einem unkonventionellen Rahmen zu erleben und dar\u00fcber zu berichten. Der Musiksommer am Z\u00fcrichsee er\u00f6ffnete seine Saison 2024 mit einem fesselnden Konzert, das die Zuh\u00f6rer auf eine beeindruckende Reise in die Epoche der Franz\u00f6sischen Revolution mitnahm. Unter der Leitung des Dirigenten Giovanni Antonini&hellip; <br \/> <a class=\"read-more\" href=\"https:\/\/radiosummernight.ch\/fr\/jugend-trifft-auf-klassische-musik-in-der-reformierten-kirche-rueti\/\">Read more<\/a><\/p>","protected":false},"author":118,"featured_media":18686,"comment_status":"closed","ping_status":"closed","sticky":false,"template":"","format":"standard","meta":{"episode_type":"audio","audio_file":"https:\/\/radiosummernight.ch\/upload\/folge-musigsummer-am-zuerisee.mp3","podmotor_file_id":"","podmotor_episode_id":"","cover_image":"","cover_image_id":"","duration":"26:33","filesize":"24.09M","filesize_raw":"25258624","date_recorded":"2024-05-08 11:43:13","explicit":"","block":"","itunes_episode_number":"","itunes_title":"","itunes_season_number":"","itunes_episode_type":"","footnotes":""},"categories":[590,591,588],"tags":[],"series":[1573],"class_list":["post-18677","post","type-post","status-publish","format-standard","has-post-thumbnail","hentry","category-kanton-zuerich","category-kultur","category-redaktionell","series-radio-summernight"],"episode_featured_image":"https:\/\/radiosummernight.ch\/upload\/4-1.png","episode_player_image":"https:\/\/radiosummernight.ch\/upload\/2021\/03\/Logo-RSN-Schwarz-300x300-Green.png","download_link":"https:\/\/radiosummernight.ch\/podcast-download\/18677\/jugend-trifft-auf-klassische-musik-in-der-reformierten-kirche-rueti.mp3","player_link":"https:\/\/radiosummernight.ch\/podcast-player\/18677\/jugend-trifft-auf-klassische-musik-in-der-reformierten-kirche-rueti.mp3","audio_player":"<audio class=\"wp-audio-shortcode\" id=\"audio-18677-1\" preload=\"none\" style=\"width: 100%;\" controls=\"controls\"><source type=\"audio\/mpeg\" src=\"https:\/\/radiosummernight.ch\/podcast-player\/18677\/jugend-trifft-auf-klassische-musik-in-der-reformierten-kirche-rueti.mp3?_=1\" \/><a href=\"https:\/\/radiosummernight.ch\/podcast-player\/18677\/jugend-trifft-auf-klassische-musik-in-der-reformierten-kirche-rueti.mp3\">https:\/\/radiosummernight.ch\/podcast-player\/18677\/jugend-trifft-auf-klassische-musik-in-der-reformierten-kirche-rueti.mp3<\/a><\/audio>","episode_data":{"playerMode":"light","subscribeUrls":{"apple_podcasts":{"key":"apple_podcasts","url":"https:\/\/podcasts.apple.com\/us\/podcast\/radio-summernight\/id1647787397?%20uo=4&itsct=podtail_podcasts&itscg=30200&ls=1&at=1001l39ag&ct=deutschepodcasts.de","label":"Apple Podcasts","class":"apple_podcasts","icon":"apple-podcasts.png"},"deezer":{"key":"deezer","url":"https:\/\/deezer.page.link\/NKiaDgyHm5ekBXsE7","label":"Deezer","class":"deezer","icon":"deezer.png"},"google_podcasts":{"key":"google_podcasts","url":"https:\/\/podcasts.google.com\/feed\/aHR0cHM6Ly9yYWRpb3N1bW1lcm5pZ2h0LmNoL2ZlZWQvcG9kY2FzdA?%20sa=X&ved=0CAMQ4aUDahcKEwj4gc2i0oP8AhUAAAAAHQAAAAAQAQ&hl=de-CH","label":"Google Podcasts","class":"google_podcasts","icon":"google-podcasts.png"},"podcast_de":{"key":"podcast_de","url":"https:\/\/www.podcast.de\/podcast\/3070299\/radio-summernight","label":"Podcast.de","class":"podcast_de","icon":"podcast-de.png"},"spotify":{"key":"spotify","url":"https:\/\/open.spotify.com\/show\/4DnvrNRnOIGTWoVH4yoIpC","label":"Spotify","class":"spotify","icon":"spotify.png"},"itunes":{"key":"itunes","url":"","label":"iTunes","class":"itunes","icon":"itunes.png"},"mytuner_radio":{"key":"mytuner_radio","url":"","label":"myTuner Radio","class":"mytuner_radio","icon":"mytuner-radio.png"}},"rssFeedUrl":"https:\/\/radiosummernight.ch\/fr\/feed\/podcast\/radio-summernight","embedCode":"<blockquote class=\"wp-embedded-content\" data-secret=\"xXB1lJcw97\"><a href=\"https:\/\/radiosummernight.ch\/fr\/jugend-trifft-auf-klassische-musik-in-der-reformierten-kirche-rueti\/\">Musiksommer am Z\u00fcrichsee: Jugend trifft auf klassische Musik in der reformierten Kirche R\u00fcti<\/a><\/blockquote><iframe sandbox=\"allow-scripts\" security=\"restricted\" src=\"https:\/\/radiosummernight.ch\/fr\/jugend-trifft-auf-klassische-musik-in-der-reformierten-kirche-rueti\/embed\/#?secret=xXB1lJcw97\" width=\"500\" height=\"350\" title=\"\u00ab\u00a0Musiksommer am Z\u00fcrichsee: Jugend trifft auf klassische Musik in der reformierten Kirche R\u00fcti\u00a0\u00bb &#8212; Radio Summernight\" data-secret=\"xXB1lJcw97\" frameborder=\"0\" marginwidth=\"0\" marginheight=\"0\" scrolling=\"no\" class=\"wp-embedded-content\"><\/iframe><script type=\"text\/javascript\">\n\/* <![CDATA[ *\/\n\/*! This file is auto-generated *\/\n!function(d,l){\"use strict\";l.querySelector&&d.addEventListener&&\"undefined\"!=typeof URL&&(d.wp=d.wp||{},d.wp.receiveEmbedMessage||(d.wp.receiveEmbedMessage=function(e){var t=e.data;if((t||t.secret||t.message||t.value)&&!\/[^a-zA-Z0-9]\/.test(t.secret)){for(var s,r,n,a=l.querySelectorAll('iframe[data-secret=\"'+t.secret+'\"]'),o=l.querySelectorAll('blockquote[data-secret=\"'+t.secret+'\"]'),c=new RegExp(\"^https?:$\",\"i\"),i=0;i<o.length;i++)o[i].style.display=\"none\";for(i=0;i<a.length;i++)s=a[i],e.source===s.contentWindow&&(s.removeAttribute(\"style\"),\"height\"===t.message?(1e3<(r=parseInt(t.value,10))?r=1e3:~~r<200&&(r=200),s.height=r):\"link\"===t.message&&(r=new URL(s.getAttribute(\"src\")),n=new URL(t.value),c.test(n.protocol))&&n.host===r.host&&l.activeElement===s&&(d.top.location.href=t.value))}},d.addEventListener(\"message\",d.wp.receiveEmbedMessage,!1),l.addEventListener(\"DOMContentLoaded\",function(){for(var e,t,s=l.querySelectorAll(\"iframe.wp-embedded-content\"),r=0;r<s.length;r++)(t=(e=s[r]).getAttribute(\"data-secret\"))||(t=Math.random().toString(36).substring(2,12),e.src+=\"#?secret=\"+t,e.setAttribute(\"data-secret\",t)),e.contentWindow.postMessage({message:\"ready\",secret:t},\"*\")},!1)))}(window,document);\n\/\/# sourceURL=https:\/\/radiosummernight.ch\/includes\/js\/wp-embed.min.js\n\/* ]]> *\/\n<\/script>\n"},"_links":{"self":[{"href":"https:\/\/radiosummernight.ch\/fr\/wp-json\/wp\/v2\/posts\/18677","targetHints":{"allow":["GET"]}}],"collection":[{"href":"https:\/\/radiosummernight.ch\/fr\/wp-json\/wp\/v2\/posts"}],"about":[{"href":"https:\/\/radiosummernight.ch\/fr\/wp-json\/wp\/v2\/types\/post"}],"author":[{"embeddable":true,"href":"https:\/\/radiosummernight.ch\/fr\/wp-json\/wp\/v2\/users\/118"}],"replies":[{"embeddable":true,"href":"https:\/\/radiosummernight.ch\/fr\/wp-json\/wp\/v2\/comments?post=18677"}],"version-history":[{"count":0,"href":"https:\/\/radiosummernight.ch\/fr\/wp-json\/wp\/v2\/posts\/18677\/revisions"}],"wp:featuredmedia":[{"embeddable":true,"href":"https:\/\/radiosummernight.ch\/fr\/wp-json\/wp\/v2\/media\/18686"}],"wp:attachment":[{"href":"https:\/\/radiosummernight.ch\/fr\/wp-json\/wp\/v2\/media?parent=18677"}],"wp:term":[{"taxonomy":"category","embeddable":true,"href":"https:\/\/radiosummernight.ch\/fr\/wp-json\/wp\/v2\/categories?post=18677"},{"taxonomy":"post_tag","embeddable":true,"href":"https:\/\/radiosummernight.ch\/fr\/wp-json\/wp\/v2\/tags?post=18677"},{"taxonomy":"series","embeddable":true,"href":"https:\/\/radiosummernight.ch\/fr\/wp-json\/wp\/v2\/series?post=18677"}],"curies":[{"name":"wp","href":"https:\/\/api.w.org\/{rel}","templated":true}]}}