{"id":20431,"date":"2024-08-09T13:39:57","date_gmt":"2024-08-09T11:39:57","guid":{"rendered":"https:\/\/radiosummernight.ch\/?p=20431"},"modified":"2024-08-09T19:57:18","modified_gmt":"2024-08-09T17:57:18","slug":"die-digitale-transformation-im-bildungswesen-chancen-und-herausforderungen","status":"publish","type":"post","link":"https:\/\/radiosummernight.ch\/fr\/die-digitale-transformation-im-bildungswesen-chancen-und-herausforderungen\/","title":{"rendered":"Die digitale Transformation im Bildungswesen: Chancen und Herausforderungen"},"content":{"rendered":"<p>Das deutsche Bildungssystem steht vor einem tiefgreifenden Wandel, der durch die digitale Transformation vorangetrieben wird. Diese Entwicklung bietet zahlreiche Chancen, bringt jedoch auch erhebliche Herausforderungen mit sich. Um den Anforderungen des 21. Jahrhunderts gerecht zu werden, m\u00fcssen traditionelle Lernmethoden und Unterrichtsgestaltungen \u00fcberdacht und an die digitale \u00c4ra angepasst werden. Technologien wie <a href=\"https:\/\/lizenzguru.ch\/microsoft-office-2021-home-and-business.html\" target=\"_blank\" rel=\"noopener\">Microsoft Office<\/a> spielen dabei eine wichtige Rolle, um Sch\u00fcler auf die Zukunft vorzubereiten. Der Weg zu einem zukunftsf\u00e4higen Bildungssystem ist jedoch von diversen Hindernissen gepr\u00e4gt.<\/p>\n<p>&nbsp;<\/p>\n<p><strong>Herausforderungen des deutschen Bildungssystems<\/strong><\/p>\n<p>Das deutsche Bildungssystem steht vor erheblichen Herausforderungen. Die zunehmende Vielfalt der Sch\u00fclerschaft stellt Lehrkr\u00e4fte vor die Aufgabe, allen Lernenden gerecht zu werden. Besorgniserregend ist, dass immer mehr Sch\u00fcler in wichtigen Kompetenzbereichen die Mindeststandards nicht erreichen, was die Effektivit\u00e4t der Unterrichtsmethoden und F\u00f6rderma\u00dfnahmen infrage stellt.<\/p>\n<p>Ein weiteres Problem ist die starke Verkn\u00fcpfung zwischen sozialer Herkunft und Bildungserfolg. Ein wesentlicher Aspekt dabei ist die <a href=\"https:\/\/www.familienbande24.de\/wissen\/nachwuchs\/paedagogik\/windows-familienkonten.html\" target=\"_blank\" rel=\"noopener\">technische Ausstattung zuhause<\/a>, die eine Grundlage f\u00fcr den Zugang zu digitalen Lernressourcen und die Teilnahme am modernen Unterricht bildet. Kinder aus benachteiligten Familien haben oft geringere Chancen, ihr Potenzial auszusch\u00f6pfen. Ma\u00dfnahmen zur F\u00f6rderung der Chancengleichheit sind daher essenziell, um allen Sch\u00fclern unabh\u00e4ngig von ihrer Herkunft Zugang zu hochwertiger Bildung zu erm\u00f6glichen.<\/p>\n<p>Hinzu kommt der akute Lehrkr\u00e4ftemangel. Viele Schulen haben Schwierigkeiten, offene Stellen mit qualifizierten P\u00e4dagogen zu besetzen, was zu \u00dcberlastung und gro\u00dfen Klassen f\u00fchrt und die Unterrichtsqualit\u00e4t beeintr\u00e4chtigt. Um diesem Trend entgegenzuwirken, m\u00fcssen der Lehrerberuf attraktiver gestaltet und mehr Menschen f\u00fcr diese Aufgabe gewonnen werden.<\/p>\n<p>Innovative L\u00f6sungen sind gefragt, um diese Herausforderungen zu bew\u00e4ltigen. Dazu geh\u00f6ren:<\/p>\n<ul>\n<li>Individuelle F\u00f6rderung, um auf die unterschiedlichen Bed\u00fcrfnisse der Sch\u00fcler einzugehen<\/li>\n<li>Gezielte Unterst\u00fctzung f\u00fcr Kinder aus benachteiligten Verh\u00e4ltnissen zur F\u00f6rderung der Bildungsgerechtigkeit<\/li>\n<li>Attraktivere Arbeitsbedingungen und Weiterbildungsm\u00f6glichkeiten f\u00fcr Lehrkr\u00e4fte<\/li>\n<li>Engere Zusammenarbeit zwischen Schulen, Eltern und au\u00dferschulischen Partnern zur Entwicklung gemeinsamer L\u00f6sungen<\/li>\n<\/ul>\n<p>&nbsp;<\/p>\n<p><strong>Notwendigkeit einer handlungsf\u00e4higen und wirksamen Bildungspolitik<\/strong><\/p>\n<p>Um die Herausforderungen im deutschen Bildungssystem zu bew\u00e4ltigen, bedarf es einer effektiven Bildungspolitik auf allen f\u00f6deralen Ebenen. Nur durch ein koordiniertes Zusammenspiel aller Beteiligten kann eine hochwertige Bildung f\u00fcr jeden gew\u00e4hrleistet werden. Eine enge Kooperation zwischen Bund, L\u00e4ndern und Kommunen ist notwendig, um die erforderlichen Reformen anzusto\u00dfen und umzusetzen.<\/p>\n<p>Wichtige Fragestellungen betreffen die Struktur einer kontinuierlichen Zusammenarbeit sowie die bedarfsorientierte Zuweisung von Bildungsinvestitionen. Die Einbindung von Schulpraxis, Wissenschaft und Zivilgesellschaft spielt eine Schl\u00fcsselrolle, um praxisnahe L\u00f6sungen zu entwickeln und die Akzeptanz der Reformen zu erh\u00f6hen.<\/p>\n<p>Eine zukunftsf\u00e4hige Bildungspolitik erfordert zudem:<\/p>\n<ul>\n<li>Klare Zust\u00e4ndigkeiten und Verantwortlichkeiten<\/li>\n<li>Verbindliche Zielvereinbarungen und Erfolgskontrollen<\/li>\n<li>Ausreichende und nachhaltige Finanzierung von Bildungsma\u00dfnahmen<\/li>\n<li>F\u00f6rderung von Innovation und Digitalisierung im Bildungswesen<\/li>\n<li>St\u00e4rkung der Lehrkr\u00e4fteaus- und -weiterbildung<\/li>\n<\/ul>\n<p>&nbsp;<\/p>\n<p><strong>Transformation des Bildungswesens durch kulturelle und gesellschaftliche Umbr\u00fcche<\/strong><\/p>\n<p>Die Bildungstheorie muss im Kontext der Kulturwissenschaft betrachtet werden, um zukunftsf\u00e4hige Perspektiven in einer sich wandelnden Gesellschaft zu finden. Dabei ist es wichtig, kulturelle und soziale Ph\u00e4nomene wie Familie, Identit\u00e4t, Geschlechterverh\u00e4ltnisse, Migration, neue Medien im Unterricht und Bildungsrecht zu untersuchen.<\/p>\n<p>Lebenslanges Lernen r\u00fcckt immer mehr in den Mittelpunkt. Universit\u00e4ten sollten nicht nur junge Menschen ausbilden, sondern auch berufsbegleitendes Lernen anbieten. Impulse aus der Kultur- und Kreativwirtschaft k\u00f6nnen die Zukunft der Bildung vorantreiben und den digitalen Wandel aktiv mitgestalten.<\/p>\n<p>Bildungsinstitutionen m\u00fcssen:<\/p>\n<ul>\n<li>Flexible Lernformate und -methoden entwickeln, die lebenslanges Lernen f\u00f6rdern<\/li>\n<li>Digitale Kompetenzen in die Lehrpl\u00e4ne integrieren und den Umgang mit neuen Technologien vermitteln<\/li>\n<li>Interkulturelle Kompetenzen st\u00e4rken, um den Herausforderungen einer globalisierten Welt zu begegnen<\/li>\n<li>Kooperationen mit Wirtschaft und Zivilgesellschaft eingehen, um praxisnahe Lernerfahrungen zu erm\u00f6glichen<\/li>\n<\/ul>\n<p>&nbsp;<\/p>\n<p><strong>Digitalisierung und die Rolle der Lehrer<\/strong><\/p>\n<p>Die Digitalisierung im Bildungswesen erfordert nicht nur technische Anpassungen, sondern auch eine grundlegende Ver\u00e4nderung der Lehrerrolle. Lehrer sind nicht mehr allein Wissensvermittler, sondern zunehmend Lernbegleiter und Coaches, die Sch\u00fcler durch komplexe Lernprozesse f\u00fchren. Dies erfordert eine umfassende Weiterbildung und Schulung der Lehrkr\u00e4fte im Umgang mit digitalen Medien und Tools. Digitale Kompetenz wird zur Schl\u00fcsselqualifikation, um Sch\u00fclern den sicheren und kritischen Umgang mit Informations- und Kommunikationstechnologien zu vermitteln. Zudem er\u00f6ffnet die Digitalisierung neue M\u00f6glichkeiten f\u00fcr individualisiertes Lernen. Durch den Einsatz von Lernplattformen und adaptiver Lernsoftware k\u00f6nnen Lehrkr\u00e4fte gezielter auf die individuellen Bed\u00fcrfnisse und Lernst\u00e4nde der Sch\u00fcler eingehen, wodurch personalisierte Lernpfade entstehen. Diese Entwicklung stellt hohe Anforderungen an die Anpassungsf\u00e4higkeit und Innovationsbereitschaft der Lehrkr\u00e4fte, bietet aber gleichzeitig die Chance, das Lernen nachhaltiger und effektiver zu gestalten.<\/p>\n<p>&nbsp;<\/p>\n<p><strong>Fazit<\/strong><\/p>\n<p>Die <a href=\"https:\/\/radiosummernight.ch\/fr\/bildung-in-der-digitalaera-medienkompetenz-und-jugend-im-blickpunkt\/\">digitale Transformation im Bildungswesen<\/a> erfordert ein Umdenken und eine Neuausrichtung, um den Herausforderungen des 21. Jahrhunderts gerecht zu werden. Dabei sollte das humboldtsche Bildungsideal, das die umfassende Vorbereitung des Menschen auf ein selbstbestimmtes und eigenverantwortliches Leben betont, nicht aus den Augen verloren werden. Die Digitalisierung bietet neue M\u00f6glichkeiten und Wege, die es zu nutzen gilt.<\/p>\n<p>Kreative Impulse und offenes Denken sind notwendig, um den digitalen Wandel in der Bildung aktiv zu gestalten. Die Kultur- und Kreativwirtschaft kann hierbei wertvolle Beitr\u00e4ge leisten und innovative Ans\u00e4tze liefern. Durch die Einbeziehung dieser Impulse kann die Zukunft der Bildung im digitalen Zeitalter gestaltet werden.<\/p>","protected":false},"excerpt":{"rendered":"<p>Das deutsche Bildungssystem steht vor einem tiefgreifenden Wandel, der durch die digitale Transformation vorangetrieben wird. Diese Entwicklung bietet zahlreiche Chancen, bringt jedoch auch erhebliche Herausforderungen mit sich. Um den Anforderungen des 21. Jahrhunderts gerecht zu werden, m\u00fcssen traditionelle Lernmethoden und Unterrichtsgestaltungen \u00fcberdacht und an die digitale \u00c4ra angepasst werden. Technologien wie Microsoft Office spielen dabei&hellip; <br \/> <a class=\"read-more\" href=\"https:\/\/radiosummernight.ch\/fr\/die-digitale-transformation-im-bildungswesen-chancen-und-herausforderungen\/\">Read more<\/a><\/p>","protected":false},"author":1,"featured_media":20432,"comment_status":"closed","ping_status":"closed","sticky":false,"template":"","format":"standard","meta":{"episode_type":"audio","audio_file":"","podmotor_file_id":"","podmotor_episode_id":"","cover_image":"","cover_image_id":"","duration":"","filesize":"","filesize_raw":"","date_recorded":"","explicit":"","block":"","itunes_episode_number":"","itunes_title":"","itunes_season_number":"","itunes_episode_type":"","footnotes":""},"categories":[186],"tags":[],"series":[],"class_list":["post-20431","post","type-post","status-publish","format-standard","has-post-thumbnail","hentry","category-news"],"episode_featured_image":"https:\/\/radiosummernight.ch\/upload\/Kopie-von-PROMO-Artikel-Bild-radiosummernight.ch_.png","episode_player_image":"https:\/\/radiosummernight.ch\/upload\/2021\/03\/Logo-RSN-Schwarz-300x300-Green.png","download_link":"","player_link":"","audio_player":false,"episode_data":{"playerMode":"light","subscribeUrls":{"apple_podcasts":{"key":"apple_podcasts","url":"https:\/\/podcasts.apple.com\/us\/podcast\/radio-summernight\/id1647787397?uo=4&itsct=podtail_podcasts&itscg=30200&ls=1&at=1001l39ag&ct=deutschepodcasts.de","label":"Apple Podcasts","class":"apple_podcasts","icon":"apple-podcasts.png"},"deezer":{"key":"deezer","url":"https:\/\/deezer.page.link\/NKiaDgyHm5ekBXsE7","label":"Deezer","class":"deezer","icon":"deezer.png"},"google_podcasts":{"key":"google_podcasts","url":"https:\/\/podcasts.google.com\/feed\/aHR0cHM6Ly9yYWRpb3N1bW1lcm5pZ2h0LmNoL2ZlZWQvcG9kY2FzdA?sa=X&ved=0CAMQ4aUDahcKEwj4gc2i0oP8AhUAAAAAHQAAAAAQAQ&hl=de-CH","label":"Google Podcasts","class":"google_podcasts","icon":"google-podcasts.png"},"podcast_de":{"key":"podcast_de","url":"https:\/\/www.podcast.de\/podcast\/3070299\/radio-summernight","label":"Podcast.de","class":"podcast_de","icon":"podcast-de.png"},"spotify":{"key":"spotify","url":"https:\/\/open.spotify.com\/show\/4DnvrNRnOIGTWoVH4yoIpC","label":"Spotify","class":"spotify","icon":"spotify.png"},"itunes":{"key":"itunes","url":"","label":"iTunes","class":"itunes","icon":"itunes.png"},"mytuner_radio":{"key":"mytuner_radio","url":"","label":"myTuner Radio","class":"mytuner_radio","icon":"mytuner-radio.png"}},"rssFeedUrl":"https:\/\/radiosummernight.ch\/fr\/feed\/podcast\/radio-summernight","embedCode":"<blockquote class=\"wp-embedded-content\" data-secret=\"6AKZaT1ufU\"><a href=\"https:\/\/radiosummernight.ch\/fr\/die-digitale-transformation-im-bildungswesen-chancen-und-herausforderungen\/\">Die digitale Transformation im Bildungswesen: Chancen und Herausforderungen<\/a><\/blockquote><iframe sandbox=\"allow-scripts\" security=\"restricted\" src=\"https:\/\/radiosummernight.ch\/fr\/die-digitale-transformation-im-bildungswesen-chancen-und-herausforderungen\/embed\/#?secret=6AKZaT1ufU\" width=\"500\" height=\"350\" title=\"\u00ab\u00a0Die digitale Transformation im Bildungswesen: Chancen und Herausforderungen\u00a0\u00bb &#8212; Radio Summernight\" data-secret=\"6AKZaT1ufU\" frameborder=\"0\" marginwidth=\"0\" marginheight=\"0\" scrolling=\"no\" class=\"wp-embedded-content\"><\/iframe><script type=\"text\/javascript\">\n\/* <![CDATA[ *\/\n\/*! This file is auto-generated *\/\n!function(d,l){\"use strict\";l.querySelector&&d.addEventListener&&\"undefined\"!=typeof URL&&(d.wp=d.wp||{},d.wp.receiveEmbedMessage||(d.wp.receiveEmbedMessage=function(e){var t=e.data;if((t||t.secret||t.message||t.value)&&!\/[^a-zA-Z0-9]\/.test(t.secret)){for(var s,r,n,a=l.querySelectorAll('iframe[data-secret=\"'+t.secret+'\"]'),o=l.querySelectorAll('blockquote[data-secret=\"'+t.secret+'\"]'),c=new RegExp(\"^https?:$\",\"i\"),i=0;i<o.length;i++)o[i].style.display=\"none\";for(i=0;i<a.length;i++)s=a[i],e.source===s.contentWindow&&(s.removeAttribute(\"style\"),\"height\"===t.message?(1e3<(r=parseInt(t.value,10))?r=1e3:~~r<200&&(r=200),s.height=r):\"link\"===t.message&&(r=new URL(s.getAttribute(\"src\")),n=new URL(t.value),c.test(n.protocol))&&n.host===r.host&&l.activeElement===s&&(d.top.location.href=t.value))}},d.addEventListener(\"message\",d.wp.receiveEmbedMessage,!1),l.addEventListener(\"DOMContentLoaded\",function(){for(var e,t,s=l.querySelectorAll(\"iframe.wp-embedded-content\"),r=0;r<s.length;r++)(t=(e=s[r]).getAttribute(\"data-secret\"))||(t=Math.random().toString(36).substring(2,12),e.src+=\"#?secret=\"+t,e.setAttribute(\"data-secret\",t)),e.contentWindow.postMessage({message:\"ready\",secret:t},\"*\")},!1)))}(window,document);\n\/\/# sourceURL=https:\/\/radiosummernight.ch\/includes\/js\/wp-embed.min.js\n\/* ]]> *\/\n<\/script>\n"},"_links":{"self":[{"href":"https:\/\/radiosummernight.ch\/fr\/wp-json\/wp\/v2\/posts\/20431","targetHints":{"allow":["GET"]}}],"collection":[{"href":"https:\/\/radiosummernight.ch\/fr\/wp-json\/wp\/v2\/posts"}],"about":[{"href":"https:\/\/radiosummernight.ch\/fr\/wp-json\/wp\/v2\/types\/post"}],"author":[{"embeddable":true,"href":"https:\/\/radiosummernight.ch\/fr\/wp-json\/wp\/v2\/users\/1"}],"replies":[{"embeddable":true,"href":"https:\/\/radiosummernight.ch\/fr\/wp-json\/wp\/v2\/comments?post=20431"}],"version-history":[{"count":0,"href":"https:\/\/radiosummernight.ch\/fr\/wp-json\/wp\/v2\/posts\/20431\/revisions"}],"wp:featuredmedia":[{"embeddable":true,"href":"https:\/\/radiosummernight.ch\/fr\/wp-json\/wp\/v2\/media\/20432"}],"wp:attachment":[{"href":"https:\/\/radiosummernight.ch\/fr\/wp-json\/wp\/v2\/media?parent=20431"}],"wp:term":[{"taxonomy":"category","embeddable":true,"href":"https:\/\/radiosummernight.ch\/fr\/wp-json\/wp\/v2\/categories?post=20431"},{"taxonomy":"post_tag","embeddable":true,"href":"https:\/\/radiosummernight.ch\/fr\/wp-json\/wp\/v2\/tags?post=20431"},{"taxonomy":"series","embeddable":true,"href":"https:\/\/radiosummernight.ch\/fr\/wp-json\/wp\/v2\/series?post=20431"}],"curies":[{"name":"wp","href":"https:\/\/api.w.org\/{rel}","templated":true}]}}