{"id":20913,"date":"2024-09-19T11:50:24","date_gmt":"2024-09-19T09:50:24","guid":{"rendered":"https:\/\/radiosummernight.ch\/?p=20913"},"modified":"2024-09-17T18:15:05","modified_gmt":"2024-09-17T16:15:05","slug":"milenas-geschichte-vom-traum-zur-flucht-eine-reise-von-der-ukraine-in-die-schweiz","status":"publish","type":"post","link":"https:\/\/radiosummernight.ch\/fr\/milenas-geschichte-vom-traum-zur-flucht-eine-reise-von-der-ukraine-in-die-schweiz\/","title":{"rendered":"Milenas Geschichte: Vom Traum zur Flucht \u2013 Eine Reise von der Ukraine in die Schweiz"},"content":{"rendered":"<p style=\"text-align: left;\">Stell dir vor, du hast dein ganzes Leben noch vor dir. Alle T\u00fcren stehen offen, die Welt liegt dir zu F\u00fcssen. Genau an diesem Punkt war Milena \u2013 frisch von der Universit\u00e4t in der Ukraine, voller Tr\u00e4ume und Pl\u00e4ne. Doch dann, nur zwei Monate nachdem sie ihre Entscheidung f\u00fcr die Zukunft getroffen und ihre Papiere unterschrieben hatte, begann der Krieg. In einem Augenblick zerbrach alles.<\/p>\n<p style=\"text-align: left;\">Milena erz\u00e4hlt in der neuen Folge von <em>verotalk<\/em>, wie sie pl\u00f6tzlich alles hinter sich lassen musste. Ihre Freunde verschwanden in alle Richtungen, verstreut \u00fcber die Welt, und sie selbst konnte nicht glauben, dass das wirklich passiert. \u201eDas ist doch alles ein schlechter Scherz\u201c, dachte sie, w\u00e4hrend ihre Realit\u00e4t in Tr\u00fcmmern lag. Aber die Wahrheit holte sie schnell ein. Der Krieg war gekommen \u2013 und er blieb.<\/p>\n<p style=\"text-align: left;\">Als der Krieg ausbrach, standen Milena und ihre Freunde vor schrecklichen Entscheidungen. Die M\u00e4nner, die \u00e4lter als 18 Jahre waren, durften das Land nicht verlassen. Sie mussten k\u00e4mpfen. Manche Freunde taten alles, um \u00fcber die Grenze zu kommen, sogar so weit, sich als Frauen zu verkleiden. Milena schnappte sich in ihrer Verzweiflung alles, was sie tragen konnte, und floh zusammen mit ihrer Ex-Freundin in die Schweiz. Sie kannten niemanden, hatten keine Kontakte ausserhalb der Ukraine und st\u00fctzten sich auf Informationen aus dem Internet. Ein Airbnb-Angebot schien ihre Rettung \u2013 eine Wohnung in der Schweiz, kostenlos. Doch Milena konnte es kaum glauben. \u201eDas ist bestimmt eine Falle\u201c, dachte sie. W\u00fcrde sie dort entf\u00fchrt werden?<\/p>\n<p style=\"text-align: left;\">Aber es kam anders. Ein warmherziges Ehepaar nahm sie auf, unterst\u00fctzte sie, gab ihr Sicherheit in einer unsicheren Welt. Was nur ein vor\u00fcbergehender Zufluchtsort sein sollte, wurde zu einem neuen Zuhause. Und dennoch \u2013 die Angst, die Sorgen und die Last des Krieges liessen Milena nicht los.<\/p>\n<p style=\"text-align: left;\">In der neuen Folge von <em>verotalk<\/em> erz\u00e4hlt Milena, wie sie es schaffte, sich in der Schweiz ein neues Leben aufzubauen. Wie der Krieg sie ver\u00e4ndert hat, aber auch, wie er sie st\u00e4rker machte. Doch sie spricht auch \u00fcber die t\u00e4glichen K\u00e4mpfe, die bis heute anhalten \u2013 die st\u00e4ndigen Erinnerungen an das, was sie verloren hat.<\/p>\n<p style=\"text-align: left;\">H\u00f6rt jetzt die neueste Folge von <em>verotalk<\/em>, \u00fcberall dort, wo es Podcasts gibt. Erlebt Milenas bewegende Geschichte hautnah und lasst euch von ihrem Mut und ihrer St\u00e4rke inspirieren.<\/p>","protected":false},"excerpt":{"rendered":"<p>Stell dir vor, du hast dein ganzes Leben noch vor dir. Alle T\u00fcren stehen offen, die Welt liegt dir zu F\u00fcssen. Genau an diesem Punkt war Milena \u2013 frisch von der Universit\u00e4t in der Ukraine, voller Tr\u00e4ume und Pl\u00e4ne. Doch dann, nur zwei Monate nachdem sie ihre Entscheidung f\u00fcr die Zukunft getroffen und ihre Papiere&hellip; <br \/> <a class=\"read-more\" href=\"https:\/\/radiosummernight.ch\/fr\/milenas-geschichte-vom-traum-zur-flucht-eine-reise-von-der-ukraine-in-die-schweiz\/\">Read more<\/a><\/p>","protected":false},"author":72,"featured_media":20915,"comment_status":"closed","ping_status":"closed","sticky":false,"template":"","format":"standard","meta":{"episode_type":"audio","audio_file":"https:\/\/radiosummernight.ch\/upload\/Milena.mp3","podmotor_file_id":"","podmotor_episode_id":"","cover_image":"https:\/\/radiosummernight.ch\/upload\/2023\/06\/B5C4454A-7F3E-463A-94A6-8E2CC70C9F0D.png","cover_image_id":"13787","duration":"1:00:30","filesize":"31.42M","filesize_raw":"32950560","date_recorded":"2024-09-19 11:50:24","explicit":"","block":"","itunes_episode_number":"26","itunes_title":"Milenas Geschichte: Vom Traum zur Flucht \u2013 Eine Reise von der Ukraine in die Schweiz","itunes_season_number":"2","itunes_episode_type":"","footnotes":""},"categories":[623],"tags":[],"series":[606],"class_list":["post-20913","post","type-post","status-publish","format-standard","has-post-thumbnail","hentry","category-verotalk","series-vero-talk"],"episode_featured_image":"https:\/\/radiosummernight.ch\/upload\/Kopie-von-Artikel-Bild-radiosummernight.ch_-14.jpg","episode_player_image":"https:\/\/radiosummernight.ch\/upload\/2023\/06\/B5C4454A-7F3E-463A-94A6-8E2CC70C9F0D.png","download_link":"https:\/\/radiosummernight.ch\/podcast-download\/20913\/milenas-geschichte-vom-traum-zur-flucht-eine-reise-von-der-ukraine-in-die-schweiz.mp3","player_link":"https:\/\/radiosummernight.ch\/podcast-player\/20913\/milenas-geschichte-vom-traum-zur-flucht-eine-reise-von-der-ukraine-in-die-schweiz.mp3","audio_player":"<audio class=\"wp-audio-shortcode\" id=\"audio-20913-1\" preload=\"none\" style=\"width: 100%;\" controls=\"controls\"><source type=\"audio\/mpeg\" src=\"https:\/\/radiosummernight.ch\/podcast-player\/20913\/milenas-geschichte-vom-traum-zur-flucht-eine-reise-von-der-ukraine-in-die-schweiz.mp3?_=1\" \/><a href=\"https:\/\/radiosummernight.ch\/podcast-player\/20913\/milenas-geschichte-vom-traum-zur-flucht-eine-reise-von-der-ukraine-in-die-schweiz.mp3\">https:\/\/radiosummernight.ch\/podcast-player\/20913\/milenas-geschichte-vom-traum-zur-flucht-eine-reise-von-der-ukraine-in-die-schweiz.mp3<\/a><\/audio>","episode_data":{"playerMode":"light","subscribeUrls":{"apple_podcasts":{"key":"apple_podcasts","url":"https:\/\/podcasts.apple.com\/us\/podcast\/vero-talk\/id1687282209","label":"Apple Podcasts","class":"apple_podcasts","icon":"apple-podcasts.png"},"deezer":{"key":"deezer","url":"https:\/\/www.deezer.com\/de\/show\/6051287","label":"Deezer","class":"deezer","icon":"deezer.png"},"google_podcasts":{"key":"google_podcasts","url":"https:\/\/podcasts.google.com\/feed\/aHR0cHM6Ly9yYWRpb3N1bW1lcm5pZ2h0LmNoL2ZlZWQvcG9kY2FzdA?sa=X&ved=0CAMQ4aUDahcKEwj4gc2i0oP8AhUAAAAAHQAAAAAQAQ&hl=de-CH","label":"Google Podcasts","class":"google_podcasts","icon":"google-podcasts.png"},"podcast_de":{"key":"podcast_de","url":"https:\/\/www.podcast.de\/podcast\/3251202\/vero-talk","label":"Podcast.de","class":"podcast_de","icon":"podcast-de.png"},"spotify":{"key":"spotify","url":"https:\/\/open.spotify.com\/show\/5NGjYOF2XhDh8o2gtyCod0","label":"Spotify","class":"spotify","icon":"spotify.png"},"itunes":{"key":"itunes","url":"","label":"iTunes","class":"itunes","icon":"itunes.png"},"mytuner_radio":{"key":"mytuner_radio","url":"","label":"myTuner Radio","class":"mytuner_radio","icon":"mytuner-radio.png"}},"rssFeedUrl":"https:\/\/radiosummernight.ch\/fr\/feed\/podcast\/vero-talk","embedCode":"<blockquote class=\"wp-embedded-content\" data-secret=\"54wtQxP4Wr\"><a href=\"https:\/\/radiosummernight.ch\/fr\/milenas-geschichte-vom-traum-zur-flucht-eine-reise-von-der-ukraine-in-die-schweiz\/\">Milenas Geschichte: Vom Traum zur Flucht \u2013 Eine Reise von der Ukraine in die Schweiz<\/a><\/blockquote><iframe sandbox=\"allow-scripts\" security=\"restricted\" src=\"https:\/\/radiosummernight.ch\/fr\/milenas-geschichte-vom-traum-zur-flucht-eine-reise-von-der-ukraine-in-die-schweiz\/embed\/#?secret=54wtQxP4Wr\" width=\"500\" height=\"350\" title=\"\u00ab\u00a0Milenas Geschichte: Vom Traum zur Flucht \u2013 Eine Reise von der Ukraine in die Schweiz\u00a0\u00bb &#8212; Radio Summernight\" data-secret=\"54wtQxP4Wr\" frameborder=\"0\" marginwidth=\"0\" marginheight=\"0\" scrolling=\"no\" class=\"wp-embedded-content\"><\/iframe><script type=\"text\/javascript\">\n\/* <![CDATA[ *\/\n\/*! This file is auto-generated *\/\n!function(d,l){\"use strict\";l.querySelector&&d.addEventListener&&\"undefined\"!=typeof URL&&(d.wp=d.wp||{},d.wp.receiveEmbedMessage||(d.wp.receiveEmbedMessage=function(e){var t=e.data;if((t||t.secret||t.message||t.value)&&!\/[^a-zA-Z0-9]\/.test(t.secret)){for(var s,r,n,a=l.querySelectorAll('iframe[data-secret=\"'+t.secret+'\"]'),o=l.querySelectorAll('blockquote[data-secret=\"'+t.secret+'\"]'),c=new RegExp(\"^https?:$\",\"i\"),i=0;i<o.length;i++)o[i].style.display=\"none\";for(i=0;i<a.length;i++)s=a[i],e.source===s.contentWindow&&(s.removeAttribute(\"style\"),\"height\"===t.message?(1e3<(r=parseInt(t.value,10))?r=1e3:~~r<200&&(r=200),s.height=r):\"link\"===t.message&&(r=new URL(s.getAttribute(\"src\")),n=new URL(t.value),c.test(n.protocol))&&n.host===r.host&&l.activeElement===s&&(d.top.location.href=t.value))}},d.addEventListener(\"message\",d.wp.receiveEmbedMessage,!1),l.addEventListener(\"DOMContentLoaded\",function(){for(var e,t,s=l.querySelectorAll(\"iframe.wp-embedded-content\"),r=0;r<s.length;r++)(t=(e=s[r]).getAttribute(\"data-secret\"))||(t=Math.random().toString(36).substring(2,12),e.src+=\"#?secret=\"+t,e.setAttribute(\"data-secret\",t)),e.contentWindow.postMessage({message:\"ready\",secret:t},\"*\")},!1)))}(window,document);\n\/\/# sourceURL=https:\/\/radiosummernight.ch\/includes\/js\/wp-embed.min.js\n\/* ]]> *\/\n<\/script>\n"},"_links":{"self":[{"href":"https:\/\/radiosummernight.ch\/fr\/wp-json\/wp\/v2\/posts\/20913","targetHints":{"allow":["GET"]}}],"collection":[{"href":"https:\/\/radiosummernight.ch\/fr\/wp-json\/wp\/v2\/posts"}],"about":[{"href":"https:\/\/radiosummernight.ch\/fr\/wp-json\/wp\/v2\/types\/post"}],"author":[{"embeddable":true,"href":"https:\/\/radiosummernight.ch\/fr\/wp-json\/wp\/v2\/users\/72"}],"replies":[{"embeddable":true,"href":"https:\/\/radiosummernight.ch\/fr\/wp-json\/wp\/v2\/comments?post=20913"}],"version-history":[{"count":0,"href":"https:\/\/radiosummernight.ch\/fr\/wp-json\/wp\/v2\/posts\/20913\/revisions"}],"wp:featuredmedia":[{"embeddable":true,"href":"https:\/\/radiosummernight.ch\/fr\/wp-json\/wp\/v2\/media\/20915"}],"wp:attachment":[{"href":"https:\/\/radiosummernight.ch\/fr\/wp-json\/wp\/v2\/media?parent=20913"}],"wp:term":[{"taxonomy":"category","embeddable":true,"href":"https:\/\/radiosummernight.ch\/fr\/wp-json\/wp\/v2\/categories?post=20913"},{"taxonomy":"post_tag","embeddable":true,"href":"https:\/\/radiosummernight.ch\/fr\/wp-json\/wp\/v2\/tags?post=20913"},{"taxonomy":"series","embeddable":true,"href":"https:\/\/radiosummernight.ch\/fr\/wp-json\/wp\/v2\/series?post=20913"}],"curies":[{"name":"wp","href":"https:\/\/api.w.org\/{rel}","templated":true}]}}