{"id":21583,"date":"2024-11-19T14:17:40","date_gmt":"2024-11-19T13:17:40","guid":{"rendered":"https:\/\/radiosummernight.ch\/?p=21583"},"modified":"2024-11-19T14:17:40","modified_gmt":"2024-11-19T13:17:40","slug":"energie-das-thema-das-uns-gestern-heute-und-morgen-betrifft","status":"publish","type":"post","link":"https:\/\/radiosummernight.ch\/fr\/energie-das-thema-das-uns-gestern-heute-und-morgen-betrifft\/","title":{"rendered":"Energie \u2013 das Thema, das uns gestern, heute und morgen betrifft"},"content":{"rendered":"<p>In der dritten Folge des Energie-Podcasts sind wir auf die Strassen von R\u00fcti gegangen, um die Meinungen der Bev\u00f6lkerung zum Thema Energie einzuholen. Die Antworten waren vielf\u00e4ltig und haben spannende Einblicke in das Energiebewusstsein der R\u00fctner Bev\u00f6lkerung gegeben.<\/p>\n<p>Zus\u00e4tzlich hatte ich ein Gespr\u00e4ch mit Karin Schweiter, der Projektleiterin Umwelt der Gemeinde R\u00fcti. Sie hat uns die Haltung und die Massnahmen der Gemeinde in Bezug auf Energie und Nachhaltigkeit n\u00e4hergebracht und aufgezeigt, wie die Gemeinde R\u00fcti sich f\u00fcr eine nachhaltigere Zukunft einsetzt.<\/p>\n<p>H\u00f6r rein und erfahre mehr dazu!<\/p>\n<p>&nbsp;<\/p>\n<p>&nbsp;<\/p>\n<p>&nbsp;<\/p>\n<p><img loading=\"lazy\" decoding=\"async\" class=\"alignnone size-medium wp-image-21587\" style=\"background-color: transparent;\" src=\"https:\/\/radiosummernight.ch\/upload\/Rueti_G_Marke_pos_cmyk-300x183.jpg\" alt=\"\" width=\"300\" height=\"183\" title=\"\" srcset=\"https:\/\/radiosummernight.ch\/upload\/Rueti_G_Marke_pos_cmyk-300x183.jpg 300w, https:\/\/radiosummernight.ch\/upload\/Rueti_G_Marke_pos_cmyk-1024x626.jpg 1024w, https:\/\/radiosummernight.ch\/upload\/Rueti_G_Marke_pos_cmyk-768x469.jpg 768w, https:\/\/radiosummernight.ch\/upload\/Rueti_G_Marke_pos_cmyk-1536x939.jpg 1536w, https:\/\/radiosummernight.ch\/upload\/Rueti_G_Marke_pos_cmyk.jpg 1618w\" sizes=\"auto, (max-width: 300px) 100vw, 300px\" \/><\/p>","protected":false},"excerpt":{"rendered":"<p>In der dritten Folge des Energie-Podcasts sind wir auf die Strassen von R\u00fcti gegangen, um die Meinungen der Bev\u00f6lkerung zum Thema Energie einzuholen. Die Antworten waren vielf\u00e4ltig und haben spannende Einblicke in das Energiebewusstsein der R\u00fctner Bev\u00f6lkerung gegeben. Zus\u00e4tzlich hatte ich ein Gespr\u00e4ch mit Karin Schweiter, der Projektleiterin Umwelt der Gemeinde R\u00fcti. Sie hat uns&hellip; <br \/> <a class=\"read-more\" href=\"https:\/\/radiosummernight.ch\/fr\/energie-das-thema-das-uns-gestern-heute-und-morgen-betrifft\/\">Read more<\/a><\/p>","protected":false},"author":111,"featured_media":21586,"comment_status":"closed","ping_status":"closed","sticky":false,"template":"","format":"standard","meta":{"episode_type":"audio","audio_file":"https:\/\/radiosummernight.ch\/upload\/Energie-Podcast-Folge-3.mp3","podmotor_file_id":"","podmotor_episode_id":"","cover_image":"","cover_image_id":"","duration":"19:51","filesize":"12.76M","filesize_raw":"13380265","date_recorded":"2024-11-19 14:17:40","explicit":"","block":"","itunes_episode_number":"","itunes_title":"","itunes_season_number":"","itunes_episode_type":"","footnotes":""},"categories":[588],"tags":[217,1752,1753,621,458,645],"series":[1715],"class_list":["post-21583","post","type-post","status-publish","format-standard","has-post-thumbnail","hentry","category-redaktionell","tag-energie","tag-gemeinde","tag-menschen","tag-podcast","tag-rueti-zh","tag-umfrage","series-energie-podcast"],"episode_featured_image":"https:\/\/radiosummernight.ch\/upload\/Podcast-Energie-3.png","episode_player_image":"https:\/\/radiosummernight.ch\/upload\/Energie-Podcast-1.png","download_link":"https:\/\/radiosummernight.ch\/podcast-download\/21583\/energie-das-thema-das-uns-gestern-heute-und-morgen-betrifft.mp3","player_link":"https:\/\/radiosummernight.ch\/podcast-player\/21583\/energie-das-thema-das-uns-gestern-heute-und-morgen-betrifft.mp3","audio_player":"<audio class=\"wp-audio-shortcode\" id=\"audio-21583-1\" preload=\"none\" style=\"width: 100%;\" controls=\"controls\"><source type=\"audio\/mpeg\" src=\"https:\/\/radiosummernight.ch\/podcast-player\/21583\/energie-das-thema-das-uns-gestern-heute-und-morgen-betrifft.mp3?_=1\" \/><a href=\"https:\/\/radiosummernight.ch\/podcast-player\/21583\/energie-das-thema-das-uns-gestern-heute-und-morgen-betrifft.mp3\">https:\/\/radiosummernight.ch\/podcast-player\/21583\/energie-das-thema-das-uns-gestern-heute-und-morgen-betrifft.mp3<\/a><\/audio>","episode_data":{"playerMode":"light","subscribeUrls":{"apple_podcasts":{"key":"apple_podcasts","url":"","label":"Apple Podcasts","class":"apple_podcasts","icon":"apple-podcasts.png"},"deezer":{"key":"deezer","url":"","label":"Deezer","class":"deezer","icon":"deezer.png"},"google_podcasts":{"key":"google_podcasts","url":"","label":"Google Podcasts","class":"google_podcasts","icon":"google-podcasts.png"},"podcast_de":{"key":"podcast_de","url":"","label":"Podcast.de","class":"podcast_de","icon":"podcast-de.png"},"spotify":{"key":"spotify","url":"","label":"Spotify","class":"spotify","icon":"spotify.png"},"itunes":{"key":"itunes","url":"","label":"iTunes","class":"itunes","icon":"itunes.png"},"mytuner_radio":{"key":"mytuner_radio","url":"","label":"myTuner Radio","class":"mytuner_radio","icon":"mytuner-radio.png"}},"rssFeedUrl":"https:\/\/radiosummernight.ch\/fr\/feed\/podcast\/energie-podcast","embedCode":"<blockquote class=\"wp-embedded-content\" data-secret=\"Sjcs5FJxLv\"><a href=\"https:\/\/radiosummernight.ch\/fr\/energie-das-thema-das-uns-gestern-heute-und-morgen-betrifft\/\">Energie \u2013 das Thema, das uns gestern, heute und morgen betrifft<\/a><\/blockquote><iframe sandbox=\"allow-scripts\" security=\"restricted\" src=\"https:\/\/radiosummernight.ch\/fr\/energie-das-thema-das-uns-gestern-heute-und-morgen-betrifft\/embed\/#?secret=Sjcs5FJxLv\" width=\"500\" height=\"350\" title=\"\u00ab\u00a0Energie \u2013 das Thema, das uns gestern, heute und morgen betrifft\u00a0\u00bb &#8212; Radio Summernight\" data-secret=\"Sjcs5FJxLv\" frameborder=\"0\" marginwidth=\"0\" marginheight=\"0\" scrolling=\"no\" class=\"wp-embedded-content\"><\/iframe><script type=\"text\/javascript\">\n\/* <![CDATA[ *\/\n\/*! This file is auto-generated *\/\n!function(d,l){\"use strict\";l.querySelector&&d.addEventListener&&\"undefined\"!=typeof URL&&(d.wp=d.wp||{},d.wp.receiveEmbedMessage||(d.wp.receiveEmbedMessage=function(e){var t=e.data;if((t||t.secret||t.message||t.value)&&!\/[^a-zA-Z0-9]\/.test(t.secret)){for(var s,r,n,a=l.querySelectorAll('iframe[data-secret=\"'+t.secret+'\"]'),o=l.querySelectorAll('blockquote[data-secret=\"'+t.secret+'\"]'),c=new RegExp(\"^https?:$\",\"i\"),i=0;i<o.length;i++)o[i].style.display=\"none\";for(i=0;i<a.length;i++)s=a[i],e.source===s.contentWindow&&(s.removeAttribute(\"style\"),\"height\"===t.message?(1e3<(r=parseInt(t.value,10))?r=1e3:~~r<200&&(r=200),s.height=r):\"link\"===t.message&&(r=new URL(s.getAttribute(\"src\")),n=new URL(t.value),c.test(n.protocol))&&n.host===r.host&&l.activeElement===s&&(d.top.location.href=t.value))}},d.addEventListener(\"message\",d.wp.receiveEmbedMessage,!1),l.addEventListener(\"DOMContentLoaded\",function(){for(var e,t,s=l.querySelectorAll(\"iframe.wp-embedded-content\"),r=0;r<s.length;r++)(t=(e=s[r]).getAttribute(\"data-secret\"))||(t=Math.random().toString(36).substring(2,12),e.src+=\"#?secret=\"+t,e.setAttribute(\"data-secret\",t)),e.contentWindow.postMessage({message:\"ready\",secret:t},\"*\")},!1)))}(window,document);\n\/\/# sourceURL=https:\/\/radiosummernight.ch\/includes\/js\/wp-embed.min.js\n\/* ]]> *\/\n<\/script>\n"},"_links":{"self":[{"href":"https:\/\/radiosummernight.ch\/fr\/wp-json\/wp\/v2\/posts\/21583","targetHints":{"allow":["GET"]}}],"collection":[{"href":"https:\/\/radiosummernight.ch\/fr\/wp-json\/wp\/v2\/posts"}],"about":[{"href":"https:\/\/radiosummernight.ch\/fr\/wp-json\/wp\/v2\/types\/post"}],"author":[{"embeddable":true,"href":"https:\/\/radiosummernight.ch\/fr\/wp-json\/wp\/v2\/users\/111"}],"replies":[{"embeddable":true,"href":"https:\/\/radiosummernight.ch\/fr\/wp-json\/wp\/v2\/comments?post=21583"}],"version-history":[{"count":0,"href":"https:\/\/radiosummernight.ch\/fr\/wp-json\/wp\/v2\/posts\/21583\/revisions"}],"wp:featuredmedia":[{"embeddable":true,"href":"https:\/\/radiosummernight.ch\/fr\/wp-json\/wp\/v2\/media\/21586"}],"wp:attachment":[{"href":"https:\/\/radiosummernight.ch\/fr\/wp-json\/wp\/v2\/media?parent=21583"}],"wp:term":[{"taxonomy":"category","embeddable":true,"href":"https:\/\/radiosummernight.ch\/fr\/wp-json\/wp\/v2\/categories?post=21583"},{"taxonomy":"post_tag","embeddable":true,"href":"https:\/\/radiosummernight.ch\/fr\/wp-json\/wp\/v2\/tags?post=21583"},{"taxonomy":"series","embeddable":true,"href":"https:\/\/radiosummernight.ch\/fr\/wp-json\/wp\/v2\/series?post=21583"}],"curies":[{"name":"wp","href":"https:\/\/api.w.org\/{rel}","templated":true}]}}