{"id":21698,"date":"2024-12-04T13:00:46","date_gmt":"2024-12-04T12:00:46","guid":{"rendered":"https:\/\/radiosummernight.ch\/?p=21698"},"modified":"2024-12-04T09:15:13","modified_gmt":"2024-12-04T08:15:13","slug":"adhs-ads-schweiz-fuer-ein-miteinander-mit-verstaendnis-und-offenheit","status":"publish","type":"post","link":"https:\/\/radiosummernight.ch\/fr\/adhs-ads-schweiz-fuer-ein-miteinander-mit-verstaendnis-und-offenheit\/","title":{"rendered":"ADHS\/ADS Schweiz \u2013 F\u00fcr ein Miteinander mit Verst\u00e4ndnis und Offenheit"},"content":{"rendered":"<div class=\"flex max-w-full flex-col flex-grow\">\n<div class=\"min-h-8 text-message flex w-full flex-col items-end gap-2 whitespace-normal break-words [.text-message+&amp;]:mt-5\" dir=\"auto\" data-message-author-role=\"assistant\" data-message-id=\"1501764c-90c6-440e-9e32-0ec0f409a4a1\" data-message-model-slug=\"gpt-4o\">\n<div class=\"flex w-full flex-col gap-1 empty:hidden first:pt-[3px]\">\n<div class=\"markdown prose w-full break-words dark:prose-invert light\">\n<p>In diesem Beitrag werfen wir einen Blick auf den Verein ADHS\/ADS Schweiz, der sich f\u00fcr Menschen mit Aufmerksamkeitsdefizit- und Hyperaktivit\u00e4tsst\u00f6rung sowie deren Angeh\u00f6rige einsetzt. Wir haben die Pr\u00e4sidentin des Vereins interviewt, die spannende Einblicke in die T\u00e4tigkeiten und die Vision des Vereins gibt. Ausserdem erf\u00e4hrst du, wie der Verein dazu beitr\u00e4gt, das Bewusstsein f\u00fcr ADHS zu st\u00e4rken, Vorurteile abzubauen und Wege aufzuzeigen.<\/p>\n<p>Zudem sprechen wir mit Experten und Expertinnen verschiedener Angebote, die Betroffenen und ihren Familien praktische Unterst\u00fctzung bieten.<\/p>\n<p>Der Verein freut sich \u00fcber neue Mitglieder, Unterst\u00fctzer oder auch einfach Interessierte, die sich \u00fcber ADHS informieren m\u00f6chten. Denn nur gemeinsam kann man ein Umfeld schaffen, das von Verst\u00e4ndnis und Akzeptanz gepr\u00e4gt ist.<\/p>\n<p>&nbsp;<\/p>\n<\/div>\n<\/div>\n<\/div>\n<p><img loading=\"lazy\" decoding=\"async\" class=\"alignnone size-medium wp-image-21710\" src=\"https:\/\/radiosummernight.ch\/upload\/ADHS-ADS_Logo-300x121.jpg\" alt=\"\" width=\"300\" height=\"121\" title=\"\" srcset=\"https:\/\/radiosummernight.ch\/upload\/ADHS-ADS_Logo-300x121.jpg 300w, https:\/\/radiosummernight.ch\/upload\/ADHS-ADS_Logo-1024x412.jpg 1024w, https:\/\/radiosummernight.ch\/upload\/ADHS-ADS_Logo-768x309.jpg 768w, https:\/\/radiosummernight.ch\/upload\/ADHS-ADS_Logo-1536x619.jpg 1536w, https:\/\/radiosummernight.ch\/upload\/ADHS-ADS_Logo-2048x825.jpg 2048w, https:\/\/radiosummernight.ch\/upload\/ADHS-ADS_Logo-1920x773.jpg 1920w\" sizes=\"auto, (max-width: 300px) 100vw, 300px\" \/><\/p>\n<p><a href=\"https:\/\/www.adhs-ads-schweiz.ch\/\" target=\"_blank\" rel=\"noopener\">VEREIN ADHS \/ ADS Schweiz &#8211;<\/a><\/div>\n","protected":false},"excerpt":{"rendered":"<p>In diesem Beitrag werfen wir einen Blick auf den Verein ADHS\/ADS Schweiz, der sich f\u00fcr Menschen mit Aufmerksamkeitsdefizit- und Hyperaktivit\u00e4tsst\u00f6rung sowie deren Angeh\u00f6rige einsetzt. Wir haben die Pr\u00e4sidentin des Vereins interviewt, die spannende Einblicke in die T\u00e4tigkeiten und die Vision des Vereins gibt. Ausserdem erf\u00e4hrst du, wie der Verein dazu beitr\u00e4gt, das Bewusstsein f\u00fcr ADHS&hellip; <br \/> <a class=\"read-more\" href=\"https:\/\/radiosummernight.ch\/fr\/adhs-ads-schweiz-fuer-ein-miteinander-mit-verstaendnis-und-offenheit\/\">Read more<\/a><\/p>","protected":false},"author":111,"featured_media":21712,"comment_status":"closed","ping_status":"closed","sticky":false,"template":"","format":"standard","meta":{"episode_type":"audio","audio_file":"https:\/\/radiosummernight.ch\/upload\/Radiobeitrag_Adhs-Ads.mp3","podmotor_file_id":"","podmotor_episode_id":"","cover_image":"","cover_image_id":"","duration":"12:25","filesize":"6.17M","filesize_raw":"6465420","date_recorded":"2024-12-02 15:23:36","explicit":"","block":"","itunes_episode_number":"","itunes_title":"","itunes_season_number":"","itunes_episode_type":"","footnotes":""},"categories":[5,590,588],"tags":[1763,1764,1765,1766,1575],"series":[1573],"class_list":["post-21698","post","type-post","status-publish","format-standard","has-post-thumbnail","hentry","category-events","category-kanton-zuerich","category-redaktionell","tag-adhs","tag-ads","tag-krankheit","tag-umgang","tag-verein","series-radio-summernight"],"episode_featured_image":"https:\/\/radiosummernight.ch\/upload\/Radiobeitrag-ADHSADS.png","episode_player_image":"https:\/\/radiosummernight.ch\/upload\/2021\/03\/Logo-RSN-Schwarz-300x300-Green.png","download_link":"https:\/\/radiosummernight.ch\/podcast-download\/21698\/adhs-ads-schweiz-fuer-ein-miteinander-mit-verstaendnis-und-offenheit.mp3","player_link":"https:\/\/radiosummernight.ch\/podcast-player\/21698\/adhs-ads-schweiz-fuer-ein-miteinander-mit-verstaendnis-und-offenheit.mp3","audio_player":"<audio class=\"wp-audio-shortcode\" id=\"audio-21698-1\" preload=\"none\" style=\"width: 100%;\" controls=\"controls\"><source type=\"audio\/mpeg\" src=\"https:\/\/radiosummernight.ch\/podcast-player\/21698\/adhs-ads-schweiz-fuer-ein-miteinander-mit-verstaendnis-und-offenheit.mp3?_=1\" \/><a href=\"https:\/\/radiosummernight.ch\/podcast-player\/21698\/adhs-ads-schweiz-fuer-ein-miteinander-mit-verstaendnis-und-offenheit.mp3\">https:\/\/radiosummernight.ch\/podcast-player\/21698\/adhs-ads-schweiz-fuer-ein-miteinander-mit-verstaendnis-und-offenheit.mp3<\/a><\/audio>","episode_data":{"playerMode":"light","subscribeUrls":{"apple_podcasts":{"key":"apple_podcasts","url":"https:\/\/podcasts.apple.com\/us\/podcast\/radio-summernight\/id1647787397?%20uo=4&itsct=podtail_podcasts&itscg=30200&ls=1&at=1001l39ag&ct=deutschepodcasts.de","label":"Apple Podcasts","class":"apple_podcasts","icon":"apple-podcasts.png"},"deezer":{"key":"deezer","url":"https:\/\/deezer.page.link\/NKiaDgyHm5ekBXsE7","label":"Deezer","class":"deezer","icon":"deezer.png"},"google_podcasts":{"key":"google_podcasts","url":"https:\/\/podcasts.google.com\/feed\/aHR0cHM6Ly9yYWRpb3N1bW1lcm5pZ2h0LmNoL2ZlZWQvcG9kY2FzdA?%20sa=X&ved=0CAMQ4aUDahcKEwj4gc2i0oP8AhUAAAAAHQAAAAAQAQ&hl=de-CH","label":"Google Podcasts","class":"google_podcasts","icon":"google-podcasts.png"},"podcast_de":{"key":"podcast_de","url":"https:\/\/www.podcast.de\/podcast\/3070299\/radio-summernight","label":"Podcast.de","class":"podcast_de","icon":"podcast-de.png"},"spotify":{"key":"spotify","url":"https:\/\/open.spotify.com\/show\/4DnvrNRnOIGTWoVH4yoIpC","label":"Spotify","class":"spotify","icon":"spotify.png"},"itunes":{"key":"itunes","url":"","label":"iTunes","class":"itunes","icon":"itunes.png"},"mytuner_radio":{"key":"mytuner_radio","url":"","label":"myTuner Radio","class":"mytuner_radio","icon":"mytuner-radio.png"}},"rssFeedUrl":"https:\/\/radiosummernight.ch\/fr\/feed\/podcast\/radio-summernight","embedCode":"<blockquote class=\"wp-embedded-content\" data-secret=\"4kfldty9wM\"><a href=\"https:\/\/radiosummernight.ch\/fr\/adhs-ads-schweiz-fuer-ein-miteinander-mit-verstaendnis-und-offenheit\/\">ADHS\/ADS Schweiz \u2013 F\u00fcr ein Miteinander mit Verst\u00e4ndnis und Offenheit<\/a><\/blockquote><iframe sandbox=\"allow-scripts\" security=\"restricted\" src=\"https:\/\/radiosummernight.ch\/fr\/adhs-ads-schweiz-fuer-ein-miteinander-mit-verstaendnis-und-offenheit\/embed\/#?secret=4kfldty9wM\" width=\"500\" height=\"350\" title=\"\u00ab\u00a0ADHS\/ADS Schweiz \u2013 F\u00fcr ein Miteinander mit Verst\u00e4ndnis und Offenheit\u00a0\u00bb &#8212; Radio Summernight\" data-secret=\"4kfldty9wM\" frameborder=\"0\" marginwidth=\"0\" marginheight=\"0\" scrolling=\"no\" class=\"wp-embedded-content\"><\/iframe><script type=\"text\/javascript\">\n\/* <![CDATA[ *\/\n\/*! This file is auto-generated *\/\n!function(d,l){\"use strict\";l.querySelector&&d.addEventListener&&\"undefined\"!=typeof URL&&(d.wp=d.wp||{},d.wp.receiveEmbedMessage||(d.wp.receiveEmbedMessage=function(e){var t=e.data;if((t||t.secret||t.message||t.value)&&!\/[^a-zA-Z0-9]\/.test(t.secret)){for(var s,r,n,a=l.querySelectorAll('iframe[data-secret=\"'+t.secret+'\"]'),o=l.querySelectorAll('blockquote[data-secret=\"'+t.secret+'\"]'),c=new RegExp(\"^https?:$\",\"i\"),i=0;i<o.length;i++)o[i].style.display=\"none\";for(i=0;i<a.length;i++)s=a[i],e.source===s.contentWindow&&(s.removeAttribute(\"style\"),\"height\"===t.message?(1e3<(r=parseInt(t.value,10))?r=1e3:~~r<200&&(r=200),s.height=r):\"link\"===t.message&&(r=new URL(s.getAttribute(\"src\")),n=new URL(t.value),c.test(n.protocol))&&n.host===r.host&&l.activeElement===s&&(d.top.location.href=t.value))}},d.addEventListener(\"message\",d.wp.receiveEmbedMessage,!1),l.addEventListener(\"DOMContentLoaded\",function(){for(var e,t,s=l.querySelectorAll(\"iframe.wp-embedded-content\"),r=0;r<s.length;r++)(t=(e=s[r]).getAttribute(\"data-secret\"))||(t=Math.random().toString(36).substring(2,12),e.src+=\"#?secret=\"+t,e.setAttribute(\"data-secret\",t)),e.contentWindow.postMessage({message:\"ready\",secret:t},\"*\")},!1)))}(window,document);\n\/\/# sourceURL=https:\/\/radiosummernight.ch\/includes\/js\/wp-embed.min.js\n\/* ]]> *\/\n<\/script>\n"},"_links":{"self":[{"href":"https:\/\/radiosummernight.ch\/fr\/wp-json\/wp\/v2\/posts\/21698","targetHints":{"allow":["GET"]}}],"collection":[{"href":"https:\/\/radiosummernight.ch\/fr\/wp-json\/wp\/v2\/posts"}],"about":[{"href":"https:\/\/radiosummernight.ch\/fr\/wp-json\/wp\/v2\/types\/post"}],"author":[{"embeddable":true,"href":"https:\/\/radiosummernight.ch\/fr\/wp-json\/wp\/v2\/users\/111"}],"replies":[{"embeddable":true,"href":"https:\/\/radiosummernight.ch\/fr\/wp-json\/wp\/v2\/comments?post=21698"}],"version-history":[{"count":0,"href":"https:\/\/radiosummernight.ch\/fr\/wp-json\/wp\/v2\/posts\/21698\/revisions"}],"wp:featuredmedia":[{"embeddable":true,"href":"https:\/\/radiosummernight.ch\/fr\/wp-json\/wp\/v2\/media\/21712"}],"wp:attachment":[{"href":"https:\/\/radiosummernight.ch\/fr\/wp-json\/wp\/v2\/media?parent=21698"}],"wp:term":[{"taxonomy":"category","embeddable":true,"href":"https:\/\/radiosummernight.ch\/fr\/wp-json\/wp\/v2\/categories?post=21698"},{"taxonomy":"post_tag","embeddable":true,"href":"https:\/\/radiosummernight.ch\/fr\/wp-json\/wp\/v2\/tags?post=21698"},{"taxonomy":"series","embeddable":true,"href":"https:\/\/radiosummernight.ch\/fr\/wp-json\/wp\/v2\/series?post=21698"}],"curies":[{"name":"wp","href":"https:\/\/api.w.org\/{rel}","templated":true}]}}