{"id":2261,"date":"2019-04-14T12:07:55","date_gmt":"2019-04-14T12:07:55","guid":{"rendered":"https:\/\/radiosummernight.ch\/?p=2261"},"modified":"2019-04-14T12:13:21","modified_gmt":"2019-04-14T12:13:21","slug":"avicii-neues-album-tim-im-juni","status":"publish","type":"post","link":"https:\/\/radiosummernight.ch\/fr\/avicii-neues-album-tim-im-juni\/","title":{"rendered":"AVICII: Neues Album &#8220;Tim&#8221; im Juni"},"content":{"rendered":"<h1 style=\"margin-bottom: 0px; font-family: Georgia, 'Times New Roman', serif; color: #ff9900; font-size: 2.1em;\">AVICII:Neues Album &#8220;Tim&#8221; im Juni<\/h1>\n<p><img decoding=\"async\" style=\"margin: -10px; text-align: left;\" src=\"https:\/\/www.laut.de\/News\/Avicii-Neues-Album-Tim-im-Juni-09-04-2019-15810\/avicii-neues-album-tim-im-juni-plrd__0,193-200042.jpg\" alt=\"Avicii: Neues Album \" title=\"\"><\/p>\n<article style=\"padding: 15px; background-repeat: no-repeat; background-position: 0px -1px; position: relative; border: 0px solid #ffd699;\">\n<p style=\"margin-bottom: 1em; line-height: 19.2px; font-weight: bold;\">Seine Eltern haben entschieden: In K\u00fcrze erscheinen 16 unver\u00f6ffentlichte Songs des verstorbenen Star-DJs. Die Vorabsingle mit Gasts\u00e4nger Aloe Blacc hei\u00dft ausgerechnet &#8220;SOS&#8221;.<\/p>\n<p style=\"margin-bottom: 1em; line-height: 19.2px;\">Im Juni erscheint mit &#8220;Tim&#8221; ein Album, das 16 bislang unver\u00f6ffentlichte Tracks des verstorbenen Star-DJs\u00a0<a style=\"color: #003366;\" href=\"https:\/\/www.laut.de\/Avicii\" target=\"_blank\" rel=\"noopener\">Avicii<\/a>\u00a0beinhaltet. Diese Entscheidung haben seine Eltern getroffen. Tim Bergling, so der b\u00fcrgerliche Name des Schweden, habe 16 unfertige Tracks und unz\u00e4hlige Notizen sowie Anmerkungen zu einzelnen Songs hinterlassen, hei\u00dft es.<\/p>\n<p style=\"margin-bottom: 1em; line-height: 19.2px;\">Sein Vater \u00e4u\u00dferte sich mit den Worten: &#8220;<i>Tims Mutter und ich fanden, dass seine Musik ver\u00f6ffentlicht werden sollte &#8211; f\u00fcr seine Fans und alle, die sie h\u00f6ren wollen. Wir wollen sie nicht wegsperren.<\/i>&#8221; Ein Trailer zur Ver\u00f6ffentlichung ist bereits online:<\/p>\n<p style=\"margin-bottom: 1em; line-height: 19.2px;\"><iframe loading=\"lazy\" src=\"https:\/\/www.youtube-nocookie.com\/embed\/UPVnx64_Hi4\" width=\"479\" height=\"315\" frameborder=\"0\" allowfullscreen=\"allowfullscreen\"><\/iframe><\/p>\n<p style=\"margin-bottom: 1em; line-height: 19.2px;\">In seiner Heimat erscheint die Platte am 6. Juni, dem schwedischen Nationalfeiertag. Die Vorabsingle hei\u00dft ausgerechnet &#8220;S.O.S.&#8221; und featured\u00a0<a style=\"color: #003366;\" href=\"https:\/\/www.laut.de\/Aloe-Blacc\" target=\"_blank\" rel=\"noopener\">Aloe Blacc<\/a>. Das Youtube-Video zeigt &#8220;<i>messages<\/i>&#8221; und &#8220;<i>memories<\/i>&#8220;, die seine Fans auf Avicii.com gepostet hatten.<\/p>\n<p style=\"margin-bottom: 1em; line-height: 19.2px;\">Das Album wurde von Aviciis Songwriterkollegen fertig gestellt. Auch &#8220;Heaven&#8221;, die Kollaboo mit Chris Martin von\u00a0<a style=\"color: #003366;\" href=\"https:\/\/www.laut.de\/Coldplay\" target=\"_blank\" rel=\"noopener\">Coldplay<\/a>, ist darauf zu finden.<\/p>\n<p style=\"margin-bottom: 1em; line-height: 19.2px;\"><iframe loading=\"lazy\" src=\"https:\/\/www.youtube-nocookie.com\/embed\/u8tdT5pAE34\" width=\"479\" height=\"315\" frameborder=\"0\" allowfullscreen=\"allowfullscreen\"><\/iframe><\/p>\n<p style=\"margin-bottom: 1em; line-height: 19.2px;\">&#8220;<i>Es ging nicht darum, gro\u00dfe Hits zu fabrizieren. Wir haben versucht, so nahe wie m\u00f6glich an Tims Vision zu gelangen<\/i>&#8220;, \u00e4u\u00dferte sich der skandinavische Universal-Chef Per Sundan. Alle Einnahmen werden an die von der Familie gegr\u00fcndete Tim-Bergling-Stiftung gespendet, die Menschen mit psychischen Problemen unterst\u00fctzen und eine Anlaufstelle f\u00fcr Suizid-Pr\u00e4vention darstellen will.<\/p>\n<p style=\"margin-bottom: 1em; line-height: 19.2px;\"><iframe loading=\"lazy\" src=\"https:\/\/www.youtube-nocookie.com\/embed\/FhWDZExRacE\" width=\"479\" height=\"315\" frameborder=\"0\" allowfullscreen=\"allowfullscreen\"><\/iframe><\/p>\n<\/article>","protected":false},"excerpt":{"rendered":"<p>AVICII:Neues Album &#8220;Tim&#8221; im Juni Seine Eltern haben entschieden: In K\u00fcrze erscheinen 16 unver\u00f6ffentlichte Songs des verstorbenen Star-DJs. Die Vorabsingle mit Gasts\u00e4nger Aloe Blacc hei\u00dft ausgerechnet &#8220;SOS&#8221;. Im Juni erscheint mit &#8220;Tim&#8221; ein Album, das 16 bislang unver\u00f6ffentlichte Tracks des verstorbenen Star-DJs\u00a0Avicii\u00a0beinhaltet. Diese Entscheidung haben seine Eltern getroffen. Tim Bergling, so der b\u00fcrgerliche Name des&hellip; <br \/> <a class=\"read-more\" href=\"https:\/\/radiosummernight.ch\/fr\/avicii-neues-album-tim-im-juni\/\">Read more<\/a><\/p>","protected":false},"author":1,"featured_media":2265,"comment_status":"closed","ping_status":"closed","sticky":false,"template":"","format":"standard","meta":{"episode_type":"","audio_file":"","podmotor_file_id":"","podmotor_episode_id":"","cover_image":"","cover_image_id":"","duration":"","filesize":"","filesize_raw":"","date_recorded":"","explicit":"","block":"","itunes_episode_number":"","itunes_title":"","itunes_season_number":"","itunes_episode_type":"","footnotes":""},"categories":[186],"tags":[],"series":[],"class_list":["post-2261","post","type-post","status-publish","format-standard","has-post-thumbnail","hentry","category-news"],"episode_featured_image":"https:\/\/radiosummernight.ch\/upload\/2019\/04\/Download.jpg","episode_player_image":"https:\/\/radiosummernight.ch\/upload\/2021\/03\/Logo-RSN-Schwarz-300x300-Green.png","download_link":"","player_link":"","audio_player":false,"episode_data":{"playerMode":"light","subscribeUrls":{"apple_podcasts":{"key":"apple_podcasts","url":"https:\/\/podcasts.apple.com\/us\/podcast\/radio-summernight\/id1647787397?uo=4&itsct=podtail_podcasts&itscg=30200&ls=1&at=1001l39ag&ct=deutschepodcasts.de","label":"Apple Podcasts","class":"apple_podcasts","icon":"apple-podcasts.png"},"deezer":{"key":"deezer","url":"https:\/\/deezer.page.link\/NKiaDgyHm5ekBXsE7","label":"Deezer","class":"deezer","icon":"deezer.png"},"google_podcasts":{"key":"google_podcasts","url":"https:\/\/podcasts.google.com\/feed\/aHR0cHM6Ly9yYWRpb3N1bW1lcm5pZ2h0LmNoL2ZlZWQvcG9kY2FzdA?sa=X&ved=0CAMQ4aUDahcKEwj4gc2i0oP8AhUAAAAAHQAAAAAQAQ&hl=de-CH","label":"Google Podcasts","class":"google_podcasts","icon":"google-podcasts.png"},"podcast_de":{"key":"podcast_de","url":"https:\/\/www.podcast.de\/podcast\/3070299\/radio-summernight","label":"Podcast.de","class":"podcast_de","icon":"podcast-de.png"},"spotify":{"key":"spotify","url":"https:\/\/open.spotify.com\/show\/4DnvrNRnOIGTWoVH4yoIpC","label":"Spotify","class":"spotify","icon":"spotify.png"},"itunes":{"key":"itunes","url":"","label":"iTunes","class":"itunes","icon":"itunes.png"},"mytuner_radio":{"key":"mytuner_radio","url":"","label":"myTuner Radio","class":"mytuner_radio","icon":"mytuner-radio.png"}},"rssFeedUrl":"https:\/\/radiosummernight.ch\/fr\/feed\/podcast\/radio-summernight","embedCode":"<blockquote class=\"wp-embedded-content\" data-secret=\"xDSURXGDMq\"><a href=\"https:\/\/radiosummernight.ch\/fr\/avicii-neues-album-tim-im-juni\/\">AVICII: Neues Album &#8220;Tim&#8221; im Juni<\/a><\/blockquote><iframe sandbox=\"allow-scripts\" security=\"restricted\" src=\"https:\/\/radiosummernight.ch\/fr\/avicii-neues-album-tim-im-juni\/embed\/#?secret=xDSURXGDMq\" width=\"500\" height=\"350\" title=\"\u00ab\u00a0AVICII: Neues Album &#8220;Tim&#8221; im Juni\u00a0\u00bb &#8212; Radio Summernight\" data-secret=\"xDSURXGDMq\" frameborder=\"0\" marginwidth=\"0\" marginheight=\"0\" scrolling=\"no\" class=\"wp-embedded-content\"><\/iframe><script type=\"text\/javascript\">\n\/* <![CDATA[ *\/\n\/*! This file is auto-generated *\/\n!function(d,l){\"use strict\";l.querySelector&&d.addEventListener&&\"undefined\"!=typeof URL&&(d.wp=d.wp||{},d.wp.receiveEmbedMessage||(d.wp.receiveEmbedMessage=function(e){var t=e.data;if((t||t.secret||t.message||t.value)&&!\/[^a-zA-Z0-9]\/.test(t.secret)){for(var s,r,n,a=l.querySelectorAll('iframe[data-secret=\"'+t.secret+'\"]'),o=l.querySelectorAll('blockquote[data-secret=\"'+t.secret+'\"]'),c=new RegExp(\"^https?:$\",\"i\"),i=0;i<o.length;i++)o[i].style.display=\"none\";for(i=0;i<a.length;i++)s=a[i],e.source===s.contentWindow&&(s.removeAttribute(\"style\"),\"height\"===t.message?(1e3<(r=parseInt(t.value,10))?r=1e3:~~r<200&&(r=200),s.height=r):\"link\"===t.message&&(r=new URL(s.getAttribute(\"src\")),n=new URL(t.value),c.test(n.protocol))&&n.host===r.host&&l.activeElement===s&&(d.top.location.href=t.value))}},d.addEventListener(\"message\",d.wp.receiveEmbedMessage,!1),l.addEventListener(\"DOMContentLoaded\",function(){for(var e,t,s=l.querySelectorAll(\"iframe.wp-embedded-content\"),r=0;r<s.length;r++)(t=(e=s[r]).getAttribute(\"data-secret\"))||(t=Math.random().toString(36).substring(2,12),e.src+=\"#?secret=\"+t,e.setAttribute(\"data-secret\",t)),e.contentWindow.postMessage({message:\"ready\",secret:t},\"*\")},!1)))}(window,document);\n\/\/# sourceURL=https:\/\/radiosummernight.ch\/includes\/js\/wp-embed.min.js\n\/* ]]> *\/\n<\/script>\n"},"_links":{"self":[{"href":"https:\/\/radiosummernight.ch\/fr\/wp-json\/wp\/v2\/posts\/2261","targetHints":{"allow":["GET"]}}],"collection":[{"href":"https:\/\/radiosummernight.ch\/fr\/wp-json\/wp\/v2\/posts"}],"about":[{"href":"https:\/\/radiosummernight.ch\/fr\/wp-json\/wp\/v2\/types\/post"}],"author":[{"embeddable":true,"href":"https:\/\/radiosummernight.ch\/fr\/wp-json\/wp\/v2\/users\/1"}],"replies":[{"embeddable":true,"href":"https:\/\/radiosummernight.ch\/fr\/wp-json\/wp\/v2\/comments?post=2261"}],"version-history":[{"count":0,"href":"https:\/\/radiosummernight.ch\/fr\/wp-json\/wp\/v2\/posts\/2261\/revisions"}],"wp:featuredmedia":[{"embeddable":true,"href":"https:\/\/radiosummernight.ch\/fr\/wp-json\/wp\/v2\/media\/2265"}],"wp:attachment":[{"href":"https:\/\/radiosummernight.ch\/fr\/wp-json\/wp\/v2\/media?parent=2261"}],"wp:term":[{"taxonomy":"category","embeddable":true,"href":"https:\/\/radiosummernight.ch\/fr\/wp-json\/wp\/v2\/categories?post=2261"},{"taxonomy":"post_tag","embeddable":true,"href":"https:\/\/radiosummernight.ch\/fr\/wp-json\/wp\/v2\/tags?post=2261"},{"taxonomy":"series","embeddable":true,"href":"https:\/\/radiosummernight.ch\/fr\/wp-json\/wp\/v2\/series?post=2261"}],"curies":[{"name":"wp","href":"https:\/\/api.w.org\/{rel}","templated":true}]}}