{"id":22752,"date":"2025-02-25T09:48:50","date_gmt":"2025-02-25T08:48:50","guid":{"rendered":"https:\/\/radiosummernight.ch\/?p=22752"},"modified":"2025-02-25T10:43:14","modified_gmt":"2025-02-25T09:43:14","slug":"james-blunts-jubilaeumskonzert-in-zuerich","status":"publish","type":"post","link":"https:\/\/radiosummernight.ch\/fr\/james-blunts-jubilaeumskonzert-in-zuerich\/","title":{"rendered":"James Blunt\u2018s Jubil\u00e4umskonzert in Z\u00fcrich"},"content":{"rendered":"<p style=\"text-align: left;\"><strong><img decoding=\"async\" class=\"alignnone size-full wp-image-22754\" src=\"https:\/\/radiosummernight.ch\/upload\/IMG_6279.heic\" alt=\"\" title=\"\">Am Sonntagabend, dem 23. Februar 2025, feierte James Blunt im Hallenstadion Z\u00fcrich das 20-j\u00e4hrige Jubil\u00e4um seines Deb\u00fctalbums Back to Bedlam. Vor tausenden begeisterten Fans bot der britische Singer-Songwriter ein Konzert voller Nostalgie, Emotionen und mitreissender Musik.<\/strong><\/p>\n<p style=\"text-align: left;\">Die Show begann mit den Songs des legend\u00e4ren Albums, das Blunt vor zwei Jahrzehnten weltweit bekannt machte. Klassiker wie High, Wisemen und nat\u00fcrlich You\u2019re Beautiful sorgten f\u00fcr G\u00e4nsehautmomente. Besonders Goodbye My Lover liess das Publikum innehalten \u2013 viele sangen mit, w\u00e4hrend Blunt am Klavier sass und die gef\u00fchlvolle Ballade darbot.<\/p>\n<p style=\"text-align: left;\">Doch die Reise durch seine Karriere endete nicht bei Back to Bedlam. Im zweiten Teil des Konzerts pr\u00e4sentierte Blunt Hits aus seinen sp\u00e4teren Alben. Songs wie Stay the Night und Bonfire Heart brachten das Hallenstadion zum Mitsingen, w\u00e4hrend Monsters f\u00fcr einen der emotionalsten Momente des Abends sorgte. Blunt zeigte sich gut gelaunt, scherzte mit dem Publikum und bewies einmal mehr seinen britischen Humor.<\/p>\n<p style=\"text-align: left;\">Nach zwei Stunden voller Erinnerungen und musikalischer Highlights verabschiedete sich James Blunt unter tosendem Applaus. Mit diesem Konzert bewies er eindrucksvoll, dass seine Musik auch nach 20 Jahren nichts von ihrer Magie verloren hat.<\/p>","protected":false},"excerpt":{"rendered":"<p>Am Sonntagabend, dem 23. Februar 2025, feierte James Blunt im Hallenstadion Z\u00fcrich das 20-j\u00e4hrige Jubil\u00e4um seines Deb\u00fctalbums Back to Bedlam. Vor tausenden begeisterten Fans bot der britische Singer-Songwriter ein Konzert voller Nostalgie, Emotionen und mitreissender Musik. Die Show begann mit den Songs des legend\u00e4ren Albums, das Blunt vor zwei Jahrzehnten weltweit bekannt machte. Klassiker wie&hellip; <br \/> <a class=\"read-more\" href=\"https:\/\/radiosummernight.ch\/fr\/james-blunts-jubilaeumskonzert-in-zuerich\/\">Read more<\/a><\/p>","protected":false},"author":56,"featured_media":22757,"comment_status":"closed","ping_status":"closed","sticky":false,"template":"","format":"standard","meta":{"episode_type":"audio","audio_file":"","podmotor_file_id":"","podmotor_episode_id":"","cover_image":"","cover_image_id":"","duration":"","filesize":"","filesize_raw":"","date_recorded":"","explicit":"","block":"","itunes_episode_number":"","itunes_title":"","itunes_season_number":"","itunes_episode_type":"","footnotes":""},"categories":[5,590,588],"tags":[1623,1877,168,11,1878],"series":[],"class_list":["post-22752","post","type-post","status-publish","format-standard","has-post-thumbnail","hentry","category-events","category-kanton-zuerich","category-redaktionell","tag-hallenstadion","tag-james-blunt","tag-konzert","tag-musik","tag-zuerich-konzert"],"episode_featured_image":"https:\/\/radiosummernight.ch\/upload\/IMG_6279.png","episode_player_image":"https:\/\/radiosummernight.ch\/upload\/2021\/03\/Logo-RSN-Schwarz-300x300-Green.png","download_link":"","player_link":"","audio_player":false,"episode_data":{"playerMode":"light","subscribeUrls":{"apple_podcasts":{"key":"apple_podcasts","url":"https:\/\/podcasts.apple.com\/us\/podcast\/radio-summernight\/id1647787397?uo=4&itsct=podtail_podcasts&itscg=30200&ls=1&at=1001l39ag&ct=deutschepodcasts.de","label":"Apple Podcasts","class":"apple_podcasts","icon":"apple-podcasts.png"},"deezer":{"key":"deezer","url":"https:\/\/deezer.page.link\/NKiaDgyHm5ekBXsE7","label":"Deezer","class":"deezer","icon":"deezer.png"},"google_podcasts":{"key":"google_podcasts","url":"https:\/\/podcasts.google.com\/feed\/aHR0cHM6Ly9yYWRpb3N1bW1lcm5pZ2h0LmNoL2ZlZWQvcG9kY2FzdA?sa=X&ved=0CAMQ4aUDahcKEwj4gc2i0oP8AhUAAAAAHQAAAAAQAQ&hl=de-CH","label":"Google Podcasts","class":"google_podcasts","icon":"google-podcasts.png"},"podcast_de":{"key":"podcast_de","url":"https:\/\/www.podcast.de\/podcast\/3070299\/radio-summernight","label":"Podcast.de","class":"podcast_de","icon":"podcast-de.png"},"spotify":{"key":"spotify","url":"https:\/\/open.spotify.com\/show\/4DnvrNRnOIGTWoVH4yoIpC","label":"Spotify","class":"spotify","icon":"spotify.png"},"itunes":{"key":"itunes","url":"","label":"iTunes","class":"itunes","icon":"itunes.png"},"mytuner_radio":{"key":"mytuner_radio","url":"","label":"myTuner Radio","class":"mytuner_radio","icon":"mytuner-radio.png"}},"rssFeedUrl":"https:\/\/radiosummernight.ch\/fr\/feed\/podcast\/radio-summernight","embedCode":"<blockquote class=\"wp-embedded-content\" data-secret=\"2ctK3OJtNa\"><a href=\"https:\/\/radiosummernight.ch\/fr\/james-blunts-jubilaeumskonzert-in-zuerich\/\">James Blunt\u2018s Jubil\u00e4umskonzert in Z\u00fcrich<\/a><\/blockquote><iframe sandbox=\"allow-scripts\" security=\"restricted\" src=\"https:\/\/radiosummernight.ch\/fr\/james-blunts-jubilaeumskonzert-in-zuerich\/embed\/#?secret=2ctK3OJtNa\" width=\"500\" height=\"350\" title=\"\u00ab\u00a0James Blunt\u2018s Jubil\u00e4umskonzert in Z\u00fcrich\u00a0\u00bb &#8212; Radio Summernight\" data-secret=\"2ctK3OJtNa\" frameborder=\"0\" marginwidth=\"0\" marginheight=\"0\" scrolling=\"no\" class=\"wp-embedded-content\"><\/iframe><script type=\"text\/javascript\">\n\/* <![CDATA[ *\/\n\/*! This file is auto-generated *\/\n!function(d,l){\"use strict\";l.querySelector&&d.addEventListener&&\"undefined\"!=typeof URL&&(d.wp=d.wp||{},d.wp.receiveEmbedMessage||(d.wp.receiveEmbedMessage=function(e){var t=e.data;if((t||t.secret||t.message||t.value)&&!\/[^a-zA-Z0-9]\/.test(t.secret)){for(var s,r,n,a=l.querySelectorAll('iframe[data-secret=\"'+t.secret+'\"]'),o=l.querySelectorAll('blockquote[data-secret=\"'+t.secret+'\"]'),c=new RegExp(\"^https?:$\",\"i\"),i=0;i<o.length;i++)o[i].style.display=\"none\";for(i=0;i<a.length;i++)s=a[i],e.source===s.contentWindow&&(s.removeAttribute(\"style\"),\"height\"===t.message?(1e3<(r=parseInt(t.value,10))?r=1e3:~~r<200&&(r=200),s.height=r):\"link\"===t.message&&(r=new URL(s.getAttribute(\"src\")),n=new URL(t.value),c.test(n.protocol))&&n.host===r.host&&l.activeElement===s&&(d.top.location.href=t.value))}},d.addEventListener(\"message\",d.wp.receiveEmbedMessage,!1),l.addEventListener(\"DOMContentLoaded\",function(){for(var e,t,s=l.querySelectorAll(\"iframe.wp-embedded-content\"),r=0;r<s.length;r++)(t=(e=s[r]).getAttribute(\"data-secret\"))||(t=Math.random().toString(36).substring(2,12),e.src+=\"#?secret=\"+t,e.setAttribute(\"data-secret\",t)),e.contentWindow.postMessage({message:\"ready\",secret:t},\"*\")},!1)))}(window,document);\n\/\/# sourceURL=https:\/\/radiosummernight.ch\/includes\/js\/wp-embed.min.js\n\/* ]]> *\/\n<\/script>\n"},"_links":{"self":[{"href":"https:\/\/radiosummernight.ch\/fr\/wp-json\/wp\/v2\/posts\/22752","targetHints":{"allow":["GET"]}}],"collection":[{"href":"https:\/\/radiosummernight.ch\/fr\/wp-json\/wp\/v2\/posts"}],"about":[{"href":"https:\/\/radiosummernight.ch\/fr\/wp-json\/wp\/v2\/types\/post"}],"author":[{"embeddable":true,"href":"https:\/\/radiosummernight.ch\/fr\/wp-json\/wp\/v2\/users\/56"}],"replies":[{"embeddable":true,"href":"https:\/\/radiosummernight.ch\/fr\/wp-json\/wp\/v2\/comments?post=22752"}],"version-history":[{"count":0,"href":"https:\/\/radiosummernight.ch\/fr\/wp-json\/wp\/v2\/posts\/22752\/revisions"}],"wp:featuredmedia":[{"embeddable":true,"href":"https:\/\/radiosummernight.ch\/fr\/wp-json\/wp\/v2\/media\/22757"}],"wp:attachment":[{"href":"https:\/\/radiosummernight.ch\/fr\/wp-json\/wp\/v2\/media?parent=22752"}],"wp:term":[{"taxonomy":"category","embeddable":true,"href":"https:\/\/radiosummernight.ch\/fr\/wp-json\/wp\/v2\/categories?post=22752"},{"taxonomy":"post_tag","embeddable":true,"href":"https:\/\/radiosummernight.ch\/fr\/wp-json\/wp\/v2\/tags?post=22752"},{"taxonomy":"series","embeddable":true,"href":"https:\/\/radiosummernight.ch\/fr\/wp-json\/wp\/v2\/series?post=22752"}],"curies":[{"name":"wp","href":"https:\/\/api.w.org\/{rel}","templated":true}]}}