{"id":23144,"date":"2025-04-29T13:00:42","date_gmt":"2025-04-29T11:00:42","guid":{"rendered":"https:\/\/radiosummernight.ch\/?p=23144"},"modified":"2025-04-08T09:58:29","modified_gmt":"2025-04-08T07:58:29","slug":"der-wandel-des-lokaljournalismus","status":"publish","type":"post","link":"https:\/\/radiosummernight.ch\/fr\/der-wandel-des-lokaljournalismus\/","title":{"rendered":"Der Wandel des Lokaljournalismus"},"content":{"rendered":"<p>In diesem Radiobeitrag widme ich mich dem Lokaljournalismus in der Schweiz \u2013 einem Bereich, der aktuell unter Druck steht. Anlass f\u00fcr mein Interesse, war die Schliessung mehrerer \u00abToday\u00bb-Plattformen im November 2024.<\/p>\n<p>Im Gespr\u00e4ch mit Bruno Hug, Gr\u00fcnder von Portal24, gehe ich der Frage nach, welche Rolle lokale Medien heute noch spielen. Wir sprechen \u00fcber die Auswirkungen der Digitalisierung, wirtschaftliche Zw\u00e4nge und die Bedeutung f\u00fcr die Demokratie. Besonders spannend: Hug zeigt auf, warum gerade regionale Berichterstattung f\u00fcr viele Menschen unverzichtbar bleibt.<\/p>\n<p>Der Beitrag bietet einen Einblick in die Herausforderungen und Chancen des Lokaljournalismus \u2013 auch f\u00fcr junge Medienschaffende. H\u00f6r hinein und erfahre mehr, wie es um den Lokalen Journalismus steht.<\/p>","protected":false},"excerpt":{"rendered":"<p>In diesem Radiobeitrag widme ich mich dem Lokaljournalismus in der Schweiz \u2013 einem Bereich, der aktuell unter Druck steht. Anlass f\u00fcr mein Interesse, war die Schliessung mehrerer \u00abToday\u00bb-Plattformen im November 2024. Im Gespr\u00e4ch mit Bruno Hug, Gr\u00fcnder von Portal24, gehe ich der Frage nach, welche Rolle lokale Medien heute noch spielen. Wir sprechen \u00fcber die&hellip; <br \/> <a class=\"read-more\" href=\"https:\/\/radiosummernight.ch\/fr\/der-wandel-des-lokaljournalismus\/\">Read more<\/a><\/p>","protected":false},"author":111,"featured_media":23146,"comment_status":"closed","ping_status":"closed","sticky":false,"template":"","format":"standard","meta":{"episode_type":"audio","audio_file":"https:\/\/radiosummernight.ch\/upload\/Radiobeitrag-Lokaljournalismus.mp3","podmotor_file_id":"","podmotor_episode_id":"","cover_image":"","cover_image_id":"","duration":"19:09","filesize":"6.11M","filesize_raw":"6408098","date_recorded":"2025-04-29 13:00:42","explicit":"","block":"","itunes_episode_number":"","itunes_title":"","itunes_season_number":"","itunes_episode_type":"","footnotes":""},"categories":[588],"tags":[349,1906],"series":[1573],"class_list":["post-23144","post","type-post","status-publish","format-standard","has-post-thumbnail","hentry","category-redaktionell","tag-journalismus","tag-lokal","series-radio-summernight"],"episode_featured_image":"https:\/\/radiosummernight.ch\/upload\/Lokaljournalismus.png","episode_player_image":"https:\/\/radiosummernight.ch\/upload\/2021\/03\/Logo-RSN-Schwarz-300x300-Green.png","download_link":"https:\/\/radiosummernight.ch\/podcast-download\/23144\/der-wandel-des-lokaljournalismus.mp3","player_link":"https:\/\/radiosummernight.ch\/podcast-player\/23144\/der-wandel-des-lokaljournalismus.mp3","audio_player":"<audio class=\"wp-audio-shortcode\" id=\"audio-23144-1\" preload=\"none\" style=\"width: 100%;\" controls=\"controls\"><source type=\"audio\/mpeg\" src=\"https:\/\/radiosummernight.ch\/podcast-player\/23144\/der-wandel-des-lokaljournalismus.mp3?_=1\" \/><a href=\"https:\/\/radiosummernight.ch\/podcast-player\/23144\/der-wandel-des-lokaljournalismus.mp3\">https:\/\/radiosummernight.ch\/podcast-player\/23144\/der-wandel-des-lokaljournalismus.mp3<\/a><\/audio>","episode_data":{"playerMode":"light","subscribeUrls":{"apple_podcasts":{"key":"apple_podcasts","url":"https:\/\/podcasts.apple.com\/us\/podcast\/radio-summernight\/id1647787397?%20uo=4&itsct=podtail_podcasts&itscg=30200&ls=1&at=1001l39ag&ct=deutschepodcasts.de","label":"Apple Podcasts","class":"apple_podcasts","icon":"apple-podcasts.png"},"deezer":{"key":"deezer","url":"https:\/\/deezer.page.link\/NKiaDgyHm5ekBXsE7","label":"Deezer","class":"deezer","icon":"deezer.png"},"google_podcasts":{"key":"google_podcasts","url":"https:\/\/podcasts.google.com\/feed\/aHR0cHM6Ly9yYWRpb3N1bW1lcm5pZ2h0LmNoL2ZlZWQvcG9kY2FzdA?%20sa=X&ved=0CAMQ4aUDahcKEwj4gc2i0oP8AhUAAAAAHQAAAAAQAQ&hl=de-CH","label":"Google Podcasts","class":"google_podcasts","icon":"google-podcasts.png"},"podcast_de":{"key":"podcast_de","url":"https:\/\/www.podcast.de\/podcast\/3070299\/radio-summernight","label":"Podcast.de","class":"podcast_de","icon":"podcast-de.png"},"spotify":{"key":"spotify","url":"https:\/\/open.spotify.com\/show\/4DnvrNRnOIGTWoVH4yoIpC","label":"Spotify","class":"spotify","icon":"spotify.png"},"itunes":{"key":"itunes","url":"","label":"iTunes","class":"itunes","icon":"itunes.png"},"mytuner_radio":{"key":"mytuner_radio","url":"","label":"myTuner Radio","class":"mytuner_radio","icon":"mytuner-radio.png"}},"rssFeedUrl":"https:\/\/radiosummernight.ch\/fr\/feed\/podcast\/radio-summernight","embedCode":"<blockquote class=\"wp-embedded-content\" data-secret=\"vPiPrr4PpS\"><a href=\"https:\/\/radiosummernight.ch\/fr\/der-wandel-des-lokaljournalismus\/\">Der Wandel des Lokaljournalismus<\/a><\/blockquote><iframe sandbox=\"allow-scripts\" security=\"restricted\" src=\"https:\/\/radiosummernight.ch\/fr\/der-wandel-des-lokaljournalismus\/embed\/#?secret=vPiPrr4PpS\" width=\"500\" height=\"350\" title=\"\u00ab\u00a0Der Wandel des Lokaljournalismus\u00a0\u00bb &#8212; Radio Summernight\" data-secret=\"vPiPrr4PpS\" frameborder=\"0\" marginwidth=\"0\" marginheight=\"0\" scrolling=\"no\" class=\"wp-embedded-content\"><\/iframe><script type=\"text\/javascript\">\n\/* <![CDATA[ *\/\n\/*! This file is auto-generated *\/\n!function(d,l){\"use strict\";l.querySelector&&d.addEventListener&&\"undefined\"!=typeof URL&&(d.wp=d.wp||{},d.wp.receiveEmbedMessage||(d.wp.receiveEmbedMessage=function(e){var t=e.data;if((t||t.secret||t.message||t.value)&&!\/[^a-zA-Z0-9]\/.test(t.secret)){for(var s,r,n,a=l.querySelectorAll('iframe[data-secret=\"'+t.secret+'\"]'),o=l.querySelectorAll('blockquote[data-secret=\"'+t.secret+'\"]'),c=new RegExp(\"^https?:$\",\"i\"),i=0;i<o.length;i++)o[i].style.display=\"none\";for(i=0;i<a.length;i++)s=a[i],e.source===s.contentWindow&&(s.removeAttribute(\"style\"),\"height\"===t.message?(1e3<(r=parseInt(t.value,10))?r=1e3:~~r<200&&(r=200),s.height=r):\"link\"===t.message&&(r=new URL(s.getAttribute(\"src\")),n=new URL(t.value),c.test(n.protocol))&&n.host===r.host&&l.activeElement===s&&(d.top.location.href=t.value))}},d.addEventListener(\"message\",d.wp.receiveEmbedMessage,!1),l.addEventListener(\"DOMContentLoaded\",function(){for(var e,t,s=l.querySelectorAll(\"iframe.wp-embedded-content\"),r=0;r<s.length;r++)(t=(e=s[r]).getAttribute(\"data-secret\"))||(t=Math.random().toString(36).substring(2,12),e.src+=\"#?secret=\"+t,e.setAttribute(\"data-secret\",t)),e.contentWindow.postMessage({message:\"ready\",secret:t},\"*\")},!1)))}(window,document);\n\/\/# sourceURL=https:\/\/radiosummernight.ch\/includes\/js\/wp-embed.min.js\n\/* ]]> *\/\n<\/script>\n"},"_links":{"self":[{"href":"https:\/\/radiosummernight.ch\/fr\/wp-json\/wp\/v2\/posts\/23144","targetHints":{"allow":["GET"]}}],"collection":[{"href":"https:\/\/radiosummernight.ch\/fr\/wp-json\/wp\/v2\/posts"}],"about":[{"href":"https:\/\/radiosummernight.ch\/fr\/wp-json\/wp\/v2\/types\/post"}],"author":[{"embeddable":true,"href":"https:\/\/radiosummernight.ch\/fr\/wp-json\/wp\/v2\/users\/111"}],"replies":[{"embeddable":true,"href":"https:\/\/radiosummernight.ch\/fr\/wp-json\/wp\/v2\/comments?post=23144"}],"version-history":[{"count":0,"href":"https:\/\/radiosummernight.ch\/fr\/wp-json\/wp\/v2\/posts\/23144\/revisions"}],"wp:featuredmedia":[{"embeddable":true,"href":"https:\/\/radiosummernight.ch\/fr\/wp-json\/wp\/v2\/media\/23146"}],"wp:attachment":[{"href":"https:\/\/radiosummernight.ch\/fr\/wp-json\/wp\/v2\/media?parent=23144"}],"wp:term":[{"taxonomy":"category","embeddable":true,"href":"https:\/\/radiosummernight.ch\/fr\/wp-json\/wp\/v2\/categories?post=23144"},{"taxonomy":"post_tag","embeddable":true,"href":"https:\/\/radiosummernight.ch\/fr\/wp-json\/wp\/v2\/tags?post=23144"},{"taxonomy":"series","embeddable":true,"href":"https:\/\/radiosummernight.ch\/fr\/wp-json\/wp\/v2\/series?post=23144"}],"curies":[{"name":"wp","href":"https:\/\/api.w.org\/{rel}","templated":true}]}}