{"id":23545,"date":"2025-04-25T13:00:48","date_gmt":"2025-04-25T11:00:48","guid":{"rendered":"https:\/\/radiosummernight.ch\/?p=23545"},"modified":"2025-04-25T08:51:11","modified_gmt":"2025-04-25T06:51:11","slug":"die-villen-von-rueti-haeuser-mit-geschichte","status":"publish","type":"post","link":"https:\/\/radiosummernight.ch\/fr\/die-villen-von-rueti-haeuser-mit-geschichte\/","title":{"rendered":"Die Villen von R\u00fcti \u2013 H\u00e4user mit Geschichte"},"content":{"rendered":"<p>In dieser Folge tauchen wir ein in die Welt der R\u00fctner Villen: Wir sprechen \u00fcber ihre Geschichte, die Menschen, die sie bewohnten, und die Architektur, die noch heute beeindruckt.<\/p>\n<p>Mit dabei sind unter anderem die Villa Hess, Villa Felsberg, Villa S\u00e9quin, Villa Weber, Villa Baumann, die H\u00fcslischnyder Villa sowie der Kindergarten und das Schulhaus Schlossberg.<\/p>\n<p>Was haben diese Geb\u00e4ude erlebt? Welche Spuren haben ihre Besitzer hinterlassen? Und was erz\u00e4hlen uns Fassaden, Fenster und Flure \u00fcber das R\u00fcti von damals? Gemeinsam entdecken wir, wie Geschichte in Stein gemeisselt wurde \u2013 und warum es sich lohnt, genauer hinzuschauen.<\/p>","protected":false},"excerpt":{"rendered":"<p>In dieser Folge tauchen wir ein in die Welt der R\u00fctner Villen: Wir sprechen \u00fcber ihre Geschichte, die Menschen, die sie bewohnten, und die Architektur, die noch heute beeindruckt. Mit dabei sind unter anderem die Villa Hess, Villa Felsberg, Villa S\u00e9quin, Villa Weber, Villa Baumann, die H\u00fcslischnyder Villa sowie der Kindergarten und das Schulhaus Schlossberg.&hellip; <br \/> <a class=\"read-more\" href=\"https:\/\/radiosummernight.ch\/fr\/die-villen-von-rueti-haeuser-mit-geschichte\/\">Read more<\/a><\/p>","protected":false},"author":111,"featured_media":23549,"comment_status":"closed","ping_status":"closed","sticky":false,"template":"","format":"standard","meta":{"episode_type":"audio","audio_file":"https:\/\/radiosummernight.ch\/upload\/Podcast-Villa-aus-Rueti.mp3","podmotor_file_id":"","podmotor_episode_id":"","cover_image":"","cover_image_id":"","duration":"45:37","filesize":"23.28M","filesize_raw":"24411528","date_recorded":"2025-04-25 08:37:17","explicit":"","block":"","itunes_episode_number":"","itunes_title":"","itunes_season_number":"","itunes_episode_type":"","footnotes":""},"categories":[590,591,588,1889],"tags":[1751,621,458,1842,1911],"series":[1742],"class_list":["post-23545","post","type-post","status-publish","format-standard","has-post-thumbnail","hentry","category-kanton-zuerich","category-kultur","category-redaktionell","category-zuerich-oberland","tag-chronik","tag-podcast","tag-rueti-zh","tag-ruetner-chronik","tag-villa","series-ruetner-chronik-podcast"],"episode_featured_image":"https:\/\/radiosummernight.ch\/upload\/8e2344bc-cdc9-4632-b1e0-f1f6b46583fe-scaled.jpg","episode_player_image":"https:\/\/radiosummernight.ch\/upload\/Ruetner-Chronik.png","download_link":"https:\/\/radiosummernight.ch\/podcast-download\/23545\/die-villen-von-rueti-haeuser-mit-geschichte.mp3","player_link":"https:\/\/radiosummernight.ch\/podcast-player\/23545\/die-villen-von-rueti-haeuser-mit-geschichte.mp3","audio_player":"<audio class=\"wp-audio-shortcode\" id=\"audio-23545-1\" preload=\"none\" style=\"width: 100%;\" controls=\"controls\"><source type=\"audio\/mpeg\" src=\"https:\/\/radiosummernight.ch\/podcast-player\/23545\/die-villen-von-rueti-haeuser-mit-geschichte.mp3?_=1\" \/><a href=\"https:\/\/radiosummernight.ch\/podcast-player\/23545\/die-villen-von-rueti-haeuser-mit-geschichte.mp3\">https:\/\/radiosummernight.ch\/podcast-player\/23545\/die-villen-von-rueti-haeuser-mit-geschichte.mp3<\/a><\/audio>","episode_data":{"playerMode":"light","subscribeUrls":{"apple_podcasts":{"key":"apple_podcasts","url":"","label":"Apple Podcasts","class":"apple_podcasts","icon":"apple-podcasts.png"},"deezer":{"key":"deezer","url":"","label":"Deezer","class":"deezer","icon":"deezer.png"},"google_podcasts":{"key":"google_podcasts","url":"","label":"Google Podcasts","class":"google_podcasts","icon":"google-podcasts.png"},"podcast_de":{"key":"podcast_de","url":"","label":"Podcast.de","class":"podcast_de","icon":"podcast-de.png"},"spotify":{"key":"spotify","url":"","label":"Spotify","class":"spotify","icon":"spotify.png"},"itunes":{"key":"itunes","url":"","label":"iTunes","class":"itunes","icon":"itunes.png"},"mytuner_radio":{"key":"mytuner_radio","url":"","label":"myTuner Radio","class":"mytuner_radio","icon":"mytuner-radio.png"}},"rssFeedUrl":"https:\/\/radiosummernight.ch\/fr\/feed\/podcast\/ruetner-chronik-podcast","embedCode":"<blockquote class=\"wp-embedded-content\" data-secret=\"bjvJOeEtHo\"><a href=\"https:\/\/radiosummernight.ch\/fr\/die-villen-von-rueti-haeuser-mit-geschichte\/\">Die Villen von R\u00fcti \u2013 H\u00e4user mit Geschichte<\/a><\/blockquote><iframe sandbox=\"allow-scripts\" security=\"restricted\" src=\"https:\/\/radiosummernight.ch\/fr\/die-villen-von-rueti-haeuser-mit-geschichte\/embed\/#?secret=bjvJOeEtHo\" width=\"500\" height=\"350\" title=\"\u00ab\u00a0Die Villen von R\u00fcti \u2013 H\u00e4user mit Geschichte\u00a0\u00bb &#8212; Radio Summernight\" data-secret=\"bjvJOeEtHo\" frameborder=\"0\" marginwidth=\"0\" marginheight=\"0\" scrolling=\"no\" class=\"wp-embedded-content\"><\/iframe><script type=\"text\/javascript\">\n\/* <![CDATA[ *\/\n\/*! This file is auto-generated *\/\n!function(d,l){\"use strict\";l.querySelector&&d.addEventListener&&\"undefined\"!=typeof URL&&(d.wp=d.wp||{},d.wp.receiveEmbedMessage||(d.wp.receiveEmbedMessage=function(e){var t=e.data;if((t||t.secret||t.message||t.value)&&!\/[^a-zA-Z0-9]\/.test(t.secret)){for(var s,r,n,a=l.querySelectorAll('iframe[data-secret=\"'+t.secret+'\"]'),o=l.querySelectorAll('blockquote[data-secret=\"'+t.secret+'\"]'),c=new RegExp(\"^https?:$\",\"i\"),i=0;i<o.length;i++)o[i].style.display=\"none\";for(i=0;i<a.length;i++)s=a[i],e.source===s.contentWindow&&(s.removeAttribute(\"style\"),\"height\"===t.message?(1e3<(r=parseInt(t.value,10))?r=1e3:~~r<200&&(r=200),s.height=r):\"link\"===t.message&&(r=new URL(s.getAttribute(\"src\")),n=new URL(t.value),c.test(n.protocol))&&n.host===r.host&&l.activeElement===s&&(d.top.location.href=t.value))}},d.addEventListener(\"message\",d.wp.receiveEmbedMessage,!1),l.addEventListener(\"DOMContentLoaded\",function(){for(var e,t,s=l.querySelectorAll(\"iframe.wp-embedded-content\"),r=0;r<s.length;r++)(t=(e=s[r]).getAttribute(\"data-secret\"))||(t=Math.random().toString(36).substring(2,12),e.src+=\"#?secret=\"+t,e.setAttribute(\"data-secret\",t)),e.contentWindow.postMessage({message:\"ready\",secret:t},\"*\")},!1)))}(window,document);\n\/\/# sourceURL=https:\/\/radiosummernight.ch\/includes\/js\/wp-embed.min.js\n\/* ]]> *\/\n<\/script>\n"},"_links":{"self":[{"href":"https:\/\/radiosummernight.ch\/fr\/wp-json\/wp\/v2\/posts\/23545","targetHints":{"allow":["GET"]}}],"collection":[{"href":"https:\/\/radiosummernight.ch\/fr\/wp-json\/wp\/v2\/posts"}],"about":[{"href":"https:\/\/radiosummernight.ch\/fr\/wp-json\/wp\/v2\/types\/post"}],"author":[{"embeddable":true,"href":"https:\/\/radiosummernight.ch\/fr\/wp-json\/wp\/v2\/users\/111"}],"replies":[{"embeddable":true,"href":"https:\/\/radiosummernight.ch\/fr\/wp-json\/wp\/v2\/comments?post=23545"}],"version-history":[{"count":0,"href":"https:\/\/radiosummernight.ch\/fr\/wp-json\/wp\/v2\/posts\/23545\/revisions"}],"wp:featuredmedia":[{"embeddable":true,"href":"https:\/\/radiosummernight.ch\/fr\/wp-json\/wp\/v2\/media\/23549"}],"wp:attachment":[{"href":"https:\/\/radiosummernight.ch\/fr\/wp-json\/wp\/v2\/media?parent=23545"}],"wp:term":[{"taxonomy":"category","embeddable":true,"href":"https:\/\/radiosummernight.ch\/fr\/wp-json\/wp\/v2\/categories?post=23545"},{"taxonomy":"post_tag","embeddable":true,"href":"https:\/\/radiosummernight.ch\/fr\/wp-json\/wp\/v2\/tags?post=23545"},{"taxonomy":"series","embeddable":true,"href":"https:\/\/radiosummernight.ch\/fr\/wp-json\/wp\/v2\/series?post=23545"}],"curies":[{"name":"wp","href":"https:\/\/api.w.org\/{rel}","templated":true}]}}