{"id":26835,"date":"2025-12-09T13:36:15","date_gmt":"2025-12-09T12:36:15","guid":{"rendered":"https:\/\/radiosummernight.ch\/?p=26835"},"modified":"2026-03-03T08:46:08","modified_gmt":"2026-03-03T07:46:08","slug":"radio-summernight-ueberzeugt-jugendsession-und-holt-den-prix-jeunesse","status":"publish","type":"post","link":"https:\/\/radiosummernight.ch\/fr\/radio-summernight-ueberzeugt-jugendsession-und-holt-den-prix-jeunesse\/","title":{"rendered":"Radio Summernight \u00fcberzeugt Jugendsession und holt den Prix Jeunesse"},"content":{"rendered":"<p><strong>Radio Summernight wurde mit dem Prix Jeunesse 2025 ausgezeichnet. Die Auszeichnung wird jedes Jahr im Rahmen der Jugendsession vergeben und w\u00fcrdigt Organisationen, die sich besonders f\u00fcr junge Menschen einsetzen und ihre Anliegen sichtbar machen.<\/strong><\/p>\n<h3>Ein Zeichen der Anerkennung durch Jugendliche selbst<\/h3>\n<p>F\u00fcr uns ist dieser Preis etwas Besonderes, gerade weil er von Jugendlichen verliehen wird. Er zeigt, dass unsere Arbeit ankommt und dass junge Menschen partizipative Medienprojekte als wichtig und relevant erleben.<\/p>\n<p>Wir setzen uns t\u00e4glich daf\u00fcr ein, dass Jugendliche ihre Stimme erheben, Medienkompetenz aufbauen und kreative Ideen ohne H\u00fcrden umsetzen k\u00f6nnen. In unseren Studios in Aarau und R\u00fcti ZH gestalten junge Menschen Woche f\u00fcr Woche eigene Sendungen, moderieren Live-Slots, setzen Podcasts um und diskutieren gesellschaftliche Themen aus ihrer Perspektive.<\/p>\n<h3>Warum der Preis uns best\u00e4rkt<\/h3>\n<p>\u00abDiese Auszeichnung bedeutet uns sehr viel. Sie zeigt, dass junge Menschen selbst anerkennen, wie wichtig partizipative Medienarbeit ist\u00bb, sagt unser Projektleiter Gian-Luca Biechler. \u00abBei uns lernen Jugendliche, ihre Meinung zu \u00e4ussern, Verantwortung zu \u00fcbernehmen und gemeinsam Radio zu machen \u2013 unabh\u00e4ngig von Herkunft oder Vorerfahrung.\u00bb<\/p>\n<p>Diese Haltung pr\u00e4gt all unsere Angebote: Radiosendungen, Workshops, Schulprojekte und Festivals, die in den letzten Jahren stetig gewachsen sind. Mittlerweile erreichen wir junge Menschen aus der ganzen Deutschschweiz und erm\u00f6glichen ihnen, Medienproduktion aus erster Hand zu erleben.<\/p>\n<h3>Ein Projekt, das sich weiterentwickelt<\/h3>\n<p>Die Jugendsession w\u00fcrdigte unsere offene Struktur, unseren partizipativen Ansatz und die kontinuierliche Weiterentwicklung des Projekts. F\u00fcr uns ist der Prix Jeunesse Best\u00e4tigung und Motivation zugleich \u2013 denn er zeigt, dass Jugendradio wirkt: als Plattform, als Bildungsort und als Raum f\u00fcr kreative Entfaltung.<\/p>\n<h3>Wir sagen Danke<\/h3>\n<p>Der Prix Jeunesse 2025 ist ein Meilenstein f\u00fcr uns \u2013 und ein grosser Ansporn, unseren Weg weiterzugehen. Wir danken allen Jugendlichen, die Radio Summernight pr\u00e4gen, sowie unseren Unterst\u00fctzerinnen, Partnern und H\u00f6rerinnen. Ohne euch w\u00e4re dieses Projekt nicht da, wo es heute steht.<\/p>","protected":false},"excerpt":{"rendered":"<p>Radio Summernight wurde mit dem Prix Jeunesse 2025 ausgezeichnet. Die Auszeichnung wird jedes Jahr im Rahmen der Jugendsession vergeben und w\u00fcrdigt Organisationen, die sich besonders f\u00fcr junge Menschen einsetzen und ihre Anliegen sichtbar machen. Ein Zeichen der Anerkennung durch Jugendliche selbst F\u00fcr uns ist dieser Preis etwas Besonderes, gerade weil er von Jugendlichen verliehen wird.&hellip; <br \/> <a class=\"read-more\" href=\"https:\/\/radiosummernight.ch\/fr\/radio-summernight-ueberzeugt-jugendsession-und-holt-den-prix-jeunesse\/\">Read more<\/a><\/p>","protected":false},"author":1,"featured_media":26837,"comment_status":"closed","ping_status":"closed","sticky":false,"template":"","format":"standard","meta":{"episode_type":"audio","audio_file":"","podmotor_file_id":"","podmotor_episode_id":"","cover_image":"","cover_image_id":"","duration":"","filesize":"","filesize_raw":"","date_recorded":"","explicit":"","block":"","itunes_episode_number":"","itunes_title":"","itunes_season_number":"","itunes_episode_type":"","footnotes":""},"categories":[589,590,186,588,2006],"tags":[],"series":[],"class_list":["post-26835","post","type-post","status-publish","format-standard","has-post-thumbnail","hentry","category-aargau","category-kanton-zuerich","category-news","category-redaktionell","category-top-beitrag"],"episode_featured_image":"https:\/\/radiosummernight.ch\/upload\/IMG_2882.jpeg","episode_player_image":"https:\/\/radiosummernight.ch\/upload\/2021\/03\/Logo-RSN-Schwarz-300x300-Green.png","download_link":"","player_link":"","audio_player":false,"episode_data":{"playerMode":"light","subscribeUrls":{"apple_podcasts":{"key":"apple_podcasts","url":"https:\/\/podcasts.apple.com\/us\/podcast\/radio-summernight\/id1647787397?uo=4&itsct=podtail_podcasts&itscg=30200&ls=1&at=1001l39ag&ct=deutschepodcasts.de","label":"Apple Podcasts","class":"apple_podcasts","icon":"apple-podcasts.png"},"deezer":{"key":"deezer","url":"https:\/\/deezer.page.link\/NKiaDgyHm5ekBXsE7","label":"Deezer","class":"deezer","icon":"deezer.png"},"google_podcasts":{"key":"google_podcasts","url":"https:\/\/podcasts.google.com\/feed\/aHR0cHM6Ly9yYWRpb3N1bW1lcm5pZ2h0LmNoL2ZlZWQvcG9kY2FzdA?sa=X&ved=0CAMQ4aUDahcKEwj4gc2i0oP8AhUAAAAAHQAAAAAQAQ&hl=de-CH","label":"Google Podcasts","class":"google_podcasts","icon":"google-podcasts.png"},"podcast_de":{"key":"podcast_de","url":"https:\/\/www.podcast.de\/podcast\/3070299\/radio-summernight","label":"Podcast.de","class":"podcast_de","icon":"podcast-de.png"},"spotify":{"key":"spotify","url":"https:\/\/open.spotify.com\/show\/4DnvrNRnOIGTWoVH4yoIpC","label":"Spotify","class":"spotify","icon":"spotify.png"},"itunes":{"key":"itunes","url":"","label":"iTunes","class":"itunes","icon":"itunes.png"},"mytuner_radio":{"key":"mytuner_radio","url":"","label":"myTuner Radio","class":"mytuner_radio","icon":"mytuner-radio.png"}},"rssFeedUrl":"https:\/\/radiosummernight.ch\/fr\/feed\/podcast\/radio-summernight","embedCode":"<blockquote class=\"wp-embedded-content\" data-secret=\"JB09ZSmR4O\"><a href=\"https:\/\/radiosummernight.ch\/fr\/radio-summernight-ueberzeugt-jugendsession-und-holt-den-prix-jeunesse\/\">Radio Summernight \u00fcberzeugt Jugendsession und holt den Prix Jeunesse<\/a><\/blockquote><iframe sandbox=\"allow-scripts\" security=\"restricted\" src=\"https:\/\/radiosummernight.ch\/fr\/radio-summernight-ueberzeugt-jugendsession-und-holt-den-prix-jeunesse\/embed\/#?secret=JB09ZSmR4O\" width=\"500\" height=\"350\" title=\"\u00ab\u00a0Radio Summernight \u00fcberzeugt Jugendsession und holt den Prix Jeunesse\u00a0\u00bb &#8212; Radio Summernight\" data-secret=\"JB09ZSmR4O\" frameborder=\"0\" marginwidth=\"0\" marginheight=\"0\" scrolling=\"no\" class=\"wp-embedded-content\"><\/iframe><script type=\"text\/javascript\">\n\/* <![CDATA[ *\/\n\/*! This file is auto-generated *\/\n!function(d,l){\"use strict\";l.querySelector&&d.addEventListener&&\"undefined\"!=typeof URL&&(d.wp=d.wp||{},d.wp.receiveEmbedMessage||(d.wp.receiveEmbedMessage=function(e){var t=e.data;if((t||t.secret||t.message||t.value)&&!\/[^a-zA-Z0-9]\/.test(t.secret)){for(var s,r,n,a=l.querySelectorAll('iframe[data-secret=\"'+t.secret+'\"]'),o=l.querySelectorAll('blockquote[data-secret=\"'+t.secret+'\"]'),c=new RegExp(\"^https?:$\",\"i\"),i=0;i<o.length;i++)o[i].style.display=\"none\";for(i=0;i<a.length;i++)s=a[i],e.source===s.contentWindow&&(s.removeAttribute(\"style\"),\"height\"===t.message?(1e3<(r=parseInt(t.value,10))?r=1e3:~~r<200&&(r=200),s.height=r):\"link\"===t.message&&(r=new URL(s.getAttribute(\"src\")),n=new URL(t.value),c.test(n.protocol))&&n.host===r.host&&l.activeElement===s&&(d.top.location.href=t.value))}},d.addEventListener(\"message\",d.wp.receiveEmbedMessage,!1),l.addEventListener(\"DOMContentLoaded\",function(){for(var e,t,s=l.querySelectorAll(\"iframe.wp-embedded-content\"),r=0;r<s.length;r++)(t=(e=s[r]).getAttribute(\"data-secret\"))||(t=Math.random().toString(36).substring(2,12),e.src+=\"#?secret=\"+t,e.setAttribute(\"data-secret\",t)),e.contentWindow.postMessage({message:\"ready\",secret:t},\"*\")},!1)))}(window,document);\n\/\/# sourceURL=https:\/\/radiosummernight.ch\/includes\/js\/wp-embed.min.js\n\/* ]]> *\/\n<\/script>\n"},"_links":{"self":[{"href":"https:\/\/radiosummernight.ch\/fr\/wp-json\/wp\/v2\/posts\/26835","targetHints":{"allow":["GET"]}}],"collection":[{"href":"https:\/\/radiosummernight.ch\/fr\/wp-json\/wp\/v2\/posts"}],"about":[{"href":"https:\/\/radiosummernight.ch\/fr\/wp-json\/wp\/v2\/types\/post"}],"author":[{"embeddable":true,"href":"https:\/\/radiosummernight.ch\/fr\/wp-json\/wp\/v2\/users\/1"}],"replies":[{"embeddable":true,"href":"https:\/\/radiosummernight.ch\/fr\/wp-json\/wp\/v2\/comments?post=26835"}],"version-history":[{"count":1,"href":"https:\/\/radiosummernight.ch\/fr\/wp-json\/wp\/v2\/posts\/26835\/revisions"}],"predecessor-version":[{"id":26907,"href":"https:\/\/radiosummernight.ch\/fr\/wp-json\/wp\/v2\/posts\/26835\/revisions\/26907"}],"wp:featuredmedia":[{"embeddable":true,"href":"https:\/\/radiosummernight.ch\/fr\/wp-json\/wp\/v2\/media\/26837"}],"wp:attachment":[{"href":"https:\/\/radiosummernight.ch\/fr\/wp-json\/wp\/v2\/media?parent=26835"}],"wp:term":[{"taxonomy":"category","embeddable":true,"href":"https:\/\/radiosummernight.ch\/fr\/wp-json\/wp\/v2\/categories?post=26835"},{"taxonomy":"post_tag","embeddable":true,"href":"https:\/\/radiosummernight.ch\/fr\/wp-json\/wp\/v2\/tags?post=26835"},{"taxonomy":"series","embeddable":true,"href":"https:\/\/radiosummernight.ch\/fr\/wp-json\/wp\/v2\/series?post=26835"}],"curies":[{"name":"wp","href":"https:\/\/api.w.org\/{rel}","templated":true}]}}