{"id":27117,"date":"2026-01-23T10:00:22","date_gmt":"2026-01-23T09:00:22","guid":{"rendered":"https:\/\/radiosummernight.ch\/?p=27117"},"modified":"2026-03-03T08:45:42","modified_gmt":"2026-03-03T07:45:42","slug":"902-interview-mit-marvin-huebel","status":"publish","type":"post","link":"https:\/\/radiosummernight.ch\/fr\/902-interview-mit-marvin-huebel\/","title":{"rendered":"90+2 Interview mit Marvin H\u00fcbel"},"content":{"rendered":"<p class=\"e-91090-text encore-text-body-medium\" data-encore-id=\"text\" data-slate-node=\"element\"><span data-slate-node=\"text\"><span class=\"sc-dfyheH cjSZKs\" data-slate-leaf=\"true\">In dieser Folge hatten wir die besondere Gelegenheit, ein exklusives Interview mit dem Torwart des FC Aarau zu f\u00fchren. Gemeinsam werfen wir einen spannenden Blick hinter die Kulissen des Profifussballs und sprechen dar\u00fcber, wie eine Spielvorbereitung in der zweith\u00f6chsten Schweizer Liga konkret aussieht. Vom Training unter der Woche \u00fcber die taktische Vorbereitung bis hin zu den Abl\u00e4ufen am Spieltag \u2013 wir beleuchten, was es braucht, um auf diesem Niveau konstant Leistung zu bringen.<\/span><\/span><\/p>\n<p class=\"e-91090-text encore-text-body-medium\" data-encore-id=\"text\" data-slate-node=\"element\"><span data-slate-node=\"text\"><span class=\"sc-dfyheH cjSZKs\" data-slate-leaf=\"true\">Ein weiteres zentrales Thema dieser Folge ist der sogenannte Trainereffekt. Gibt es ihn wirklich? Kann ein Trainerwechsel kurzfristig neue Energie freisetzen und Leistungen verbessern \u2013 oder ist das eher ein Mythos? Der Torwart teilt dabei seine pers\u00f6nlichen Erfahrungen aus dem Profialltag und gibt spannende Einblicke in die Zusammenarbeit mit Trainern und dem gesamten Staff.<\/span><\/span><\/p>\n<p class=\"e-91090-text encore-text-body-medium\" data-encore-id=\"text\" data-slate-node=\"element\"><span data-slate-node=\"text\"><span class=\"sc-dfyheH cjSZKs\" data-slate-leaf=\"true\">Auch die mentale St\u00e4rke spielt im heutigen Fussball eine immer gr\u00f6ssere Rolle. Wie geht man mit Druck, Erwartungen und R\u00fcckschl\u00e4gen um? Welche Bedeutung haben Selbstvertrauen, Fokus und mentale Vorbereitung \u2013 gerade f\u00fcr einen Torh\u00fcter, der oft im Mittelpunkt steht? Diese Fragen werden offen und ehrlich diskutiert.<\/span><\/span><\/p>\n<p class=\"e-91090-text encore-text-body-medium\" data-encore-id=\"text\" data-slate-node=\"element\" data-slate-fragment=\"JTVCJTdCJTIydHlwZSUyMiUzQSUyMnBhcmFncmFwaCUyMiUyQyUyMmNoaWxkcmVuJTIyJTNBJTVCJTdCJTIydGV4dCUyMiUzQSUyMkluJTIwZGllc2VyJTIwRm9sZ2UlMjBoYXR0ZW4lMjB3aXIlMjBkaWUlMjBiZXNvbmRlcmUlMjBHZWxlZ2VuaGVpdCUyQyUyMGVpbiUyMGV4a2x1c2l2ZXMlMjBJbnRlcnZpZXclMjBtaXQlMjBkZW0lMjBUb3J3YXJ0JTIwZGVzJTIwRkMlMjBBYXJhdSUyMHp1JTIwZiVDMyVCQ2hyZW4uJTIwR2VtZWluc2FtJTIwd2VyZmVuJTIwd2lyJTIwZWluZW4lMjBzcGFubmVuZGVuJTIwQmxpY2slMjBoaW50ZXIlMjBkaWUlMjBLdWxpc3NlbiUyMGRlcyUyMFByb2ZpZnVzc2JhbGxzJTIwdW5kJTIwc3ByZWNoZW4lMjBkYXIlQzMlQkNiZXIlMkMlMjB3aWUlMjBlaW5lJTIwU3BpZWx2b3JiZXJlaXR1bmclMjBpbiUyMGRlciUyMHp3ZWl0aCVDMyVCNmNoc3RlbiUyMFNjaHdlaXplciUyMExpZ2ElMjBrb25rcmV0JTIwYXVzc2llaHQuJTIwVm9tJTIwVHJhaW5pbmclMjB1bnRlciUyMGRlciUyMFdvY2hlJTIwJUMzJUJDYmVyJTIwZGllJTIwdGFrdGlzY2hlJTIwVm9yYmVyZWl0dW5nJTIwYmlzJTIwaGluJTIwenUlMjBkZW4lMjBBYmwlQzMlQTR1ZmVuJTIwYW0lMjBTcGllbHRhZyUyMCVFMiU4MCU5MyUyMHdpciUyMGJlbGV1Y2h0ZW4lMkMlMjB3YXMlMjBlcyUyMGJyYXVjaHQlMkMlMjB1bSUyMGF1ZiUyMGRpZXNlbSUyME5pdmVhdSUyMGtvbnN0YW50JTIwTGVpc3R1bmclMjB6dSUyMGJyaW5nZW4uJTIyJTdEJTVEJTdEJTJDJTdCJTIydHlwZSUyMiUzQSUyMnBhcmFncmFwaCUyMiUyQyUyMmNoaWxkcmVuJTIyJTNBJTVCJTdCJTIydGV4dCUyMiUzQSUyMkVpbiUyMHdlaXRlcmVzJTIwemVudHJhbGVzJTIwVGhlbWElMjBkaWVzZXIlMjBGb2xnZSUyMGlzdCUyMGRlciUyMHNvZ2VuYW5udGUlMjBUcmFpbmVyZWZmZWt0LiUyMEdpYnQlMjBlcyUyMGlobiUyMHdpcmtsaWNoJTNGJTIwS2FubiUyMGVpbiUyMFRyYWluZXJ3ZWNoc2VsJTIwa3VyemZyaXN0aWclMjBuZXVlJTIwRW5lcmdpZSUyMGZyZWlzZXR6ZW4lMjB1bmQlMjBMZWlzdHVuZ2VuJTIwdmVyYmVzc2VybiUyMCVFMiU4MCU5MyUyMG9kZXIlMjBpc3QlMjBkYXMlMjBlaGVyJTIwZWluJTIwTXl0aG9zJTNGJTIwRGVyJTIwVG9yd2FydCUyMHRlaWx0JTIwZGFiZWklMjBzZWluZSUyMHBlcnMlQzMlQjZubGljaGVuJTIwRXJmYWhydW5nZW4lMjBhdXMlMjBkZW0lMjBQcm9maWFsbHRhZyUyMHVuZCUyMGdpYnQlMjBzcGFubmVuZGUlMjBFaW5ibGlja2UlMjBpbiUyMGRpZSUyMFp1c2FtbWVuYXJiZWl0JTIwbWl0JTIwVHJhaW5lcm4lMjB1bmQlMjBkZW0lMjBnZXNhbXRlbiUyMFN0YWZmLiUyMiU3RCU1RCU3RCUyQyU3QiUyMnR5cGUlMjIlM0ElMjJwYXJhZ3JhcGglMjIlMkMlMjJjaGlsZHJlbiUyMiUzQSU1QiU3QiUyMnRleHQlMjIlM0ElMjJBdWNoJTIwZGllJTIwbWVudGFsZSUyMFN0JUMzJUE0cmtlJTIwc3BpZWx0JTIwaW0lMjBoZXV0aWdlbiUyMEZ1c3NiYWxsJTIwZWluZSUyMGltbWVyJTIwZ3IlQzMlQjZzc2VyZSUyMFJvbGxlLiUyMFdpZSUyMGdlaHQlMjBtYW4lMjBtaXQlMjBEcnVjayUyQyUyMEVyd2FydHVuZ2VuJTIwdW5kJTIwUiVDMyVCQ2Nrc2NobCVDMyVBNGdlbiUyMHVtJTNGJTIwV2VsY2hlJTIwQmVkZXV0dW5nJTIwaGFiZW4lMjBTZWxic3R2ZXJ0cmF1ZW4lMkMlMjBGb2t1cyUyMHVuZCUyMG1lbnRhbGUlMjBWb3JiZXJlaXR1bmclMjAlRTIlODAlOTMlMjBnZXJhZGUlMjBmJUMzJUJDciUyMGVpbmVuJTIwVG9yaCVDMyVCQ3RlciUyQyUyMGRlciUyMG9mdCUyMGltJTIwTWl0dGVscHVua3QlMjBzdGVodCUzRiUyMERpZXNlJTIwRnJhZ2VuJTIwd2VyZGVuJTIwb2ZmZW4lMjB1bmQlMjBlaHJsaWNoJTIwZGlza3V0aWVydC4lMjIlN0QlNUQlN0QlMkMlN0IlMjJ0eXBlJTIyJTNBJTIycGFyYWdyYXBoJTIyJTJDJTIyY2hpbGRyZW4lMjIlM0ElNUIlN0IlMjJ0ZXh0JTIyJTNBJTIyRGFyJUMzJUJDYmVyJTIwaGluYXVzJTIwc3ByZWNoZW4lMjB3aXIlMjAlQzMlQkNiZXIlMjB2aWVsZSUyMHdlaXRlcmUlMjBBc3Bla3RlJTIwZGVzJTIwUHJvZmlmdXNzYmFsbHMlM0ElMjBkZW4lMjBLb25rdXJyZW56a2FtcGYlMjBpbm5lcmhhbGIlMjBkZXIlMjBNYW5uc2NoYWZ0JTJDJTIwZGVuJTIwVW1nYW5nJTIwbWl0JTIwRmVobGVybiUyQyUyMGRpZSUyMFJvbGxlJTIwZGVyJTIwRmFucyUyMHNvd2llJTIwZGllJTIwRW50d2lja2x1bmclMjBkZXMlMjBtb2Rlcm5lbiUyMEZ1c3NiYWxscy4lMjBFaW5lJTIwRm9sZ2UlMjBtaXQlMjB0aWVmZ2VoZW5kZW4lMjBFaW5ibGlja2VuJTJDJTIwcGVycyVDMyVCNm5saWNoZW4lMjBHZXNjaGljaHRlbiUyMHVuZCUyMHNwYW5uZW5kZW4lMjBBbnR3b3J0ZW4lMjAlRTIlODAlOTMlMjBmJUMzJUJDciUyMEZ1c3NiYWxsZmFucyUyQyUyME5hY2h3dWNoc3NwaWVsZXIlMjB1bmQlMjBhbGxlJTJDJTIwZGllJTIwbWVociUyMCVDMyVCQ2JlciUyMGRhcyUyMExlYmVuJTIwaGludGVyJTIwZGVuJTIwS3VsaXNzZW4lMjBlcmZhaHJlbiUyMG0lQzMlQjZjaHRlbi4lMjAlMjIlN0QlNUQlN0QlNUQ=\"><span data-slate-node=\"text\"><span class=\"sc-dfyheH cjSZKs\" data-slate-leaf=\"true\">Dar\u00fcber hinaus sprechen wir \u00fcber viele weitere Aspekte des Profifussballs: den Konkurrenzkampf innerhalb der Mannschaft, den Umgang mit Fehlern, die Rolle der Fans sowie die Entwicklung des modernen Fussballs. Eine Folge mit tiefgehenden Einblicken, pers\u00f6nlichen Geschichten und spannenden Antworten \u2013 f\u00fcr Fussballfans, Nachwuchsspieler und alle, die mehr \u00fcber das Leben hinter den Kulissen erfahren m\u00f6chten. <\/span><\/span><\/p>\n<p><img loading=\"lazy\" decoding=\"async\" class=\"alignnone size-medium wp-image-25892\" src=\"https:\/\/radiosummernight.ch\/upload\/Screenshot-2025-10-12-162539-300x300.png\" alt=\"\" width=\"300\" height=\"300\" title=\"\" srcset=\"https:\/\/radiosummernight.ch\/upload\/Screenshot-2025-10-12-162539-300x300.png 300w, https:\/\/radiosummernight.ch\/upload\/Screenshot-2025-10-12-162539-150x150.png 150w, https:\/\/radiosummernight.ch\/upload\/Screenshot-2025-10-12-162539-500x500.png 500w, https:\/\/radiosummernight.ch\/upload\/Screenshot-2025-10-12-162539-12x12.png 12w, https:\/\/radiosummernight.ch\/upload\/Screenshot-2025-10-12-162539.png 633w\" sizes=\"auto, (max-width: 300px) 100vw, 300px\" \/><\/p>","protected":false},"excerpt":{"rendered":"<p>In dieser Folge hatten wir die besondere Gelegenheit, ein exklusives Interview mit dem Torwart des FC Aarau zu f\u00fchren. Gemeinsam werfen wir einen spannenden Blick hinter die Kulissen des Profifussballs und sprechen dar\u00fcber, wie eine Spielvorbereitung in der zweith\u00f6chsten Schweizer Liga konkret aussieht. Vom Training unter der Woche \u00fcber die taktische Vorbereitung bis hin zu&hellip; <br \/> <a class=\"read-more\" href=\"https:\/\/radiosummernight.ch\/fr\/902-interview-mit-marvin-huebel\/\">Read more<\/a><\/p>","protected":false},"author":119,"featured_media":25892,"comment_status":"closed","ping_status":"closed","sticky":false,"template":"","format":"standard","meta":{"episode_type":"audio","audio_file":"https:\/\/radiosummernight.ch\/upload\/2026\/01\/IVMarvinhuebel.mp3","podmotor_file_id":"","podmotor_episode_id":"","cover_image":"https:\/\/radiosummernight.ch\/upload\/Screenshot-2025-10-12-162539.png","cover_image_id":"25892","duration":"00:31:53","filesize":"30M","filesize_raw":"31460310","date_recorded":"2026-01-21","explicit":"","block":"","itunes_episode_number":"","itunes_title":"","itunes_season_number":"","itunes_episode_type":"","footnotes":""},"categories":[489,210,2006],"tags":[1975,144,499,227,95,2024,2025],"series":[1905,1573],"class_list":["post-27117","post","type-post","status-publish","format-standard","has-post-thumbnail","hentry","category-fussball","category-sport","category-top-beitrag","tag-1975","tag-aarau","tag-fc-aarau","tag-fussball","tag-interview","tag-marvin-huebel","tag-torwart","series-902-der-schweizer-fussballpodcast","series-radio-summernight"],"episode_featured_image":"https:\/\/radiosummernight.ch\/upload\/Screenshot-2025-10-12-162539.png","episode_player_image":"https:\/\/radiosummernight.ch\/upload\/Screenshot-2025-10-12-162539.png","download_link":"https:\/\/radiosummernight.ch\/podcast-download\/27117\/902-interview-mit-marvin-huebel.mp3","player_link":"https:\/\/radiosummernight.ch\/podcast-player\/27117\/902-interview-mit-marvin-huebel.mp3","audio_player":"<audio class=\"wp-audio-shortcode\" id=\"audio-27117-1\" preload=\"none\" style=\"width: 100%;\" controls=\"controls\"><source type=\"audio\/mpeg\" src=\"https:\/\/radiosummernight.ch\/podcast-player\/27117\/902-interview-mit-marvin-huebel.mp3?_=1\" \/><a href=\"https:\/\/radiosummernight.ch\/podcast-player\/27117\/902-interview-mit-marvin-huebel.mp3\">https:\/\/radiosummernight.ch\/podcast-player\/27117\/902-interview-mit-marvin-huebel.mp3<\/a><\/audio>","episode_data":{"playerMode":"light","subscribeUrls":{"apple_podcasts":{"key":"apple_podcasts","url":"","label":"Apple Podcasts","class":"apple_podcasts","icon":"apple-podcasts.png"},"deezer":{"key":"deezer","url":"","label":"Deezer","class":"deezer","icon":"deezer.png"},"google_podcasts":{"key":"google_podcasts","url":"","label":"Google Podcasts","class":"google_podcasts","icon":"google-podcasts.png"},"podcast_de":{"key":"podcast_de","url":"","label":"Podcast.de","class":"podcast_de","icon":"podcast-de.png"},"spotify":{"key":"spotify","url":"","label":"Spotify","class":"spotify","icon":"spotify.png"},"itunes":{"key":"itunes","url":"","label":"iTunes","class":"itunes","icon":"itunes.png"},"mytuner_radio":{"key":"mytuner_radio","url":"","label":"myTuner Radio","class":"mytuner_radio","icon":"mytuner-radio.png"}},"rssFeedUrl":"https:\/\/radiosummernight.ch\/fr\/feed\/podcast\/902-der-schweizer-fussballpodcast","embedCode":"<blockquote class=\"wp-embedded-content\" data-secret=\"EWPfGmHFwm\"><a href=\"https:\/\/radiosummernight.ch\/fr\/902-interview-mit-marvin-huebel\/\">90+2 Interview mit Marvin H\u00fcbel<\/a><\/blockquote><iframe sandbox=\"allow-scripts\" security=\"restricted\" src=\"https:\/\/radiosummernight.ch\/fr\/902-interview-mit-marvin-huebel\/embed\/#?secret=EWPfGmHFwm\" width=\"500\" height=\"350\" title=\"\u00ab\u00a090+2 Interview mit Marvin H\u00fcbel\u00a0\u00bb &#8212; Radio Summernight\" data-secret=\"EWPfGmHFwm\" frameborder=\"0\" marginwidth=\"0\" marginheight=\"0\" scrolling=\"no\" class=\"wp-embedded-content\"><\/iframe><script type=\"text\/javascript\">\n\/* <![CDATA[ *\/\n\/*! This file is auto-generated *\/\n!function(d,l){\"use strict\";l.querySelector&&d.addEventListener&&\"undefined\"!=typeof URL&&(d.wp=d.wp||{},d.wp.receiveEmbedMessage||(d.wp.receiveEmbedMessage=function(e){var t=e.data;if((t||t.secret||t.message||t.value)&&!\/[^a-zA-Z0-9]\/.test(t.secret)){for(var s,r,n,a=l.querySelectorAll('iframe[data-secret=\"'+t.secret+'\"]'),o=l.querySelectorAll('blockquote[data-secret=\"'+t.secret+'\"]'),c=new RegExp(\"^https?:$\",\"i\"),i=0;i<o.length;i++)o[i].style.display=\"none\";for(i=0;i<a.length;i++)s=a[i],e.source===s.contentWindow&&(s.removeAttribute(\"style\"),\"height\"===t.message?(1e3<(r=parseInt(t.value,10))?r=1e3:~~r<200&&(r=200),s.height=r):\"link\"===t.message&&(r=new URL(s.getAttribute(\"src\")),n=new URL(t.value),c.test(n.protocol))&&n.host===r.host&&l.activeElement===s&&(d.top.location.href=t.value))}},d.addEventListener(\"message\",d.wp.receiveEmbedMessage,!1),l.addEventListener(\"DOMContentLoaded\",function(){for(var e,t,s=l.querySelectorAll(\"iframe.wp-embedded-content\"),r=0;r<s.length;r++)(t=(e=s[r]).getAttribute(\"data-secret\"))||(t=Math.random().toString(36).substring(2,12),e.src+=\"#?secret=\"+t,e.setAttribute(\"data-secret\",t)),e.contentWindow.postMessage({message:\"ready\",secret:t},\"*\")},!1)))}(window,document);\n\/\/# sourceURL=https:\/\/radiosummernight.ch\/includes\/js\/wp-embed.min.js\n\/* ]]> *\/\n<\/script>\n"},"_links":{"self":[{"href":"https:\/\/radiosummernight.ch\/fr\/wp-json\/wp\/v2\/posts\/27117","targetHints":{"allow":["GET"]}}],"collection":[{"href":"https:\/\/radiosummernight.ch\/fr\/wp-json\/wp\/v2\/posts"}],"about":[{"href":"https:\/\/radiosummernight.ch\/fr\/wp-json\/wp\/v2\/types\/post"}],"author":[{"embeddable":true,"href":"https:\/\/radiosummernight.ch\/fr\/wp-json\/wp\/v2\/users\/119"}],"replies":[{"embeddable":true,"href":"https:\/\/radiosummernight.ch\/fr\/wp-json\/wp\/v2\/comments?post=27117"}],"version-history":[{"count":1,"href":"https:\/\/radiosummernight.ch\/fr\/wp-json\/wp\/v2\/posts\/27117\/revisions"}],"predecessor-version":[{"id":27119,"href":"https:\/\/radiosummernight.ch\/fr\/wp-json\/wp\/v2\/posts\/27117\/revisions\/27119"}],"wp:featuredmedia":[{"embeddable":true,"href":"https:\/\/radiosummernight.ch\/fr\/wp-json\/wp\/v2\/media\/25892"}],"wp:attachment":[{"href":"https:\/\/radiosummernight.ch\/fr\/wp-json\/wp\/v2\/media?parent=27117"}],"wp:term":[{"taxonomy":"category","embeddable":true,"href":"https:\/\/radiosummernight.ch\/fr\/wp-json\/wp\/v2\/categories?post=27117"},{"taxonomy":"post_tag","embeddable":true,"href":"https:\/\/radiosummernight.ch\/fr\/wp-json\/wp\/v2\/tags?post=27117"},{"taxonomy":"series","embeddable":true,"href":"https:\/\/radiosummernight.ch\/fr\/wp-json\/wp\/v2\/series?post=27117"}],"curies":[{"name":"wp","href":"https:\/\/api.w.org\/{rel}","templated":true}]}}