{"id":27383,"date":"2026-03-16T06:00:51","date_gmt":"2026-03-16T05:00:51","guid":{"rendered":"https:\/\/radiosummernight.ch\/?p=27383"},"modified":"2026-03-03T08:45:15","modified_gmt":"2026-03-03T07:45:15","slug":"rueti-von-a-bis-z-eine-entdeckungsreise-durch-die-quartiere-teil-3","status":"publish","type":"post","link":"https:\/\/radiosummernight.ch\/fr\/rueti-von-a-bis-z-eine-entdeckungsreise-durch-die-quartiere-teil-3\/","title":{"rendered":"R\u00fcti von A bis Z &#8211; eine Entdeckungsreise durch die Quartiere Teil 3"},"content":{"rendered":"<p data-start=\"176\" data-end=\"566\">In dieser Folge erkunden wir noch die restlichen Quartiere R\u00fctis. Wir starten im <strong data-start=\"271\" data-end=\"290\">Ferrachquartier<\/strong>, dem historischen Dorfkern, in dem die Bauern seit 1238 ihre Eigenst\u00e4ndigkeit bewahren konnten. \u00dcber <strong data-start=\"573\" data-end=\"582\">Weier<\/strong> mit seinem historischen Schiessplatz, dem Tibeterhaus und alten Kleinbauernh\u00f6fen geht es in das <strong data-start=\"679\" data-end=\"696\">T\u00e4usiquartier<\/strong>, das gr\u00f6sstenteils landwirtschaftlich genutzt wird, weiter ins <strong data-start=\"763\" data-end=\"784\">Bergacherquartier<\/strong> mit moderner Wohn\u00fcberbauung. Das <strong data-start=\"818\" data-end=\"842\">Drei-Eichen-Quartier<\/strong> zeigt die fr\u00fchere Vision einer familienfreundlichen Eigenheimsiedlung mit Dorfplatz.<\/p>\n<p data-start=\"943\" data-end=\"1241\">Von Zelg\/Moos \u00fcber die Werkstrasse gelangen wir ins <strong data-start=\"1015\" data-end=\"1035\">Widacherquartier<\/strong>, wo die erste Honegger-Fabrik stand. Heute ist es der Standort von Feuerwehr, Gemeindewerk und Gemeindehaus.<\/p>\n<p data-start=\"943\" data-end=\"1241\">Damit endet unser Spaziergang, R\u00fcti in all seinen Quartieren, lebendig und einzigartig.<\/p>","protected":false},"excerpt":{"rendered":"<p>In dieser Folge erkunden wir noch die restlichen Quartiere R\u00fctis. Wir starten im Ferrachquartier, dem historischen Dorfkern, in dem die Bauern seit 1238 ihre Eigenst\u00e4ndigkeit bewahren konnten. \u00dcber Weier mit seinem historischen Schiessplatz, dem Tibeterhaus und alten Kleinbauernh\u00f6fen geht es in das T\u00e4usiquartier, das gr\u00f6sstenteils landwirtschaftlich genutzt wird, weiter ins Bergacherquartier mit moderner Wohn\u00fcberbauung. Das&hellip; <br \/> <a class=\"read-more\" href=\"https:\/\/radiosummernight.ch\/fr\/rueti-von-a-bis-z-eine-entdeckungsreise-durch-die-quartiere-teil-3\/\">Read more<\/a><\/p>","protected":false},"author":122,"featured_media":26997,"comment_status":"closed","ping_status":"closed","sticky":false,"template":"","format":"standard","meta":{"episode_type":"audio","audio_file":"https:\/\/radiosummernight.ch\/upload\/2026\/02\/Chronik-Podcast-Folge-8.mp3","podmotor_file_id":"","podmotor_episode_id":"","cover_image":"","cover_image_id":"","duration":"00:21:41","filesize":"10.98M","filesize_raw":"11509104","date_recorded":"2026-02-13","explicit":"","block":"","itunes_episode_number":"","itunes_title":"","itunes_season_number":"","itunes_episode_type":"","footnotes":""},"categories":[588],"tags":[621,2031,458],"series":[1573,1742],"class_list":["post-27383","post","type-post","status-publish","format-standard","has-post-thumbnail","hentry","category-redaktionell","tag-podcast","tag-rueti-chronik","tag-rueti-zh","series-radio-summernight","series-ruetner-chronik-podcast"],"episode_featured_image":"https:\/\/radiosummernight.ch\/upload\/2025\/10\/Rueti_-_Dorfstrasse_IMG_3221.jpg","episode_player_image":"https:\/\/radiosummernight.ch\/upload\/2021\/03\/Logo-RSN-Schwarz-300x300-Green.png","download_link":"https:\/\/radiosummernight.ch\/podcast-download\/27383\/rueti-von-a-bis-z-eine-entdeckungsreise-durch-die-quartiere-teil-3.mp3","player_link":"https:\/\/radiosummernight.ch\/podcast-player\/27383\/rueti-von-a-bis-z-eine-entdeckungsreise-durch-die-quartiere-teil-3.mp3","audio_player":"<audio class=\"wp-audio-shortcode\" id=\"audio-27383-1\" preload=\"none\" style=\"width: 100%;\" controls=\"controls\"><source type=\"audio\/mpeg\" src=\"https:\/\/radiosummernight.ch\/podcast-player\/27383\/rueti-von-a-bis-z-eine-entdeckungsreise-durch-die-quartiere-teil-3.mp3?_=1\" \/><a href=\"https:\/\/radiosummernight.ch\/podcast-player\/27383\/rueti-von-a-bis-z-eine-entdeckungsreise-durch-die-quartiere-teil-3.mp3\">https:\/\/radiosummernight.ch\/podcast-player\/27383\/rueti-von-a-bis-z-eine-entdeckungsreise-durch-die-quartiere-teil-3.mp3<\/a><\/audio>","episode_data":{"playerMode":"light","subscribeUrls":{"apple_podcasts":{"key":"apple_podcasts","url":"https:\/\/podcasts.apple.com\/us\/podcast\/radio-summernight\/id1647787397?%20uo=4&itsct=podtail_podcasts&itscg=30200&ls=1&at=1001l39ag&ct=deutschepodcasts.de","label":"Apple Podcasts","class":"apple_podcasts","icon":"apple-podcasts.png"},"deezer":{"key":"deezer","url":"https:\/\/deezer.page.link\/NKiaDgyHm5ekBXsE7","label":"Deezer","class":"deezer","icon":"deezer.png"},"google_podcasts":{"key":"google_podcasts","url":"https:\/\/podcasts.google.com\/feed\/aHR0cHM6Ly9yYWRpb3N1bW1lcm5pZ2h0LmNoL2ZlZWQvcG9kY2FzdA?%20sa=X&ved=0CAMQ4aUDahcKEwj4gc2i0oP8AhUAAAAAHQAAAAAQAQ&hl=de-CH","label":"Google Podcasts","class":"google_podcasts","icon":"google-podcasts.png"},"podcast_de":{"key":"podcast_de","url":"https:\/\/www.podcast.de\/podcast\/3070299\/radio-summernight","label":"Podcast.de","class":"podcast_de","icon":"podcast-de.png"},"spotify":{"key":"spotify","url":"https:\/\/open.spotify.com\/show\/4DnvrNRnOIGTWoVH4yoIpC","label":"Spotify","class":"spotify","icon":"spotify.png"},"itunes":{"key":"itunes","url":"","label":"iTunes","class":"itunes","icon":"itunes.png"},"mytuner_radio":{"key":"mytuner_radio","url":"","label":"myTuner Radio","class":"mytuner_radio","icon":"mytuner-radio.png"}},"rssFeedUrl":"https:\/\/radiosummernight.ch\/fr\/feed\/podcast\/radio-summernight","embedCode":"<blockquote class=\"wp-embedded-content\" data-secret=\"EGecLgc7xY\"><a href=\"https:\/\/radiosummernight.ch\/fr\/rueti-von-a-bis-z-eine-entdeckungsreise-durch-die-quartiere-teil-3\/\">R\u00fcti von A bis Z &#8211; eine Entdeckungsreise durch die Quartiere Teil 3<\/a><\/blockquote><iframe sandbox=\"allow-scripts\" security=\"restricted\" src=\"https:\/\/radiosummernight.ch\/fr\/rueti-von-a-bis-z-eine-entdeckungsreise-durch-die-quartiere-teil-3\/embed\/#?secret=EGecLgc7xY\" width=\"500\" height=\"350\" title=\"\u00ab\u00a0R\u00fcti von A bis Z &#8211; eine Entdeckungsreise durch die Quartiere Teil 3\u00a0\u00bb &#8212; Radio Summernight\" data-secret=\"EGecLgc7xY\" frameborder=\"0\" marginwidth=\"0\" marginheight=\"0\" scrolling=\"no\" class=\"wp-embedded-content\"><\/iframe><script type=\"text\/javascript\">\n\/* <![CDATA[ *\/\n\/*! This file is auto-generated *\/\n!function(d,l){\"use strict\";l.querySelector&&d.addEventListener&&\"undefined\"!=typeof URL&&(d.wp=d.wp||{},d.wp.receiveEmbedMessage||(d.wp.receiveEmbedMessage=function(e){var t=e.data;if((t||t.secret||t.message||t.value)&&!\/[^a-zA-Z0-9]\/.test(t.secret)){for(var s,r,n,a=l.querySelectorAll('iframe[data-secret=\"'+t.secret+'\"]'),o=l.querySelectorAll('blockquote[data-secret=\"'+t.secret+'\"]'),c=new RegExp(\"^https?:$\",\"i\"),i=0;i<o.length;i++)o[i].style.display=\"none\";for(i=0;i<a.length;i++)s=a[i],e.source===s.contentWindow&&(s.removeAttribute(\"style\"),\"height\"===t.message?(1e3<(r=parseInt(t.value,10))?r=1e3:~~r<200&&(r=200),s.height=r):\"link\"===t.message&&(r=new URL(s.getAttribute(\"src\")),n=new URL(t.value),c.test(n.protocol))&&n.host===r.host&&l.activeElement===s&&(d.top.location.href=t.value))}},d.addEventListener(\"message\",d.wp.receiveEmbedMessage,!1),l.addEventListener(\"DOMContentLoaded\",function(){for(var e,t,s=l.querySelectorAll(\"iframe.wp-embedded-content\"),r=0;r<s.length;r++)(t=(e=s[r]).getAttribute(\"data-secret\"))||(t=Math.random().toString(36).substring(2,12),e.src+=\"#?secret=\"+t,e.setAttribute(\"data-secret\",t)),e.contentWindow.postMessage({message:\"ready\",secret:t},\"*\")},!1)))}(window,document);\n\/\/# sourceURL=https:\/\/radiosummernight.ch\/includes\/js\/wp-embed.min.js\n\/* ]]> *\/\n<\/script>\n"},"_links":{"self":[{"href":"https:\/\/radiosummernight.ch\/fr\/wp-json\/wp\/v2\/posts\/27383","targetHints":{"allow":["GET"]}}],"collection":[{"href":"https:\/\/radiosummernight.ch\/fr\/wp-json\/wp\/v2\/posts"}],"about":[{"href":"https:\/\/radiosummernight.ch\/fr\/wp-json\/wp\/v2\/types\/post"}],"author":[{"embeddable":true,"href":"https:\/\/radiosummernight.ch\/fr\/wp-json\/wp\/v2\/users\/122"}],"replies":[{"embeddable":true,"href":"https:\/\/radiosummernight.ch\/fr\/wp-json\/wp\/v2\/comments?post=27383"}],"version-history":[{"count":3,"href":"https:\/\/radiosummernight.ch\/fr\/wp-json\/wp\/v2\/posts\/27383\/revisions"}],"predecessor-version":[{"id":27388,"href":"https:\/\/radiosummernight.ch\/fr\/wp-json\/wp\/v2\/posts\/27383\/revisions\/27388"}],"wp:featuredmedia":[{"embeddable":true,"href":"https:\/\/radiosummernight.ch\/fr\/wp-json\/wp\/v2\/media\/26997"}],"wp:attachment":[{"href":"https:\/\/radiosummernight.ch\/fr\/wp-json\/wp\/v2\/media?parent=27383"}],"wp:term":[{"taxonomy":"category","embeddable":true,"href":"https:\/\/radiosummernight.ch\/fr\/wp-json\/wp\/v2\/categories?post=27383"},{"taxonomy":"post_tag","embeddable":true,"href":"https:\/\/radiosummernight.ch\/fr\/wp-json\/wp\/v2\/tags?post=27383"},{"taxonomy":"series","embeddable":true,"href":"https:\/\/radiosummernight.ch\/fr\/wp-json\/wp\/v2\/series?post=27383"}],"curies":[{"name":"wp","href":"https:\/\/api.w.org\/{rel}","templated":true}]}}