{"id":3126,"date":"2019-09-16T10:38:23","date_gmt":"2019-09-16T10:38:23","guid":{"rendered":"https:\/\/radiosummernight.ch\/?p=3126"},"modified":"2025-10-26T15:41:24","modified_gmt":"2025-10-26T14:41:24","slug":"die-fantastischen-vier-im-kinoformat","status":"publish","type":"post","link":"https:\/\/radiosummernight.ch\/fr\/die-fantastischen-vier-im-kinoformat\/","title":{"rendered":"Die Fantastischen Vier im Kinoformat"},"content":{"rendered":"<p class=\"lead\">Thomas Schwendemanns Bandportr\u00e4t entpuppt sich als unaufgeregter Imagefilm \u00fcber ein schw\u00e4bisches Erfolgsprojekt.<\/p>\n<p>Stuttgart (<strong><a class=\"vor\" href=\"mailto:redaktion@laut.de\">rnk<\/a><\/strong>) &#8211;\u00a0<a class=\"wort\" href=\"https:\/\/www.laut.de\/Die-Fantastischen-Vier\" target=\"_blank\" rel=\"noopener\">Die Fantastischen Vier<\/a>\u00a0waren in den fr\u00fchen 90ern mit dem immer noch schrecklichen &#8220;Die Da&#8221; die Antichristen der Deutschrap-Szene, haben mit &#8220;<a class=\"stark\" href=\"https:\/\/www.laut.de\/Die-Fantastischen-Vier\/Alben\/Lauschgift-88024\" target=\"_blank\" rel=\"noopener\">Lauschgift<\/a>&#8221; ihren k\u00fcnstlerischen Zenit erreicht und liefern mittlerweile harmloses Family-Entertaiment f\u00fcr die gro\u00dfen Stadien.Das wissen sie selbst und gehen damit erstaunlich locker um.<\/p>\n<div id=\"aslot--de-desktop-04\" class=\"aslot aslot--intext\" data-google-query-id=\"COaZ692S1eQCFYsm4AodBZUANw\">\n<div id=\"google_ads_iframe_\/33532245\/de-desktop-04_0__container__\"><\/div>\n<\/div>\n<p><iframe loading=\"lazy\" src=\"https:\/\/www.youtube-nocookie.com\/embed\/Hte5QuSLvyg\" width=\"479\" height=\"315\" frameborder=\"0\" allowfullscreen=\"allowfullscreen\" data-mce-fragment=\"1\"><\/iframe><\/p>\n<p>Der Kinofilm &#8220;Wer Vier Sind&#8221; von Thomas Schwendemann besch\u00f6nigt weder die wachsenden B\u00e4uche noch die gelben Raucherz\u00e4hne der Protagonisten. Die Stuttgarter schreiten zusammen der 50 entgegen. Der Alterungsprozess macht eben auch vor einer stets jugendlich wirkenden Kultur wie\u00a0<a class=\"werk\" href=\"https:\/\/www.laut.de\/Genres\/Hip-Hop-52\" target=\"_blank\" rel=\"noopener\">Hip Hop<\/a>\u00a0nicht Halt.<\/p>\n<p>Smudo bek\u00e4mpft ihn mit Jungkskram wie Autorennen, schnellen Fliegern und einer wirklich beeindrucken &#8220;<i>Man Cave<\/i>&#8220;, wie\u00a0<a class=\"wort\" href=\"https:\/\/www.laut.de\/Samy-Deluxe\" target=\"_blank\" rel=\"noopener\">Samy Deluxe<\/a>\u00a0das gut augestattete Gaming-Zimmer seines Freundes nennt. Das Hamburger Deutschrap-Urgestein sitzt dabei im einem Studioraum, als &#8220;<i>neuer Output von drau\u00dfen<\/i>&#8220;, den sich die Fantas zu ihrem letzten Album &#8220;<a class=\"stark\" href=\"https:\/\/www.laut.de\/Die-Fantastischen-Vier\/Alben\/Captain-Fantastic-108121\" target=\"_blank\" rel=\"noopener\">Captain Fantastic<\/a>&#8221; ins Boot holten. Es m\u00f6gen ein paar Jahre zwischen ihm und den \u00e4lteren Herren liegen, doch im Gegensatz zu dem juvenilen Vieren wirkt Samy im Film erstaunlich m\u00fcde. Wie\u00a0<a class=\"wort\" href=\"https:\/\/www.laut.de\/Curse\" target=\"_blank\" rel=\"noopener\">Curse<\/a>, ebenfalls zur Auffrischung geholt, kommt er einem wie ein selbstgef\u00e4lliges Relikt aus einer vergangenen \u00c4ra vor.<\/p>\n<p><b>Sympathisch uncool<\/b><\/p>\n<p><a class=\"wort\" href=\"https:\/\/www.laut.de\/Clueso\" target=\"_blank\" rel=\"noopener\">Clueso<\/a>, auch nicht gerade ein taufrischer Newcomer, erscheint dagegen wie der Fanboy, der mit gro\u00dfen Augen vor seinen Idolen steht. Einem Anruf bei ihm sieht Michi Beck trotzdem mit gro\u00dfer Skepsis entgegen, er bef\u00fcrchtet gar aufgrund der mangelenden Coolness der Fantastischen Vier eine Absage. Umso gr\u00f6\u00dfer ist der Jubel als sie ihn sofort f\u00fcr ein Feature gewinnen k\u00f6nnen. Das ist schlichtweg sympathisch und wirkt zu keinem Zeitpunkt gestellt.<\/p>\n<p><b>Ein Level dr\u00fcber?<\/b><\/p>\n<p>Die Vier wissen eben genau, wie wenig kredibel sie f\u00fcr die Community sind. Von der haben sie sich laut ihrem Manager Andreas &#8220;B\u00e4r&#8221; L\u00e4sker aber eh schon l\u00e4ngst emanzipiert und stehen gar &#8220;<i>ein Level dr\u00fcber<\/i>&#8220;: mit Blick auf die wenig mutigen letzten Alben und ihrem gef\u00e4lligen Konsens-Pop eine doch sehr zweifelhafte Aussage, aber mit dem derzeitigen Kindergarten und seinen 30-Minuten-Disses, Ansagen und fragw\u00fcrdigen Gesch\u00e4ftsmodellen haben die Fantastischen Vier in der Tat nichts mehr zu tun.<\/p>\n<p><b>Ein einseitiges Bild<\/b><\/p>\n<p>F\u00fcr Antagonisten zu den fantastischen Freunden bietet &#8220;Wer Vier Sind&#8221; allerdings auch gar keinen Platz. Es w\u00e4re spannend gewesen, wie fr\u00fchere Erzfeinde wie\u00a0<a class=\"wort\" href=\"https:\/\/www.laut.de\/Moses-Pelham\" target=\"_blank\" rel=\"noopener\">Moses Pelham<\/a>\u00a0oder j\u00fcngere Kollegen die Stuttgarter heute sehen. So kommen nur Weggef\u00e4hrten, die Fantas selbst und gute Freunde zu Wort und bestimmen das Bild, wer die Vier nun angeblich sind.<\/p>\n<p>Der Fokus liegt demenstrepchend nicht auf dem Umfeld, sondern auf der Banddynamik der doch sehr unterschiedlichen Charaktere, die im Gegensatz zu den\u00a0<a class=\"wort\" href=\"https:\/\/www.laut.de\/Die-Toten-Hosen\" target=\"_blank\" rel=\"noopener\">Toten Hosen<\/a>\u00a0keinen polarisierenden Frontmann wie Campino haben. Der Spott nach &#8220;Die Da&#8221;, die Ablehnung in den Anfangstagen und die \u00c4ra des Gangsta-Raps haben die M\u00e4nner in der Krisenzeit noch enger zusammengeschwei\u00dft.<\/p>\n<p><b>Erfrischend unsentimental<\/b><\/p>\n<p>Das Thema Freundschaft handelt der Film trotzdem erfrischend unsentimental ab: Jeder der Vier hat mittlerweile seine eigene Familie und ist nach stundenlangen Meetings und langen Touren nicht mehr an gemeinsamen Ausfl\u00fcgen ins Nachtleben interessiert. Dass sich abseits des Band-Kosmos&#8217; wirklich alle treffen, kommt nur bei runden Geburtstagen vor.<\/p>\n<p>Das klingt nach braven Spie\u00dferleben, aber ist ein authentischer Einblick in die Lebensrealit\u00e4t von Familienv\u00e4tern. Auch Pop-Million\u00e4re m\u00fcssen Kinder zur Schule bringen und Alltags-Probleme l\u00f6sen. Wie eigentlich ein normales Leben ausgesehen h\u00e4tte, fragen sich die Fantastischen Vier gleich selbst und bef\u00fcrchten, dass sie wegen der doch zu gro\u00dfen Unterschiede eigene Wege gegangen w\u00e4ren. Thomas D. meint, er sei wohl auch in einem m\u00f6glichen anderen Leben am Flie\u00dfband ein \u00fcberzeugter Vegetarier geworden, weil er eben Menschen und die Natur m\u00f6ge. Sprichts und heizt sichtlich begeistert mit dem Quadbike \u00fcber die verschneite Landschaft.<\/p>\n<p><b>Gro\u00dfe Kinder aus Benztown<\/b><\/p>\n<p>&#8220;Wer Vier Sind&#8221; ist ein unaufgeregter Imagefilm \u00fcber ein schw\u00e4bisches Erfolgsprojekt, voller gern gesehener Talkg\u00e4ste ohne Skandal-Potenzial, perfekt als Werbung und TV-Unterhaltung f\u00fcr die ganze Familie. Thomas Schwendemann, der fr\u00fcher Imagefilme f\u00fcr &#8211; ausgerechnet! &#8211; BMW produzierte, l\u00e4sst die gro\u00dfen Kinder aus Benztown in Ruhe ihren Kram machen und packt alles in flauschig heimelige Bilder.<\/p>\n<p>Fans der Band k\u00f6nnen nun in den Kino-Center ihrer Wahl gehen, Hits wie &#8220;Zusammen&#8221; in Dolby Surround genie\u00dfen und sich an den Idolen in Leinwandgr\u00f6\u00dfe erfreuen. Der Rest schaut sich\u00a0<a class=\"wort\" href=\"https:\/\/www.laut.de\/Kollegah\" target=\"_blank\" rel=\"noopener\">Kollegah<\/a>\u00a0und seine wirren Insta-Storys an. Dass der Alpha mit 50 allerdings auch so in sich ruhend und gl\u00fccklich wirkt wie Michi, Smudo, Andi und Thomas, ist derzeit sehr schwer vorstellbar.<\/p>\n<p>&#8220;Wer Vier Sind&#8221; l\u00e4uft ab dem 15. September in den Kinos.<\/p>","protected":false},"excerpt":{"rendered":"<p>Thomas Schwendemanns Bandportr\u00e4t entpuppt sich als unaufgeregter Imagefilm \u00fcber ein schw\u00e4bisches Erfolgsprojekt. Stuttgart (rnk) &#8211;\u00a0Die Fantastischen Vier\u00a0waren in den fr\u00fchen 90ern mit dem immer noch schrecklichen &#8220;Die Da&#8221; die Antichristen der Deutschrap-Szene, haben mit &#8220;Lauschgift&#8221; ihren k\u00fcnstlerischen Zenit erreicht und liefern mittlerweile harmloses Family-Entertaiment f\u00fcr die gro\u00dfen Stadien.Das wissen sie selbst und gehen damit erstaunlich&hellip; <br \/> <a class=\"read-more\" href=\"https:\/\/radiosummernight.ch\/fr\/die-fantastischen-vier-im-kinoformat\/\">Read more<\/a><\/p>","protected":false},"author":1,"featured_media":3127,"comment_status":"closed","ping_status":"closed","sticky":false,"template":"","format":"standard","meta":{"episode_type":"","audio_file":"","podmotor_file_id":"","podmotor_episode_id":"","cover_image":"","cover_image_id":"","duration":"","filesize":"","filesize_raw":"","date_recorded":"","explicit":"","block":"","itunes_episode_number":"","itunes_title":"","itunes_season_number":"","itunes_episode_type":"","footnotes":""},"categories":[719],"tags":[33],"series":[],"class_list":["post-3126","post","type-post","status-publish","format-standard","has-post-thumbnail","hentry","category-news-kurse","tag-content-partnerschaft-mit-laut-de"],"episode_featured_image":"https:\/\/radiosummernight.ch\/upload\/2019\/09\/die-fantastischen-vier-158152.jpg","episode_player_image":"https:\/\/radiosummernight.ch\/upload\/2021\/03\/Logo-RSN-Schwarz-300x300-Green.png","download_link":"","player_link":"","audio_player":false,"episode_data":{"playerMode":"light","subscribeUrls":{"apple_podcasts":{"key":"apple_podcasts","url":"https:\/\/podcasts.apple.com\/us\/podcast\/radio-summernight\/id1647787397?uo=4&itsct=podtail_podcasts&itscg=30200&ls=1&at=1001l39ag&ct=deutschepodcasts.de","label":"Apple Podcasts","class":"apple_podcasts","icon":"apple-podcasts.png"},"deezer":{"key":"deezer","url":"https:\/\/deezer.page.link\/NKiaDgyHm5ekBXsE7","label":"Deezer","class":"deezer","icon":"deezer.png"},"google_podcasts":{"key":"google_podcasts","url":"https:\/\/podcasts.google.com\/feed\/aHR0cHM6Ly9yYWRpb3N1bW1lcm5pZ2h0LmNoL2ZlZWQvcG9kY2FzdA?sa=X&ved=0CAMQ4aUDahcKEwj4gc2i0oP8AhUAAAAAHQAAAAAQAQ&hl=de-CH","label":"Google Podcasts","class":"google_podcasts","icon":"google-podcasts.png"},"podcast_de":{"key":"podcast_de","url":"https:\/\/www.podcast.de\/podcast\/3070299\/radio-summernight","label":"Podcast.de","class":"podcast_de","icon":"podcast-de.png"},"spotify":{"key":"spotify","url":"https:\/\/open.spotify.com\/show\/4DnvrNRnOIGTWoVH4yoIpC","label":"Spotify","class":"spotify","icon":"spotify.png"},"itunes":{"key":"itunes","url":"","label":"iTunes","class":"itunes","icon":"itunes.png"},"mytuner_radio":{"key":"mytuner_radio","url":"","label":"myTuner Radio","class":"mytuner_radio","icon":"mytuner-radio.png"}},"rssFeedUrl":"https:\/\/radiosummernight.ch\/fr\/feed\/podcast\/radio-summernight","embedCode":"<blockquote class=\"wp-embedded-content\" data-secret=\"YrbSTTqU3p\"><a href=\"https:\/\/radiosummernight.ch\/fr\/die-fantastischen-vier-im-kinoformat\/\">Die Fantastischen Vier im Kinoformat<\/a><\/blockquote><iframe sandbox=\"allow-scripts\" security=\"restricted\" src=\"https:\/\/radiosummernight.ch\/fr\/die-fantastischen-vier-im-kinoformat\/embed\/#?secret=YrbSTTqU3p\" width=\"500\" height=\"350\" title=\"\u00ab\u00a0Die Fantastischen Vier im Kinoformat\u00a0\u00bb &#8212; Radio Summernight\" data-secret=\"YrbSTTqU3p\" frameborder=\"0\" marginwidth=\"0\" marginheight=\"0\" scrolling=\"no\" class=\"wp-embedded-content\"><\/iframe><script type=\"text\/javascript\">\n\/* <![CDATA[ *\/\n\/*! This file is auto-generated *\/\n!function(d,l){\"use strict\";l.querySelector&&d.addEventListener&&\"undefined\"!=typeof URL&&(d.wp=d.wp||{},d.wp.receiveEmbedMessage||(d.wp.receiveEmbedMessage=function(e){var t=e.data;if((t||t.secret||t.message||t.value)&&!\/[^a-zA-Z0-9]\/.test(t.secret)){for(var s,r,n,a=l.querySelectorAll('iframe[data-secret=\"'+t.secret+'\"]'),o=l.querySelectorAll('blockquote[data-secret=\"'+t.secret+'\"]'),c=new RegExp(\"^https?:$\",\"i\"),i=0;i<o.length;i++)o[i].style.display=\"none\";for(i=0;i<a.length;i++)s=a[i],e.source===s.contentWindow&&(s.removeAttribute(\"style\"),\"height\"===t.message?(1e3<(r=parseInt(t.value,10))?r=1e3:~~r<200&&(r=200),s.height=r):\"link\"===t.message&&(r=new URL(s.getAttribute(\"src\")),n=new URL(t.value),c.test(n.protocol))&&n.host===r.host&&l.activeElement===s&&(d.top.location.href=t.value))}},d.addEventListener(\"message\",d.wp.receiveEmbedMessage,!1),l.addEventListener(\"DOMContentLoaded\",function(){for(var e,t,s=l.querySelectorAll(\"iframe.wp-embedded-content\"),r=0;r<s.length;r++)(t=(e=s[r]).getAttribute(\"data-secret\"))||(t=Math.random().toString(36).substring(2,12),e.src+=\"#?secret=\"+t,e.setAttribute(\"data-secret\",t)),e.contentWindow.postMessage({message:\"ready\",secret:t},\"*\")},!1)))}(window,document);\n\/\/# sourceURL=https:\/\/radiosummernight.ch\/includes\/js\/wp-embed.min.js\n\/* ]]> *\/\n<\/script>\n"},"_links":{"self":[{"href":"https:\/\/radiosummernight.ch\/fr\/wp-json\/wp\/v2\/posts\/3126","targetHints":{"allow":["GET"]}}],"collection":[{"href":"https:\/\/radiosummernight.ch\/fr\/wp-json\/wp\/v2\/posts"}],"about":[{"href":"https:\/\/radiosummernight.ch\/fr\/wp-json\/wp\/v2\/types\/post"}],"author":[{"embeddable":true,"href":"https:\/\/radiosummernight.ch\/fr\/wp-json\/wp\/v2\/users\/1"}],"replies":[{"embeddable":true,"href":"https:\/\/radiosummernight.ch\/fr\/wp-json\/wp\/v2\/comments?post=3126"}],"version-history":[{"count":0,"href":"https:\/\/radiosummernight.ch\/fr\/wp-json\/wp\/v2\/posts\/3126\/revisions"}],"wp:featuredmedia":[{"embeddable":true,"href":"https:\/\/radiosummernight.ch\/fr\/wp-json\/wp\/v2\/media\/3127"}],"wp:attachment":[{"href":"https:\/\/radiosummernight.ch\/fr\/wp-json\/wp\/v2\/media?parent=3126"}],"wp:term":[{"taxonomy":"category","embeddable":true,"href":"https:\/\/radiosummernight.ch\/fr\/wp-json\/wp\/v2\/categories?post=3126"},{"taxonomy":"post_tag","embeddable":true,"href":"https:\/\/radiosummernight.ch\/fr\/wp-json\/wp\/v2\/tags?post=3126"},{"taxonomy":"series","embeddable":true,"href":"https:\/\/radiosummernight.ch\/fr\/wp-json\/wp\/v2\/series?post=3126"}],"curies":[{"name":"wp","href":"https:\/\/api.w.org\/{rel}","templated":true}]}}