{"id":5756,"date":"2020-11-10T08:27:30","date_gmt":"2020-11-10T07:27:30","guid":{"rendered":"https:\/\/radiosummernight.ch\/?p=5756"},"modified":"2020-11-10T08:27:30","modified_gmt":"2020-11-10T07:27:30","slug":"foo-fighters-soundteaser-zum-neuen-album","status":"publish","type":"post","link":"https:\/\/radiosummernight.ch\/fr\/foo-fighters-soundteaser-zum-neuen-album\/","title":{"rendered":"FOO FIGHTERS: Soundteaser zum neuen Album"},"content":{"rendered":"<p class=\"lead\">Das zehnte Studioalbum soll demn\u00e4chst releast werden. Schon am Samstag k\u00f6nnte die Premiere des ersten Songs anstehen.<\/p>\n<p>Die <a class=\"wort\" href=\"https:\/\/www.laut.de\/Foo-Fighters\" target=\"_blank\" rel=\"noopener\">Foo Fighters<\/a> melden sich musikalisch zur\u00fcck. Zumindest lie\u00df die Band heute via Twitter unter dem Hashtag #lpx zwei kurze Rhythmusloops auf die Fangemeinde los. W\u00e4hrend der erste Post einen programmierten Percussionbeat enth\u00e4lt, werden beim zweiten Taylor Hawkins&#8217; Livedrums (oder doch Bandchef <a class=\"wort\" href=\"https:\/\/www.laut.de\/Dave-Grohl\" target=\"_blank\" rel=\"noopener\">Dave Grohl<\/a>h\u00f6chstpers\u00f6nlich?) erg\u00e4nzt.<\/p>\n<div class=\"twitter-tweet twitter-tweet-rendered\"><iframe id=\"twitter-widget-0\" class=\"\" title=\"Twitter Tweet\" src=\"https:\/\/platform.twitter.com\/embed\/index.html?dnt=false&amp;embedId=twitter-widget-0&amp;frame=false&amp;hideCard=false&amp;hideThread=false&amp;id=1324124450837590017&amp;lang=de&amp;origin=https%3A%2F%2Fwww.laut.de%2FNews%2FFoo-Fighters-Soundteaser-zum-neuen-Album-05-11-2020-17488&amp;theme=light&amp;widgetsVersion=ed20a2b%3A1601588405575&amp;width=550px\" frameborder=\"0\" scrolling=\"no\" allowfullscreen=\"allowfullscreen\" data-tweet-id=\"1324124450837590017\" data-mce-fragment=\"1\"><\/iframe><\/div>\n<div class=\"twitter-tweet twitter-tweet-rendered\"><iframe id=\"twitter-widget-1\" class=\"\" title=\"Twitter Tweet\" src=\"https:\/\/platform.twitter.com\/embed\/index.html?dnt=false&amp;embedId=twitter-widget-1&amp;frame=false&amp;hideCard=false&amp;hideThread=false&amp;id=1324215144189095937&amp;lang=de&amp;origin=https%3A%2F%2Fwww.laut.de%2FNews%2FFoo-Fighters-Soundteaser-zum-neuen-Album-05-11-2020-17488&amp;theme=light&amp;widgetsVersion=ed20a2b%3A1601588405575&amp;width=550px\" frameborder=\"0\" scrolling=\"no\" allowfullscreen=\"allowfullscreen\" data-tweet-id=\"1324215144189095937\" data-mce-fragment=\"1\"><\/iframe><\/div>\n<div id=\"aslot--de-mobile-02\" class=\"aslot aslot--mobile\" data-google-query-id=\"CIjvmbe59-wCFZ2FgwcdqQIJIA\">\n<div id=\"google_ads_iframe_\/33532245\/de-mobile-02_0__container__\"><span style=\"background-color: transparent;\">Schon vor einem Jahr hatten die Foo Fighters angek\u00fcndigt, <\/span><a class=\"vor\" href=\"https:\/\/www.laut.de\/News\/Foo-Fighters-Dave-Grohl-verkuendet-neues-Studioalbum-02-10-2019-16376\" target=\"_blank\" rel=\"noopener\">ins Studio zur\u00fcckzukehren<\/a><span style=\"background-color: transparent;\">. Anfang 2020 hatte Grohl dann in einem Radiointerview berichtet, dass das zehnte Studioalbum zwar im Kasten sei &#8211; er sprach von &#8220;<\/span><i>unser <a class=\"wort\" href=\"https:\/\/www.laut.de\/David-Bowie\" target=\"_blank\" rel=\"noopener\">David Bowie<\/a>-&#8220;Let&#8217;s Dance&#8221;-Album<\/i><span style=\"background-color: transparent;\">&#8221; -, der Release aufgrund der Corona-Pandemie aber auf Eis liege. Auch die Europatour zum 25. Jubil\u00e4um ihres ersten Studioalbums hatten sie abgesagt.<\/span><\/div>\n<\/div>\n<p>Medien- und Fanberichten zufolge waren in den vergangenen Tagen in den Stra\u00dfen von Los Angeles sowie im Internet zahlreiche Hints auf das neue Studioalbum aufgetaucht, etwa Foo Fighters-Logos in Kombination mit &#8216;X&#8217; (lateinisch f\u00fcr die Zahl zehn). Nun wird damit gerechnet, dass die Foos \u00fcbermorgen bei &#8220;Saturday Night Live&#8221; mindestens einen neuen Song pr\u00e4sentieren.<\/p>","protected":false},"excerpt":{"rendered":"<p>Das zehnte Studioalbum soll demn\u00e4chst releast werden. Schon am Samstag k\u00f6nnte die Premiere des ersten Songs anstehen. Die Foo Fighters melden sich musikalisch zur\u00fcck. Zumindest lie\u00df die Band heute via Twitter unter dem Hashtag #lpx zwei kurze Rhythmusloops auf die Fangemeinde los. W\u00e4hrend der erste Post einen programmierten Percussionbeat enth\u00e4lt, werden beim zweiten Taylor Hawkins&#8217;&hellip; <br \/> <a class=\"read-more\" href=\"https:\/\/radiosummernight.ch\/fr\/foo-fighters-soundteaser-zum-neuen-album\/\">Read more<\/a><\/p>","protected":false},"author":1,"featured_media":5757,"comment_status":"closed","ping_status":"closed","sticky":false,"template":"","format":"standard","meta":{"episode_type":"","audio_file":"","podmotor_file_id":"","podmotor_episode_id":"","cover_image":"","cover_image_id":"","duration":"","filesize":"","filesize_raw":"","date_recorded":"","explicit":"","block":"","itunes_episode_number":"","itunes_title":"","itunes_season_number":"","itunes_episode_type":"","footnotes":""},"categories":[186],"tags":[],"series":[],"class_list":["post-5756","post","type-post","status-publish","format-standard","has-post-thumbnail","hentry","category-news"],"episode_featured_image":"https:\/\/radiosummernight.ch\/upload\/2020\/11\/D3FA2BF4-ACF8-4C02-825A-3F1A5D2CDD38.jpeg","episode_player_image":"https:\/\/radiosummernight.ch\/upload\/2021\/03\/Logo-RSN-Schwarz-300x300-Green.png","download_link":"","player_link":"","audio_player":false,"episode_data":{"playerMode":"light","subscribeUrls":{"apple_podcasts":{"key":"apple_podcasts","url":"https:\/\/podcasts.apple.com\/us\/podcast\/radio-summernight\/id1647787397?uo=4&itsct=podtail_podcasts&itscg=30200&ls=1&at=1001l39ag&ct=deutschepodcasts.de","label":"Apple Podcasts","class":"apple_podcasts","icon":"apple-podcasts.png"},"deezer":{"key":"deezer","url":"https:\/\/deezer.page.link\/NKiaDgyHm5ekBXsE7","label":"Deezer","class":"deezer","icon":"deezer.png"},"google_podcasts":{"key":"google_podcasts","url":"https:\/\/podcasts.google.com\/feed\/aHR0cHM6Ly9yYWRpb3N1bW1lcm5pZ2h0LmNoL2ZlZWQvcG9kY2FzdA?sa=X&ved=0CAMQ4aUDahcKEwj4gc2i0oP8AhUAAAAAHQAAAAAQAQ&hl=de-CH","label":"Google Podcasts","class":"google_podcasts","icon":"google-podcasts.png"},"podcast_de":{"key":"podcast_de","url":"https:\/\/www.podcast.de\/podcast\/3070299\/radio-summernight","label":"Podcast.de","class":"podcast_de","icon":"podcast-de.png"},"spotify":{"key":"spotify","url":"https:\/\/open.spotify.com\/show\/4DnvrNRnOIGTWoVH4yoIpC","label":"Spotify","class":"spotify","icon":"spotify.png"},"itunes":{"key":"itunes","url":"","label":"iTunes","class":"itunes","icon":"itunes.png"},"mytuner_radio":{"key":"mytuner_radio","url":"","label":"myTuner Radio","class":"mytuner_radio","icon":"mytuner-radio.png"}},"rssFeedUrl":"https:\/\/radiosummernight.ch\/fr\/feed\/podcast\/radio-summernight","embedCode":"<blockquote class=\"wp-embedded-content\" data-secret=\"Sv7Erw3u9N\"><a href=\"https:\/\/radiosummernight.ch\/fr\/foo-fighters-soundteaser-zum-neuen-album\/\">FOO FIGHTERS: Soundteaser zum neuen Album<\/a><\/blockquote><iframe sandbox=\"allow-scripts\" security=\"restricted\" src=\"https:\/\/radiosummernight.ch\/fr\/foo-fighters-soundteaser-zum-neuen-album\/embed\/#?secret=Sv7Erw3u9N\" width=\"500\" height=\"350\" title=\"\u00ab\u00a0FOO FIGHTERS: Soundteaser zum neuen Album\u00a0\u00bb &#8212; Radio Summernight\" data-secret=\"Sv7Erw3u9N\" frameborder=\"0\" marginwidth=\"0\" marginheight=\"0\" scrolling=\"no\" class=\"wp-embedded-content\"><\/iframe><script type=\"text\/javascript\">\n\/* <![CDATA[ *\/\n\/*! This file is auto-generated *\/\n!function(d,l){\"use strict\";l.querySelector&&d.addEventListener&&\"undefined\"!=typeof URL&&(d.wp=d.wp||{},d.wp.receiveEmbedMessage||(d.wp.receiveEmbedMessage=function(e){var t=e.data;if((t||t.secret||t.message||t.value)&&!\/[^a-zA-Z0-9]\/.test(t.secret)){for(var s,r,n,a=l.querySelectorAll('iframe[data-secret=\"'+t.secret+'\"]'),o=l.querySelectorAll('blockquote[data-secret=\"'+t.secret+'\"]'),c=new RegExp(\"^https?:$\",\"i\"),i=0;i<o.length;i++)o[i].style.display=\"none\";for(i=0;i<a.length;i++)s=a[i],e.source===s.contentWindow&&(s.removeAttribute(\"style\"),\"height\"===t.message?(1e3<(r=parseInt(t.value,10))?r=1e3:~~r<200&&(r=200),s.height=r):\"link\"===t.message&&(r=new URL(s.getAttribute(\"src\")),n=new URL(t.value),c.test(n.protocol))&&n.host===r.host&&l.activeElement===s&&(d.top.location.href=t.value))}},d.addEventListener(\"message\",d.wp.receiveEmbedMessage,!1),l.addEventListener(\"DOMContentLoaded\",function(){for(var e,t,s=l.querySelectorAll(\"iframe.wp-embedded-content\"),r=0;r<s.length;r++)(t=(e=s[r]).getAttribute(\"data-secret\"))||(t=Math.random().toString(36).substring(2,12),e.src+=\"#?secret=\"+t,e.setAttribute(\"data-secret\",t)),e.contentWindow.postMessage({message:\"ready\",secret:t},\"*\")},!1)))}(window,document);\n\/\/# sourceURL=https:\/\/radiosummernight.ch\/includes\/js\/wp-embed.min.js\n\/* ]]> *\/\n<\/script>\n"},"_links":{"self":[{"href":"https:\/\/radiosummernight.ch\/fr\/wp-json\/wp\/v2\/posts\/5756","targetHints":{"allow":["GET"]}}],"collection":[{"href":"https:\/\/radiosummernight.ch\/fr\/wp-json\/wp\/v2\/posts"}],"about":[{"href":"https:\/\/radiosummernight.ch\/fr\/wp-json\/wp\/v2\/types\/post"}],"author":[{"embeddable":true,"href":"https:\/\/radiosummernight.ch\/fr\/wp-json\/wp\/v2\/users\/1"}],"replies":[{"embeddable":true,"href":"https:\/\/radiosummernight.ch\/fr\/wp-json\/wp\/v2\/comments?post=5756"}],"version-history":[{"count":0,"href":"https:\/\/radiosummernight.ch\/fr\/wp-json\/wp\/v2\/posts\/5756\/revisions"}],"wp:featuredmedia":[{"embeddable":true,"href":"https:\/\/radiosummernight.ch\/fr\/wp-json\/wp\/v2\/media\/5757"}],"wp:attachment":[{"href":"https:\/\/radiosummernight.ch\/fr\/wp-json\/wp\/v2\/media?parent=5756"}],"wp:term":[{"taxonomy":"category","embeddable":true,"href":"https:\/\/radiosummernight.ch\/fr\/wp-json\/wp\/v2\/categories?post=5756"},{"taxonomy":"post_tag","embeddable":true,"href":"https:\/\/radiosummernight.ch\/fr\/wp-json\/wp\/v2\/tags?post=5756"},{"taxonomy":"series","embeddable":true,"href":"https:\/\/radiosummernight.ch\/fr\/wp-json\/wp\/v2\/series?post=5756"}],"curies":[{"name":"wp","href":"https:\/\/api.w.org\/{rel}","templated":true}]}}