{"id":6267,"date":"2021-01-12T13:53:07","date_gmt":"2021-01-12T12:53:07","guid":{"rendered":"https:\/\/radiosummernight.ch\/?p=6267"},"modified":"2021-01-12T13:53:54","modified_gmt":"2021-01-12T12:53:54","slug":"ubs-schliesst-filialen-und-stoesst-auf-unverstaendniss","status":"publish","type":"post","link":"https:\/\/radiosummernight.ch\/fr\/ubs-schliesst-filialen-und-stoesst-auf-unverstaendniss\/","title":{"rendered":"UBS schliesst Filialen und st\u00f6sst auf unverst\u00e4ndniss"},"content":{"rendered":"<p><em>(glb)<\/em> <span class=\"b i\">Der Schweizerische Bankpersonalverband (SBPV) kritisiert in einer Mitteilung die Entscheidung der UBS, einen F\u00fcnftel der Filialen im ersten Quartal 2021 zu schliessen. Angesichts der aktuellen zweiten Welle der Corona-Pandemie und eines m\u00f6glichen zweiten Lockdowns ist es ung\u00fcnstig f\u00fcr die Mitarbeiter der betroffenen Banken. Diese f\u00fchrt zu einer grossen Unsicherheit, allen voran f\u00fcr die Mitarbeitenden, aber auch f\u00fcr den Finanzplatz und hat Konsequenzen f\u00fcr die Gesamtwirtschaft.<\/span><\/p>\n<p>Die UBS meinte auf Anfrage, dass prim\u00e4r kleinere Gesch\u00e4ftsstellen geschlossen werden. Es sei wie bei einem Dorfl\u00e4deli: Wenn zu wenig Leute im Laden einkaufen kann man diesen Laden auch nicht aufrechterhalten. Die UBS schliesst nicht das erste mal eine gr\u00f6ssere anzahl Filialen, bereits im Jahr 2020 hat die UBS 28 Filialen dichtgemacht.<\/p>\n<p>Wie viel die Grossbank w\u00e4hrend und wegen der Pandemie gewonnen hat, aufgrund der Abwicklung von Darlehen, Sofortkrediten und an der Staatsgarantie f\u00fcr unz\u00e4hlige KMU wird sich erst zeigen. In Form eines zus\u00e4tzlichen Gewinns in den Ergebnissen des vierten Quartals 2020 der UBS. Klar ist, der Entscheid \u00fcber die Filialschliessungen zeug von mangelnder Solidarit\u00e4t und gesellschaftlicher Verantwortung.<\/p>\n<p>&nbsp;<\/p>\n<blockquote>\n<h3><strong>Schaltertransaktionen gehen zur\u00fcck<\/strong><\/h3>\n<\/blockquote>\n<p>Die Filialschliessungen der UBS wir von der Grossbank damit begr\u00fcndet, dass es immer weniger Schaltertransaktionen gibt. Die UBS meinte auf Anfrage, dass diese im letzten Jahr um rund 10 Prozent zur\u00fcckgegangen seien. Die Pandemie sei aber keine Entschuldigung, sie habe diese Transformation einfach beschleunigt.<\/p>\n<p>&nbsp;<\/p>\n<p><strong>Der Verband vordert Sistierung des Entscheids der UBS bis mindestens zum Ende der Corona-Pandemie<\/strong><\/p>\n<p>Der Verband der Bankpersonals (SBPV) fordert die UBS auf, ihren Entscheid der Filialschliessungen bis mindestens zum Ende der Corona-Pandemie zu sistieren und sich solidarisch mit ihren Angestellten und auch der Gesellschaft zu zeigen.<\/p>\n<p>&nbsp;<\/p>\n<p>&nbsp;<\/p>","protected":false},"excerpt":{"rendered":"<p>(glb) Der Schweizerische Bankpersonalverband (SBPV) kritisiert in einer Mitteilung die Entscheidung der UBS, einen F\u00fcnftel der Filialen im ersten Quartal 2021 zu schliessen. Angesichts der aktuellen zweiten Welle der Corona-Pandemie und eines m\u00f6glichen zweiten Lockdowns ist es ung\u00fcnstig f\u00fcr die Mitarbeiter der betroffenen Banken. Diese f\u00fchrt zu einer grossen Unsicherheit, allen voran f\u00fcr die Mitarbeitenden,&hellip; <br \/> <a class=\"read-more\" href=\"https:\/\/radiosummernight.ch\/fr\/ubs-schliesst-filialen-und-stoesst-auf-unverstaendniss\/\">Read more<\/a><\/p>","protected":false},"author":1,"featured_media":6268,"comment_status":"closed","ping_status":"closed","sticky":false,"template":"","format":"standard","meta":{"episode_type":"","audio_file":"","podmotor_file_id":"","podmotor_episode_id":"","cover_image":"","cover_image_id":"","duration":"","filesize":"","filesize_raw":"","date_recorded":"","explicit":"","block":"","itunes_episode_number":"","itunes_title":"","itunes_season_number":"","itunes_episode_type":"","footnotes":""},"categories":[186],"tags":[],"series":[],"class_list":["post-6267","post","type-post","status-publish","format-standard","has-post-thumbnail","hentry","category-news"],"episode_featured_image":"https:\/\/radiosummernight.ch\/upload\/2021\/01\/UBS.jpg","episode_player_image":"https:\/\/radiosummernight.ch\/upload\/2021\/03\/Logo-RSN-Schwarz-300x300-Green.png","download_link":"","player_link":"","audio_player":false,"episode_data":{"playerMode":"light","subscribeUrls":{"apple_podcasts":{"key":"apple_podcasts","url":"https:\/\/podcasts.apple.com\/us\/podcast\/radio-summernight\/id1647787397?uo=4&itsct=podtail_podcasts&itscg=30200&ls=1&at=1001l39ag&ct=deutschepodcasts.de","label":"Apple Podcasts","class":"apple_podcasts","icon":"apple-podcasts.png"},"deezer":{"key":"deezer","url":"https:\/\/deezer.page.link\/NKiaDgyHm5ekBXsE7","label":"Deezer","class":"deezer","icon":"deezer.png"},"google_podcasts":{"key":"google_podcasts","url":"https:\/\/podcasts.google.com\/feed\/aHR0cHM6Ly9yYWRpb3N1bW1lcm5pZ2h0LmNoL2ZlZWQvcG9kY2FzdA?sa=X&ved=0CAMQ4aUDahcKEwj4gc2i0oP8AhUAAAAAHQAAAAAQAQ&hl=de-CH","label":"Google Podcasts","class":"google_podcasts","icon":"google-podcasts.png"},"podcast_de":{"key":"podcast_de","url":"https:\/\/www.podcast.de\/podcast\/3070299\/radio-summernight","label":"Podcast.de","class":"podcast_de","icon":"podcast-de.png"},"spotify":{"key":"spotify","url":"https:\/\/open.spotify.com\/show\/4DnvrNRnOIGTWoVH4yoIpC","label":"Spotify","class":"spotify","icon":"spotify.png"},"itunes":{"key":"itunes","url":"","label":"iTunes","class":"itunes","icon":"itunes.png"},"mytuner_radio":{"key":"mytuner_radio","url":"","label":"myTuner Radio","class":"mytuner_radio","icon":"mytuner-radio.png"}},"rssFeedUrl":"https:\/\/radiosummernight.ch\/fr\/feed\/podcast\/radio-summernight","embedCode":"<blockquote class=\"wp-embedded-content\" data-secret=\"LLzy9e59oS\"><a href=\"https:\/\/radiosummernight.ch\/fr\/ubs-schliesst-filialen-und-stoesst-auf-unverstaendniss\/\">UBS schliesst Filialen und st\u00f6sst auf unverst\u00e4ndniss<\/a><\/blockquote><iframe sandbox=\"allow-scripts\" security=\"restricted\" src=\"https:\/\/radiosummernight.ch\/fr\/ubs-schliesst-filialen-und-stoesst-auf-unverstaendniss\/embed\/#?secret=LLzy9e59oS\" width=\"500\" height=\"350\" title=\"\u00ab\u00a0UBS schliesst Filialen und st\u00f6sst auf unverst\u00e4ndniss\u00a0\u00bb &#8212; Radio Summernight\" data-secret=\"LLzy9e59oS\" frameborder=\"0\" marginwidth=\"0\" marginheight=\"0\" scrolling=\"no\" class=\"wp-embedded-content\"><\/iframe><script type=\"text\/javascript\">\n\/* <![CDATA[ *\/\n\/*! This file is auto-generated *\/\n!function(d,l){\"use strict\";l.querySelector&&d.addEventListener&&\"undefined\"!=typeof URL&&(d.wp=d.wp||{},d.wp.receiveEmbedMessage||(d.wp.receiveEmbedMessage=function(e){var t=e.data;if((t||t.secret||t.message||t.value)&&!\/[^a-zA-Z0-9]\/.test(t.secret)){for(var s,r,n,a=l.querySelectorAll('iframe[data-secret=\"'+t.secret+'\"]'),o=l.querySelectorAll('blockquote[data-secret=\"'+t.secret+'\"]'),c=new RegExp(\"^https?:$\",\"i\"),i=0;i<o.length;i++)o[i].style.display=\"none\";for(i=0;i<a.length;i++)s=a[i],e.source===s.contentWindow&&(s.removeAttribute(\"style\"),\"height\"===t.message?(1e3<(r=parseInt(t.value,10))?r=1e3:~~r<200&&(r=200),s.height=r):\"link\"===t.message&&(r=new URL(s.getAttribute(\"src\")),n=new URL(t.value),c.test(n.protocol))&&n.host===r.host&&l.activeElement===s&&(d.top.location.href=t.value))}},d.addEventListener(\"message\",d.wp.receiveEmbedMessage,!1),l.addEventListener(\"DOMContentLoaded\",function(){for(var e,t,s=l.querySelectorAll(\"iframe.wp-embedded-content\"),r=0;r<s.length;r++)(t=(e=s[r]).getAttribute(\"data-secret\"))||(t=Math.random().toString(36).substring(2,12),e.src+=\"#?secret=\"+t,e.setAttribute(\"data-secret\",t)),e.contentWindow.postMessage({message:\"ready\",secret:t},\"*\")},!1)))}(window,document);\n\/\/# sourceURL=https:\/\/radiosummernight.ch\/includes\/js\/wp-embed.min.js\n\/* ]]> *\/\n<\/script>\n"},"_links":{"self":[{"href":"https:\/\/radiosummernight.ch\/fr\/wp-json\/wp\/v2\/posts\/6267","targetHints":{"allow":["GET"]}}],"collection":[{"href":"https:\/\/radiosummernight.ch\/fr\/wp-json\/wp\/v2\/posts"}],"about":[{"href":"https:\/\/radiosummernight.ch\/fr\/wp-json\/wp\/v2\/types\/post"}],"author":[{"embeddable":true,"href":"https:\/\/radiosummernight.ch\/fr\/wp-json\/wp\/v2\/users\/1"}],"replies":[{"embeddable":true,"href":"https:\/\/radiosummernight.ch\/fr\/wp-json\/wp\/v2\/comments?post=6267"}],"version-history":[{"count":0,"href":"https:\/\/radiosummernight.ch\/fr\/wp-json\/wp\/v2\/posts\/6267\/revisions"}],"wp:featuredmedia":[{"embeddable":true,"href":"https:\/\/radiosummernight.ch\/fr\/wp-json\/wp\/v2\/media\/6268"}],"wp:attachment":[{"href":"https:\/\/radiosummernight.ch\/fr\/wp-json\/wp\/v2\/media?parent=6267"}],"wp:term":[{"taxonomy":"category","embeddable":true,"href":"https:\/\/radiosummernight.ch\/fr\/wp-json\/wp\/v2\/categories?post=6267"},{"taxonomy":"post_tag","embeddable":true,"href":"https:\/\/radiosummernight.ch\/fr\/wp-json\/wp\/v2\/tags?post=6267"},{"taxonomy":"series","embeddable":true,"href":"https:\/\/radiosummernight.ch\/fr\/wp-json\/wp\/v2\/series?post=6267"}],"curies":[{"name":"wp","href":"https:\/\/api.w.org\/{rel}","templated":true}]}}