{"id":6612,"date":"2021-02-18T20:02:35","date_gmt":"2021-02-18T19:02:35","guid":{"rendered":"https:\/\/radiosummernight.ch\/?p=6612"},"modified":"2025-10-26T15:40:35","modified_gmt":"2025-10-26T14:40:35","slug":"demi-lovato-hirnschaeden-nach-drogenmissbrauch","status":"publish","type":"post","link":"https:\/\/radiosummernight.ch\/fr\/demi-lovato-hirnschaeden-nach-drogenmissbrauch\/","title":{"rendered":"DEMI LOVATO: Hirnsch\u00e4den nach Drogenmissbrauch"},"content":{"rendered":"<p><strong>2018 kam die S\u00e4ngerin mit einer \u00dcberdosis in die Klinik und sprang dem Tod nur knapp von der Schippe.<\/strong><\/p>\n<p><em>(<a class=\"vor\" href=\"mailto:ebi@laut.de\">ebi<\/a>)<\/em>\u00a0<a class=\"wort\" title=\"Demi Lovato\" href=\"https:\/\/www.laut.de\/artist\/7984\" target=\"_blank\" rel=\"noopener\">Demi Lovato<\/a>\u00a0spricht erstmals \u00fcber die Folgen ihres Drogenmissbrauchs. Vor gut zwei Jahren war die Pops\u00e4ngerin\u00a0<a class=\"vor\" title=\"Demi Lovato: S\u00e4ngerin liegt im Krankenhaus\" href=\"https:\/\/www.laut.de\/news\/14954\" target=\"_blank\" rel=\"noopener\">wegen einer \u00dcberdosis in die Notaufnahme<\/a>\u00a0des Cedars-Sinai Medical Centers in L.A. eingeliefert werden. Dort erlitt sie in der Folge drei Schlaganf\u00e4lle und einen Herzinfarkt, wie sie nun berichtet.<\/p>\n<div id=\"aslot--de-desktop-04\" class=\"aslot aslot--intext\" data-google-query-id=\"CNDJzP_Q9u4CFRkC4Aodt30BGw\">\n<div id=\"google_ads_iframe_\/33532245\/de-desktop-04_0__container__\"><\/div>\n<\/div>\n<p>W\u00e4re Lovato damals nicht rechtzeitig in ihrem Haus gefunden worden, h\u00e4tte sie wohl nicht \u00fcberlebt: &#8220;<i>Meine \u00c4rzte sagten mir, ich h\u00e4tte vielleicht noch f\u00fcnf bis zehn Minuten gehabt<\/i>&#8220;. &#8220;<i>Ich erlitt einen Hirnschaden, dessen Folge ich noch heute sp\u00fcre<\/i>&#8220;, zitiert sie das Magazin People weiter. So fahre sie aufgrund von blinden Flecken in ihrem Sehfeld beispielsweise nicht mehr Auto. Wochenlang habe sie damals nicht lesen k\u00f6nnen.<\/p>\n<p>Anlass dieser \u00f6ffentlichen &#8216;Gest\u00e4ndnisse&#8217; ist der Trailer der Dokuserie &#8220;Dancing With The Devil&#8221;, in der Lovato ihre Drogenkarriere thematisiert. Der erste der vier Teile feiert am 23. M\u00e4rz auf YouTube Premiere.<\/p>\n<p><iframe loading=\"lazy\" src=\"https:\/\/www.youtube-nocookie.com\/embed\/jTiiD8L811w\" width=\"479\" height=\"315\" frameborder=\"0\" allowfullscreen=\"allowfullscreen\" data-mce-fragment=\"1\"><\/iframe><\/p>\n<p>&#8220;<i>Ich bin so stolz auf die Person, die ich heute bin<\/i>&#8220;, so Lovato weiter, aber alles Schmerzhafte habe wohl so passieren m\u00fcssen, damit sie ihre Lektionen lernen konnte. In der Doku kommen neben Familienmitgiedern und Freund*innen auch Promis wie\u00a0<a class=\"wort\" title=\"Elton John\" href=\"https:\/\/www.laut.de\/artist\/351\" target=\"_blank\" rel=\"noopener\">Elton John<\/a>\u00a0zu Wort.<\/p>\n<p>&nbsp;<\/p>\n<p>Mehr davon auf <a href=\"https:\/\/laut.de\" target=\"_blank\" rel=\"noopener\">laut.de<\/a><\/p>","protected":false},"excerpt":{"rendered":"<p>2018 kam die S\u00e4ngerin mit einer \u00dcberdosis in die Klinik und sprang dem Tod nur knapp von der Schippe. (ebi)\u00a0Demi Lovato\u00a0spricht erstmals \u00fcber die Folgen ihres Drogenmissbrauchs. Vor gut zwei Jahren war die Pops\u00e4ngerin\u00a0wegen einer \u00dcberdosis in die Notaufnahme\u00a0des Cedars-Sinai Medical Centers in L.A. eingeliefert werden. Dort erlitt sie in der Folge drei Schlaganf\u00e4lle und&hellip; <br \/> <a class=\"read-more\" href=\"https:\/\/radiosummernight.ch\/fr\/demi-lovato-hirnschaeden-nach-drogenmissbrauch\/\">Read more<\/a><\/p>","protected":false},"author":1,"featured_media":6613,"comment_status":"closed","ping_status":"closed","sticky":false,"template":"","format":"standard","meta":{"episode_type":"","audio_file":"","podmotor_file_id":"","podmotor_episode_id":"","cover_image":"","cover_image_id":"","duration":"","filesize":"","filesize_raw":"","date_recorded":"","explicit":"","block":"","itunes_episode_number":"","itunes_title":"","itunes_season_number":"","itunes_episode_type":"","footnotes":""},"categories":[719],"tags":[33],"series":[],"class_list":["post-6612","post","type-post","status-publish","format-standard","has-post-thumbnail","hentry","category-news-kurse","tag-content-partnerschaft-mit-laut-de"],"episode_featured_image":"https:\/\/radiosummernight.ch\/upload\/2021\/02\/demi-lovato-lanxess-arena-koeln-191902.jpg","episode_player_image":"https:\/\/radiosummernight.ch\/upload\/2021\/03\/Logo-RSN-Schwarz-300x300-Green.png","download_link":"","player_link":"","audio_player":false,"episode_data":{"playerMode":"light","subscribeUrls":{"apple_podcasts":{"key":"apple_podcasts","url":"https:\/\/podcasts.apple.com\/us\/podcast\/radio-summernight\/id1647787397?uo=4&itsct=podtail_podcasts&itscg=30200&ls=1&at=1001l39ag&ct=deutschepodcasts.de","label":"Apple Podcasts","class":"apple_podcasts","icon":"apple-podcasts.png"},"deezer":{"key":"deezer","url":"https:\/\/deezer.page.link\/NKiaDgyHm5ekBXsE7","label":"Deezer","class":"deezer","icon":"deezer.png"},"google_podcasts":{"key":"google_podcasts","url":"https:\/\/podcasts.google.com\/feed\/aHR0cHM6Ly9yYWRpb3N1bW1lcm5pZ2h0LmNoL2ZlZWQvcG9kY2FzdA?sa=X&ved=0CAMQ4aUDahcKEwj4gc2i0oP8AhUAAAAAHQAAAAAQAQ&hl=de-CH","label":"Google Podcasts","class":"google_podcasts","icon":"google-podcasts.png"},"podcast_de":{"key":"podcast_de","url":"https:\/\/www.podcast.de\/podcast\/3070299\/radio-summernight","label":"Podcast.de","class":"podcast_de","icon":"podcast-de.png"},"spotify":{"key":"spotify","url":"https:\/\/open.spotify.com\/show\/4DnvrNRnOIGTWoVH4yoIpC","label":"Spotify","class":"spotify","icon":"spotify.png"},"itunes":{"key":"itunes","url":"","label":"iTunes","class":"itunes","icon":"itunes.png"},"mytuner_radio":{"key":"mytuner_radio","url":"","label":"myTuner Radio","class":"mytuner_radio","icon":"mytuner-radio.png"}},"rssFeedUrl":"https:\/\/radiosummernight.ch\/fr\/feed\/podcast\/radio-summernight","embedCode":"<blockquote class=\"wp-embedded-content\" data-secret=\"CyktjAb0bb\"><a href=\"https:\/\/radiosummernight.ch\/fr\/demi-lovato-hirnschaeden-nach-drogenmissbrauch\/\">DEMI LOVATO: Hirnsch\u00e4den nach Drogenmissbrauch<\/a><\/blockquote><iframe sandbox=\"allow-scripts\" security=\"restricted\" src=\"https:\/\/radiosummernight.ch\/fr\/demi-lovato-hirnschaeden-nach-drogenmissbrauch\/embed\/#?secret=CyktjAb0bb\" width=\"500\" height=\"350\" title=\"\u00ab\u00a0DEMI LOVATO: Hirnsch\u00e4den nach Drogenmissbrauch\u00a0\u00bb &#8212; Radio Summernight\" data-secret=\"CyktjAb0bb\" frameborder=\"0\" marginwidth=\"0\" marginheight=\"0\" scrolling=\"no\" class=\"wp-embedded-content\"><\/iframe><script type=\"text\/javascript\">\n\/* <![CDATA[ *\/\n\/*! This file is auto-generated *\/\n!function(d,l){\"use strict\";l.querySelector&&d.addEventListener&&\"undefined\"!=typeof URL&&(d.wp=d.wp||{},d.wp.receiveEmbedMessage||(d.wp.receiveEmbedMessage=function(e){var t=e.data;if((t||t.secret||t.message||t.value)&&!\/[^a-zA-Z0-9]\/.test(t.secret)){for(var s,r,n,a=l.querySelectorAll('iframe[data-secret=\"'+t.secret+'\"]'),o=l.querySelectorAll('blockquote[data-secret=\"'+t.secret+'\"]'),c=new RegExp(\"^https?:$\",\"i\"),i=0;i<o.length;i++)o[i].style.display=\"none\";for(i=0;i<a.length;i++)s=a[i],e.source===s.contentWindow&&(s.removeAttribute(\"style\"),\"height\"===t.message?(1e3<(r=parseInt(t.value,10))?r=1e3:~~r<200&&(r=200),s.height=r):\"link\"===t.message&&(r=new URL(s.getAttribute(\"src\")),n=new URL(t.value),c.test(n.protocol))&&n.host===r.host&&l.activeElement===s&&(d.top.location.href=t.value))}},d.addEventListener(\"message\",d.wp.receiveEmbedMessage,!1),l.addEventListener(\"DOMContentLoaded\",function(){for(var e,t,s=l.querySelectorAll(\"iframe.wp-embedded-content\"),r=0;r<s.length;r++)(t=(e=s[r]).getAttribute(\"data-secret\"))||(t=Math.random().toString(36).substring(2,12),e.src+=\"#?secret=\"+t,e.setAttribute(\"data-secret\",t)),e.contentWindow.postMessage({message:\"ready\",secret:t},\"*\")},!1)))}(window,document);\n\/\/# sourceURL=https:\/\/radiosummernight.ch\/includes\/js\/wp-embed.min.js\n\/* ]]> *\/\n<\/script>\n"},"_links":{"self":[{"href":"https:\/\/radiosummernight.ch\/fr\/wp-json\/wp\/v2\/posts\/6612","targetHints":{"allow":["GET"]}}],"collection":[{"href":"https:\/\/radiosummernight.ch\/fr\/wp-json\/wp\/v2\/posts"}],"about":[{"href":"https:\/\/radiosummernight.ch\/fr\/wp-json\/wp\/v2\/types\/post"}],"author":[{"embeddable":true,"href":"https:\/\/radiosummernight.ch\/fr\/wp-json\/wp\/v2\/users\/1"}],"replies":[{"embeddable":true,"href":"https:\/\/radiosummernight.ch\/fr\/wp-json\/wp\/v2\/comments?post=6612"}],"version-history":[{"count":0,"href":"https:\/\/radiosummernight.ch\/fr\/wp-json\/wp\/v2\/posts\/6612\/revisions"}],"wp:featuredmedia":[{"embeddable":true,"href":"https:\/\/radiosummernight.ch\/fr\/wp-json\/wp\/v2\/media\/6613"}],"wp:attachment":[{"href":"https:\/\/radiosummernight.ch\/fr\/wp-json\/wp\/v2\/media?parent=6612"}],"wp:term":[{"taxonomy":"category","embeddable":true,"href":"https:\/\/radiosummernight.ch\/fr\/wp-json\/wp\/v2\/categories?post=6612"},{"taxonomy":"post_tag","embeddable":true,"href":"https:\/\/radiosummernight.ch\/fr\/wp-json\/wp\/v2\/tags?post=6612"},{"taxonomy":"series","embeddable":true,"href":"https:\/\/radiosummernight.ch\/fr\/wp-json\/wp\/v2\/series?post=6612"}],"curies":[{"name":"wp","href":"https:\/\/api.w.org\/{rel}","templated":true}]}}