{"id":7523,"date":"2021-08-26T21:44:39","date_gmt":"2021-08-26T19:44:39","guid":{"rendered":"https:\/\/radiosummernight.ch\/?p=7523"},"modified":"2021-08-26T21:45:47","modified_gmt":"2021-08-26T19:45:47","slug":"gastrosuisse-es-droht-die-spaltung-der-gesellschaft","status":"publish","type":"post","link":"https:\/\/radiosummernight.ch\/fr\/gastrosuisse-es-droht-die-spaltung-der-gesellschaft\/","title":{"rendered":"GastroSuisse schl\u00e4gt Alarm: &#8220;Es droht die Spaltung der Gesellschaft&#8221;"},"content":{"rendered":"<p><b>Einige Kantone wollen, dass das Covid-Zertifikat auch im Gastgewerbe zur Pflicht wird. Der Bundesrat preschte an seiner heutigen Medienkonferenz in dieselbe Richtung. GastroSuisse wehrt sich dagegen und sieht dieser Entwicklung mit grosser Sorge entgegen. Eine Zertifikatspflicht diskriminiert und spaltet die Gesellschaft. Kommt hinzu, dass dadurch die Gastronomie massive Umsatzeinbussen erleidet. Es sind Alternativen zu pr\u00fcfen, bevor Bund und Kantone verfassungswidrige Massnahmen ergreifen.<\/b><\/p>\n<p><i>(ots) <\/i>&#8220;Wir sind besorgt&#8221;, sagt Casimir Platzer, Pr\u00e4sident von GastroSuisse. Erst noch sprach der Bundesrat davon, dass unser Land in Richtung Normalisierung geht. Und nun zeigt er sich pl\u00f6tzlich von der Idee angetan, dass der Besuch eines Restaurants, einer Bar oder eines Caf\u00e9s nur noch mit Covid-Zertifikat m\u00f6glich sein soll. &#8220;Diese Massnahme ist diskriminierend und\u00a0<b>spaltet unsere Gesellschaft<\/b>&#8220;, so Platzer. Rund 40 bis 50 Prozent der Bev\u00f6lkerung werden dadurch von einem wichtigen Teil des gesellschaftlichen Lebens ausgegrenzt. &#8220;Der Bundesrat und einige Kantone scheinen nicht zu verstehen, dass der\u00a0<b>Besuch eines Restaurants f\u00fcr ganz viele Leute allt\u00e4glich<\/b>\u00a0ist&#8221;, bedauert er. Im Gastgewerbe kehren t\u00e4glich 2,5 Millionen Menschen ein. &#8220;Folglich k\u00f6nnten \u00fcber eine Million Menschen nicht mehr ins Restaurant, in ein Caf\u00e9 oder in eine Bar gehen&#8221;, betont Platzer und f\u00fcgt an: &#8220;Kaum jemand wird sich f\u00fcr den Genuss eines Kaffees oder eines Feierabendbieres in einem Restaurant testen lassen. Die verf\u00fcgbaren Testkapazit\u00e4ten w\u00fcrden auch gar nicht ausreichen.&#8221;<\/p>\n<p>Nicht nur f\u00fcr das gesellschaftliche Zusammenleben w\u00e4re das fatal, auch f\u00fcr die Gastronomie w\u00e4re das schlimm. &#8220;Viele Betriebe h\u00e4tten\u00a0<b>zus\u00e4tzliche massive Umsatzeinbussen<\/b>&#8220;, sagt Platzer. In Frankreich etwa sanken die Ums\u00e4tze seit der Zertifikatspflicht in vielen Betrieben bis zu 40 Prozent. &#8220;Das gleiche wird auch in der Schweiz passieren&#8221;, sagt Platzer. Wie der Bundesrat diesen wirtschaftlichen Konsequenzen entgegenwirken will, darauf hat der Bundesrat aber keine Antworten. Weshalb die Massnahmen erneut prim\u00e4r aufs Gastgewerbe abzielen, bleibt ebenso unverst\u00e4ndlich. &#8220;Statistiken zeigen, dass es\u00a0<b>in Restaurants<\/b>, wo sitzend konsumiert wird und die Abst\u00e4nde eingehalten werden,\u00a0<b>seit der Wiederer\u00f6ffnung kaum Ansteckungen gab<\/b>&#8220;, sagt Platzer. Die Ansteckungen fanden offensichtlich nicht in der Schweizer Gastronomie statt, sondern in anderen Bereichen und viele Ansteckungen wurden auch durch Ferienr\u00fcckkehrer importiert. Trotzdem soll nun wieder das Gastgewerbe den Kopf hinhalten. &#8220;Deshalb ist eine Zertifikatspflicht in der Gastronomie unverh\u00e4ltnism\u00e4ssig und wird in epidemiologischer Sicht auch keine Wirkung zeigen&#8221;, so Platzer und betont: &#8220;Zudem nehmen bei einer Zertifikatspflicht die Treffen und Zusammenk\u00fcnfte in den privaten R\u00e4umen wieder deutlich zu. Dort gibt es im Gegensatz zum Gastgewerbe aber keine Schutzkonzepte.&#8221;<\/p>\n<p>Noch ist nichts beschlossen. GastroSuisse hofft daher, dass der Bundesrat andere Massnahmen pr\u00fcft, bevor er die Ausweitung des Zertifikats einf\u00fchrt. &#8220;Nicht zuletzt ist die\u00a0<b>Ausweitung verfassungswidrig<\/b>&#8220;, betont Platzer. Das Legalit\u00e4tsprinzip in Artikel 5 der Bundesverfassung als fundamentales Prinzip unseres Rechtsstaates verlangt n\u00e4mlich, dass wichtige Ungleichbehandlungen auf Stufe Gesetz geregelt werden. &#8220;Eine Rechtsgrundlage auf Stufe Gesetz besteht f\u00fcr so einen gesellschaftlich relevanten Entscheid derzeit nicht&#8221;, erkl\u00e4rt Platzer. Zudem ist auch das Rechtsgleichheitsgebot gem\u00e4ss Art. 8 BV verletzt, insbesondere weil die Impfungen keine weitgehende sterile Immunit\u00e4t gew\u00e4hrleisten (Geimpfte k\u00f6nnen sich weiter anstecken und bleiben auch ansteckend). GastroSuisse wehrt sich denn auch dagegen. &#8220;Auch bleiben viele Fragen offen&#8221;, so Platzer. Hat der Bund etwa untersucht, was die Ausweitung des Zertifikats auf die Gastronomie in anderen L\u00e4ndern f\u00fcr einen Effekt hatte? Oder was erwartet der Bund bei einer Ausweitung des Zertifikats in Bezug auf die Fallzahlen und Hospitalisierungen?\u00a0<b>GastroSuisse fordert Antworten.<\/b><\/p>\n<p>&#8220;Nur weil die umliegenden L\u00e4nder diese unn\u00fctze und diskriminierende Zertifikatspflicht eingef\u00fchrt haben, heisst das noch lange nicht, dass wir die gleichen Fehler machen m\u00fcssen&#8221;, so Platzer und erg\u00e4nzt, dass in der Schweiz letzten Winter kein Skigebiet offen gewesen w\u00e4re, wenn man immer alle Massnahmen kopiert h\u00e4tten. &#8220;Wir waren das einzige Land in Mitteleuropa mit offenen Skigebieten und passiert ist nichts&#8221;, sagt Platzer und betont: &#8220;<b>Deshalb lehnen wir eine Zertifikatspflicht f\u00fcr Restaurants und Caf\u00e9s entschieden ab<\/b>.&#8221;<\/p>\n<p>GastroSuisse ist der Verband f\u00fcr Hotellerie und Restauration in der Schweiz. Die Organisation mit dem Gr\u00fcndungsjahr 1891 setzt sich f\u00fcr die Interessen der Branche ein. GastroSuisse ist der gr\u00f6sste gastgewerbliche Arbeitgeberverband mit gegen 20&#8217;000 Mitgliederbetrieben (davon rund 2500 Hotels), organisiert in 26 Kantonalverb\u00e4nden und vier Fachgruppen.<\/p>","protected":false},"excerpt":{"rendered":"<p>Einige Kantone wollen, dass das Covid-Zertifikat auch im Gastgewerbe zur Pflicht wird. Der Bundesrat preschte an seiner heutigen Medienkonferenz in dieselbe Richtung. GastroSuisse wehrt sich dagegen und sieht dieser Entwicklung mit grosser Sorge entgegen. Eine Zertifikatspflicht diskriminiert und spaltet die Gesellschaft. Kommt hinzu, dass dadurch die Gastronomie massive Umsatzeinbussen erleidet. Es sind Alternativen zu pr\u00fcfen,&hellip; <br \/> <a class=\"read-more\" href=\"https:\/\/radiosummernight.ch\/fr\/gastrosuisse-es-droht-die-spaltung-der-gesellschaft\/\">Read more<\/a><\/p>","protected":false},"author":1,"featured_media":7527,"comment_status":"closed","ping_status":"closed","sticky":false,"template":"","format":"standard","meta":{"episode_type":"","audio_file":"","podmotor_file_id":"","podmotor_episode_id":"","cover_image":"","cover_image_id":"","duration":"","filesize":"","filesize_raw":"","date_recorded":"","explicit":"","block":"","itunes_episode_number":"","itunes_title":"","itunes_season_number":"","itunes_episode_type":"","footnotes":""},"categories":[186],"tags":[],"series":[],"class_list":["post-7523","post","type-post","status-publish","format-standard","has-post-thumbnail","hentry","category-news"],"episode_featured_image":"https:\/\/radiosummernight.ch\/upload\/2021\/08\/Design-ohne-Titel-5.jpg","episode_player_image":"https:\/\/radiosummernight.ch\/upload\/2021\/03\/Logo-RSN-Schwarz-300x300-Green.png","download_link":"","player_link":"","audio_player":false,"episode_data":{"playerMode":"light","subscribeUrls":{"apple_podcasts":{"key":"apple_podcasts","url":"https:\/\/podcasts.apple.com\/us\/podcast\/radio-summernight\/id1647787397?uo=4&itsct=podtail_podcasts&itscg=30200&ls=1&at=1001l39ag&ct=deutschepodcasts.de","label":"Apple Podcasts","class":"apple_podcasts","icon":"apple-podcasts.png"},"deezer":{"key":"deezer","url":"https:\/\/deezer.page.link\/NKiaDgyHm5ekBXsE7","label":"Deezer","class":"deezer","icon":"deezer.png"},"google_podcasts":{"key":"google_podcasts","url":"https:\/\/podcasts.google.com\/feed\/aHR0cHM6Ly9yYWRpb3N1bW1lcm5pZ2h0LmNoL2ZlZWQvcG9kY2FzdA?sa=X&ved=0CAMQ4aUDahcKEwj4gc2i0oP8AhUAAAAAHQAAAAAQAQ&hl=de-CH","label":"Google Podcasts","class":"google_podcasts","icon":"google-podcasts.png"},"podcast_de":{"key":"podcast_de","url":"https:\/\/www.podcast.de\/podcast\/3070299\/radio-summernight","label":"Podcast.de","class":"podcast_de","icon":"podcast-de.png"},"spotify":{"key":"spotify","url":"https:\/\/open.spotify.com\/show\/4DnvrNRnOIGTWoVH4yoIpC","label":"Spotify","class":"spotify","icon":"spotify.png"},"itunes":{"key":"itunes","url":"","label":"iTunes","class":"itunes","icon":"itunes.png"},"mytuner_radio":{"key":"mytuner_radio","url":"","label":"myTuner Radio","class":"mytuner_radio","icon":"mytuner-radio.png"}},"rssFeedUrl":"https:\/\/radiosummernight.ch\/fr\/feed\/podcast\/radio-summernight","embedCode":"<blockquote class=\"wp-embedded-content\" data-secret=\"rell8v7XcA\"><a href=\"https:\/\/radiosummernight.ch\/fr\/gastrosuisse-es-droht-die-spaltung-der-gesellschaft\/\">GastroSuisse schl\u00e4gt Alarm: &#8220;Es droht die Spaltung der Gesellschaft&#8221;<\/a><\/blockquote><iframe sandbox=\"allow-scripts\" security=\"restricted\" src=\"https:\/\/radiosummernight.ch\/fr\/gastrosuisse-es-droht-die-spaltung-der-gesellschaft\/embed\/#?secret=rell8v7XcA\" width=\"500\" height=\"350\" title=\"\u00ab\u00a0GastroSuisse schl\u00e4gt Alarm: &#8220;Es droht die Spaltung der Gesellschaft&#8221;\u00a0\u00bb &#8212; Radio Summernight\" data-secret=\"rell8v7XcA\" frameborder=\"0\" marginwidth=\"0\" marginheight=\"0\" scrolling=\"no\" class=\"wp-embedded-content\"><\/iframe><script type=\"text\/javascript\">\n\/* <![CDATA[ *\/\n\/*! This file is auto-generated *\/\n!function(d,l){\"use strict\";l.querySelector&&d.addEventListener&&\"undefined\"!=typeof URL&&(d.wp=d.wp||{},d.wp.receiveEmbedMessage||(d.wp.receiveEmbedMessage=function(e){var t=e.data;if((t||t.secret||t.message||t.value)&&!\/[^a-zA-Z0-9]\/.test(t.secret)){for(var s,r,n,a=l.querySelectorAll('iframe[data-secret=\"'+t.secret+'\"]'),o=l.querySelectorAll('blockquote[data-secret=\"'+t.secret+'\"]'),c=new RegExp(\"^https?:$\",\"i\"),i=0;i<o.length;i++)o[i].style.display=\"none\";for(i=0;i<a.length;i++)s=a[i],e.source===s.contentWindow&&(s.removeAttribute(\"style\"),\"height\"===t.message?(1e3<(r=parseInt(t.value,10))?r=1e3:~~r<200&&(r=200),s.height=r):\"link\"===t.message&&(r=new URL(s.getAttribute(\"src\")),n=new URL(t.value),c.test(n.protocol))&&n.host===r.host&&l.activeElement===s&&(d.top.location.href=t.value))}},d.addEventListener(\"message\",d.wp.receiveEmbedMessage,!1),l.addEventListener(\"DOMContentLoaded\",function(){for(var e,t,s=l.querySelectorAll(\"iframe.wp-embedded-content\"),r=0;r<s.length;r++)(t=(e=s[r]).getAttribute(\"data-secret\"))||(t=Math.random().toString(36).substring(2,12),e.src+=\"#?secret=\"+t,e.setAttribute(\"data-secret\",t)),e.contentWindow.postMessage({message:\"ready\",secret:t},\"*\")},!1)))}(window,document);\n\/\/# sourceURL=https:\/\/radiosummernight.ch\/includes\/js\/wp-embed.min.js\n\/* ]]> *\/\n<\/script>\n"},"_links":{"self":[{"href":"https:\/\/radiosummernight.ch\/fr\/wp-json\/wp\/v2\/posts\/7523","targetHints":{"allow":["GET"]}}],"collection":[{"href":"https:\/\/radiosummernight.ch\/fr\/wp-json\/wp\/v2\/posts"}],"about":[{"href":"https:\/\/radiosummernight.ch\/fr\/wp-json\/wp\/v2\/types\/post"}],"author":[{"embeddable":true,"href":"https:\/\/radiosummernight.ch\/fr\/wp-json\/wp\/v2\/users\/1"}],"replies":[{"embeddable":true,"href":"https:\/\/radiosummernight.ch\/fr\/wp-json\/wp\/v2\/comments?post=7523"}],"version-history":[{"count":0,"href":"https:\/\/radiosummernight.ch\/fr\/wp-json\/wp\/v2\/posts\/7523\/revisions"}],"wp:featuredmedia":[{"embeddable":true,"href":"https:\/\/radiosummernight.ch\/fr\/wp-json\/wp\/v2\/media\/7527"}],"wp:attachment":[{"href":"https:\/\/radiosummernight.ch\/fr\/wp-json\/wp\/v2\/media?parent=7523"}],"wp:term":[{"taxonomy":"category","embeddable":true,"href":"https:\/\/radiosummernight.ch\/fr\/wp-json\/wp\/v2\/categories?post=7523"},{"taxonomy":"post_tag","embeddable":true,"href":"https:\/\/radiosummernight.ch\/fr\/wp-json\/wp\/v2\/tags?post=7523"},{"taxonomy":"series","embeddable":true,"href":"https:\/\/radiosummernight.ch\/fr\/wp-json\/wp\/v2\/series?post=7523"}],"curies":[{"name":"wp","href":"https:\/\/api.w.org\/{rel}","templated":true}]}}