{"id":7603,"date":"2021-10-01T08:18:14","date_gmt":"2021-10-01T06:18:14","guid":{"rendered":"https:\/\/radiosummernight.ch\/?p=7603"},"modified":"2021-09-30T21:26:56","modified_gmt":"2021-09-30T19:26:56","slug":"geroestet-gemahlen-heute-ist-tag-des-kaffees","status":"publish","type":"post","link":"https:\/\/radiosummernight.ch\/fr\/geroestet-gemahlen-heute-ist-tag-des-kaffees\/","title":{"rendered":"Ger\u00f6stet &#038; gemahlen! Heute ist \u201eTag des Kaffees\u201c"},"content":{"rendered":"<p>Die einen trinken ihn wie Wasser, die anderen zelebrieren ihn regelrecht: 1.084 Tassen Kaffee verzehren wir im Schnitt jedes Jahr pro Kopf. Ob schwarz oder mit Milchschaum, mit Zucker oder Sirup, wie ein richtig guter Kaffee gelingt, das schauen wir uns jetzt zum Tag des Kaffees genauer an.<\/p>\n<p>Kaffee ist nicht gleich Kaffee, da sind sich alle einig. Der Unterschied f\u00e4ngt schon bei der Bohne an. Die bekanntesten sind die Arabica, diese ist mit rund 70 Prozent die weltweit beliebteste und dann gibt es auch die Robusta. Die hat deutlich mehr Koffein und ist besonders beliebt wegen der sch\u00f6nen Crema. Und die wird gerne auch f\u00fcr Espressomischungen verwendet. Und dann gibt es verschiedene Kaffee-Variet\u00e4ten von diesen beiden Unterarten und das richtet sich dann meistens nach verschiedenen Anbaugebieten, beispielsweise Typica, Bourbon oder auch Java. Egal ob fertig gemahlen aus der Packung oder ganze Bohnen. Auf die R\u00f6stung kommt es an. Je l\u00e4nger die Bohnen ger\u00f6stet werden, desto mehr nimmt die S\u00e4ure ab und es entstehen nat\u00fcrlich dann auch mehr Bitterstoffe. Das ist ein sehr komplexer Vorgang, der die Aromen nat\u00fcrlich dann auch so richtig hervorbringt , dass kennt man von fruchtig bis schokoladig beispielsweise. Au\u00dferdem kommt es nat\u00fcrlich auch auf Wasserqualit\u00e4t an und auch auf den Mahlgrad. Denn je feiner die Bohne gemahlen wird, umso aromatischer der Kaffee. Bei einem Espresso wird beispielsweise ein feiner Mahlgrad genutzt, bei einer French Press eine gr\u00f6bere Mahlstufe, damit sie nicht bitter schmeckt. Aber welche Kaffeevariation ist eigentlich die Beste?<\/p>\n<p>Das ist einerseits nat\u00fcrlich eine Frage der Kaffeekultur und andererseits nat\u00fcrlich Geschmackssache. Wer sich aber nicht festlegen m\u00f6chte, dem empfehle ich immer einen Kaffeevollautomaten, denn Vollautomaten besitzen ein integriertes Mahlwerk und \u00fcber Men\u00fcs kann man sich seinen Lieblingskaffee ganz einfach schnell selbst zusammenstellen. So schmeckt der Kaffee dann zu Hause genauso gut wie von einem Barista. Ob nun aus dem K\u00e4nnchen, der Kapselmaschiene oder aus dem Vollautomaten: Es geht doch nichts \u00fcber eine frische Tasse heissen Kaffee.<\/p>","protected":false},"excerpt":{"rendered":"<p>Die einen trinken ihn wie Wasser, die anderen zelebrieren ihn regelrecht: 1.084 Tassen Kaffee verzehren wir im Schnitt jedes Jahr pro Kopf. Ob schwarz oder mit Milchschaum, mit Zucker oder Sirup, wie ein richtig guter Kaffee gelingt, das schauen wir uns jetzt zum Tag des Kaffees genauer an. Kaffee ist nicht gleich Kaffee, da sind&hellip; <br \/> <a class=\"read-more\" href=\"https:\/\/radiosummernight.ch\/fr\/geroestet-gemahlen-heute-ist-tag-des-kaffees\/\">Read more<\/a><\/p>","protected":false},"author":1,"featured_media":7605,"comment_status":"closed","ping_status":"closed","sticky":false,"template":"","format":"standard","meta":{"episode_type":"","audio_file":"","podmotor_file_id":"","podmotor_episode_id":"","cover_image":"","cover_image_id":"","duration":"","filesize":"","filesize_raw":"","date_recorded":"","explicit":"","block":"","itunes_episode_number":"","itunes_title":"","itunes_season_number":"","itunes_episode_type":"","footnotes":""},"categories":[186],"tags":[],"series":[],"class_list":["post-7603","post","type-post","status-publish","format-standard","has-post-thumbnail","hentry","category-news"],"episode_featured_image":"https:\/\/radiosummernight.ch\/upload\/2021\/09\/Design-ohne-Titel-11.jpg","episode_player_image":"https:\/\/radiosummernight.ch\/upload\/2021\/03\/Logo-RSN-Schwarz-300x300-Green.png","download_link":"","player_link":"","audio_player":false,"episode_data":{"playerMode":"light","subscribeUrls":{"apple_podcasts":{"key":"apple_podcasts","url":"https:\/\/podcasts.apple.com\/us\/podcast\/radio-summernight\/id1647787397?uo=4&itsct=podtail_podcasts&itscg=30200&ls=1&at=1001l39ag&ct=deutschepodcasts.de","label":"Apple Podcasts","class":"apple_podcasts","icon":"apple-podcasts.png"},"deezer":{"key":"deezer","url":"https:\/\/deezer.page.link\/NKiaDgyHm5ekBXsE7","label":"Deezer","class":"deezer","icon":"deezer.png"},"google_podcasts":{"key":"google_podcasts","url":"https:\/\/podcasts.google.com\/feed\/aHR0cHM6Ly9yYWRpb3N1bW1lcm5pZ2h0LmNoL2ZlZWQvcG9kY2FzdA?sa=X&ved=0CAMQ4aUDahcKEwj4gc2i0oP8AhUAAAAAHQAAAAAQAQ&hl=de-CH","label":"Google Podcasts","class":"google_podcasts","icon":"google-podcasts.png"},"podcast_de":{"key":"podcast_de","url":"https:\/\/www.podcast.de\/podcast\/3070299\/radio-summernight","label":"Podcast.de","class":"podcast_de","icon":"podcast-de.png"},"spotify":{"key":"spotify","url":"https:\/\/open.spotify.com\/show\/4DnvrNRnOIGTWoVH4yoIpC","label":"Spotify","class":"spotify","icon":"spotify.png"},"itunes":{"key":"itunes","url":"","label":"iTunes","class":"itunes","icon":"itunes.png"},"mytuner_radio":{"key":"mytuner_radio","url":"","label":"myTuner Radio","class":"mytuner_radio","icon":"mytuner-radio.png"}},"rssFeedUrl":"https:\/\/radiosummernight.ch\/fr\/feed\/podcast\/radio-summernight","embedCode":"<blockquote class=\"wp-embedded-content\" data-secret=\"KSptqwQnyB\"><a href=\"https:\/\/radiosummernight.ch\/fr\/geroestet-gemahlen-heute-ist-tag-des-kaffees\/\">Ger\u00f6stet &#038; gemahlen! Heute ist \u201eTag des Kaffees\u201c<\/a><\/blockquote><iframe sandbox=\"allow-scripts\" security=\"restricted\" src=\"https:\/\/radiosummernight.ch\/fr\/geroestet-gemahlen-heute-ist-tag-des-kaffees\/embed\/#?secret=KSptqwQnyB\" width=\"500\" height=\"350\" title=\"\u00ab\u00a0Ger\u00f6stet &#038; gemahlen! Heute ist \u201eTag des Kaffees\u201c\u00a0\u00bb &#8212; Radio Summernight\" data-secret=\"KSptqwQnyB\" frameborder=\"0\" marginwidth=\"0\" marginheight=\"0\" scrolling=\"no\" class=\"wp-embedded-content\"><\/iframe><script type=\"text\/javascript\">\n\/* <![CDATA[ *\/\n\/*! This file is auto-generated *\/\n!function(d,l){\"use strict\";l.querySelector&&d.addEventListener&&\"undefined\"!=typeof URL&&(d.wp=d.wp||{},d.wp.receiveEmbedMessage||(d.wp.receiveEmbedMessage=function(e){var t=e.data;if((t||t.secret||t.message||t.value)&&!\/[^a-zA-Z0-9]\/.test(t.secret)){for(var s,r,n,a=l.querySelectorAll('iframe[data-secret=\"'+t.secret+'\"]'),o=l.querySelectorAll('blockquote[data-secret=\"'+t.secret+'\"]'),c=new RegExp(\"^https?:$\",\"i\"),i=0;i<o.length;i++)o[i].style.display=\"none\";for(i=0;i<a.length;i++)s=a[i],e.source===s.contentWindow&&(s.removeAttribute(\"style\"),\"height\"===t.message?(1e3<(r=parseInt(t.value,10))?r=1e3:~~r<200&&(r=200),s.height=r):\"link\"===t.message&&(r=new URL(s.getAttribute(\"src\")),n=new URL(t.value),c.test(n.protocol))&&n.host===r.host&&l.activeElement===s&&(d.top.location.href=t.value))}},d.addEventListener(\"message\",d.wp.receiveEmbedMessage,!1),l.addEventListener(\"DOMContentLoaded\",function(){for(var e,t,s=l.querySelectorAll(\"iframe.wp-embedded-content\"),r=0;r<s.length;r++)(t=(e=s[r]).getAttribute(\"data-secret\"))||(t=Math.random().toString(36).substring(2,12),e.src+=\"#?secret=\"+t,e.setAttribute(\"data-secret\",t)),e.contentWindow.postMessage({message:\"ready\",secret:t},\"*\")},!1)))}(window,document);\n\/\/# sourceURL=https:\/\/radiosummernight.ch\/includes\/js\/wp-embed.min.js\n\/* ]]> *\/\n<\/script>\n"},"_links":{"self":[{"href":"https:\/\/radiosummernight.ch\/fr\/wp-json\/wp\/v2\/posts\/7603","targetHints":{"allow":["GET"]}}],"collection":[{"href":"https:\/\/radiosummernight.ch\/fr\/wp-json\/wp\/v2\/posts"}],"about":[{"href":"https:\/\/radiosummernight.ch\/fr\/wp-json\/wp\/v2\/types\/post"}],"author":[{"embeddable":true,"href":"https:\/\/radiosummernight.ch\/fr\/wp-json\/wp\/v2\/users\/1"}],"replies":[{"embeddable":true,"href":"https:\/\/radiosummernight.ch\/fr\/wp-json\/wp\/v2\/comments?post=7603"}],"version-history":[{"count":0,"href":"https:\/\/radiosummernight.ch\/fr\/wp-json\/wp\/v2\/posts\/7603\/revisions"}],"wp:featuredmedia":[{"embeddable":true,"href":"https:\/\/radiosummernight.ch\/fr\/wp-json\/wp\/v2\/media\/7605"}],"wp:attachment":[{"href":"https:\/\/radiosummernight.ch\/fr\/wp-json\/wp\/v2\/media?parent=7603"}],"wp:term":[{"taxonomy":"category","embeddable":true,"href":"https:\/\/radiosummernight.ch\/fr\/wp-json\/wp\/v2\/categories?post=7603"},{"taxonomy":"post_tag","embeddable":true,"href":"https:\/\/radiosummernight.ch\/fr\/wp-json\/wp\/v2\/tags?post=7603"},{"taxonomy":"series","embeddable":true,"href":"https:\/\/radiosummernight.ch\/fr\/wp-json\/wp\/v2\/series?post=7603"}],"curies":[{"name":"wp","href":"https:\/\/api.w.org\/{rel}","templated":true}]}}