{"id":7627,"date":"2021-10-05T15:57:21","date_gmt":"2021-10-05T13:57:21","guid":{"rendered":"https:\/\/radiosummernight.ch\/?p=7627"},"modified":"2025-10-26T15:40:11","modified_gmt":"2025-10-26T14:40:11","slug":"adele-erscheint-das-neue-album-im-november","status":"publish","type":"post","link":"https:\/\/radiosummernight.ch\/fr\/adele-erscheint-das-neue-album-im-november\/","title":{"rendered":"ADELE: Erscheint das neue Album im November?"},"content":{"rendered":"<p><iframe id=\"twitter-widget-0\" title=\"Twitter Tweet\" src=\"https:\/\/platform.twitter.com\/embed\/Tweet.html?dnt=false&amp;embedId=twitter-widget-0&amp;features=eyJ0ZndfZXhwZXJpbWVudHNfY29va2llX2V4cGlyYXRpb24iOnsiYnVja2V0IjoxMjA5NjAwLCJ2ZXJzaW9uIjpudWxsfSwidGZ3X2hvcml6b25fdHdlZXRfZW1iZWRfOTU1NSI6eyJidWNrZXQiOiJodGUiLCJ2ZXJzaW9uIjpudWxsfSwidGZ3X3NwYWNlX2NhcmQiOnsiYnVja2V0Ijoib2ZmIiwidmVyc2lvbiI6bnVsbH19&amp;frame=false&amp;hideCard=false&amp;hideThread=false&amp;id=1444142614064865282&amp;lang=de&amp;origin=https%3A%2F%2Fwww.laut.de%2FNews%2FAdele-Erscheint-das-neue-Album-im-November-05-10-2021-18272&amp;sessionId=6bba4a7d09d7424fdcab2e03774ea7f3b44401b2&amp;theme=light&amp;widgetsVersion=fcb1942%3A1632982954711&amp;width=550px\" frameborder=\"0\" scrolling=\"no\" allowfullscreen=\"allowfullscreen\" data-tweet-id=\"1444142614064865282\" data-mce-fragment=\"1\"><\/iframe><br \/>\n\t\t\t<iframe id=\"twitter-widget-1\" title=\"Twitter Tweet\" src=\"https:\/\/platform.twitter.com\/embed\/Tweet.html?dnt=false&amp;embedId=twitter-widget-1&amp;features=eyJ0ZndfZXhwZXJpbWVudHNfY29va2llX2V4cGlyYXRpb24iOnsiYnVja2V0IjoxMjA5NjAwLCJ2ZXJzaW9uIjpudWxsfSwidGZ3X2hvcml6b25fdHdlZXRfZW1iZWRfOTU1NSI6eyJidWNrZXQiOiJodGUiLCJ2ZXJzaW9uIjpudWxsfSwidGZ3X3NwYWNlX2NhcmQiOnsiYnVja2V0Ijoib2ZmIiwidmVyc2lvbiI6bnVsbH19&amp;frame=false&amp;hideCard=false&amp;hideThread=false&amp;id=1444328557174562818&amp;lang=de&amp;origin=https%3A%2F%2Fwww.laut.de%2FNews%2FAdele-Erscheint-das-neue-Album-im-November-05-10-2021-18272&amp;sessionId=6bba4a7d09d7424fdcab2e03774ea7f3b44401b2&amp;theme=light&amp;widgetsVersion=fcb1942%3A1632982954711&amp;width=550px\" frameborder=\"0\" scrolling=\"no\" allowfullscreen=\"allowfullscreen\" data-tweet-id=\"1444328557174562818\" data-mce-fragment=\"1\"><\/iframe>\t\t<\/p>\n<p><strong>Weltweit deuten Fans Werbeprojektionen als Hinweis auf den Release. Die S\u00e4ngerin aktualisierte derweil ihre Kommunikationskan\u00e4le.<\/strong><\/p>\n<p><em>(ebi)<\/em> Die Fanseele kocht: <a title=\"Adele\" href=\"https:\/\/www.laut.de\/artist\/6668\" target=\"_blank\" rel=\"noopener\">Adeles<\/a> neues Studioalbum k\u00f6nnte bald erscheinen &#8211; so deuten Fans zumindest die Zeichen dies- und jenseits des Atlantiks, aber auch in Peking oder Rio De Janeiro, die in den vergangenen Tagen aufgetaucht waren.<\/p>\n<p>An zentralen Orten wurde die Zahl &#8220;30&#8221; auf Geb\u00e4ude projiziert, etwa ans New Yorker Empire State Building, oder war auf anderen Werbefl\u00e4chen zu sehen. Fans teilten auch Bilder aus St\u00e4dten wie Dubai, London, Toronto, Dublin, Paris, M\u00fcnchen, Amsterdam und Rom sowie aus zahlreichen anderen L\u00e4ndern.<\/p>\n<p>\t\t\t<iframe id=\"twitter-widget-3\" title=\"Twitter Tweet\" src=\"https:\/\/platform.twitter.com\/embed\/Tweet.html?dnt=false&amp;embedId=twitter-widget-3&amp;features=eyJ0ZndfZXhwZXJpbWVudHNfY29va2llX2V4cGlyYXRpb24iOnsiYnVja2V0IjoxMjA5NjAwLCJ2ZXJzaW9uIjpudWxsfSwidGZ3X2hvcml6b25fdHdlZXRfZW1iZWRfOTU1NSI6eyJidWNrZXQiOiJodGUiLCJ2ZXJzaW9uIjpudWxsfSwidGZ3X3NwYWNlX2NhcmQiOnsiYnVja2V0Ijoib2ZmIiwidmVyc2lvbiI6bnVsbH19&amp;frame=false&amp;hideCard=false&amp;hideThread=false&amp;id=1444705267770433536&amp;lang=de&amp;origin=https%3A%2F%2Fwww.laut.de%2FNews%2FAdele-Erscheint-das-neue-Album-im-November-05-10-2021-18272&amp;sessionId=6bba4a7d09d7424fdcab2e03774ea7f3b44401b2&amp;theme=light&amp;widgetsVersion=fcb1942%3A1632982954711&amp;width=550px\" frameborder=\"0\" scrolling=\"no\" allowfullscreen=\"allowfullscreen\" data-tweet-id=\"1444705267770433536\" data-mce-fragment=\"1\"><\/iframe><br \/>\n\t\t\t<iframe id=\"twitter-widget-4\" title=\"Twitter Tweet\" src=\"https:\/\/platform.twitter.com\/embed\/Tweet.html?dnt=false&amp;embedId=twitter-widget-4&amp;features=eyJ0ZndfZXhwZXJpbWVudHNfY29va2llX2V4cGlyYXRpb24iOnsiYnVja2V0IjoxMjA5NjAwLCJ2ZXJzaW9uIjpudWxsfSwidGZ3X2hvcml6b25fdHdlZXRfZW1iZWRfOTU1NSI6eyJidWNrZXQiOiJodGUiLCJ2ZXJzaW9uIjpudWxsfSwidGZ3X3NwYWNlX2NhcmQiOnsiYnVja2V0Ijoib2ZmIiwidmVyc2lvbiI6bnVsbH19&amp;frame=false&amp;hideCard=false&amp;hideThread=false&amp;id=1444590836067487746&amp;lang=de&amp;origin=https%3A%2F%2Fwww.laut.de%2FNews%2FAdele-Erscheint-das-neue-Album-im-November-05-10-2021-18272&amp;sessionId=6bba4a7d09d7424fdcab2e03774ea7f3b44401b2&amp;theme=light&amp;widgetsVersion=fcb1942%3A1632982954711&amp;width=550px\" frameborder=\"0\" scrolling=\"no\" allowfullscreen=\"allowfullscreen\" data-tweet-id=\"1444590836067487746\" data-mce-fragment=\"1\"><\/iframe><br \/>\n\t\t\t<iframe id=\"twitter-widget-2\" title=\"Twitter Tweet\" src=\"https:\/\/platform.twitter.com\/embed\/Tweet.html?dnt=false&amp;embedId=twitter-widget-2&amp;features=eyJ0ZndfZXhwZXJpbWVudHNfY29va2llX2V4cGlyYXRpb24iOnsiYnVja2V0IjoxMjA5NjAwLCJ2ZXJzaW9uIjpudWxsfSwidGZ3X2hvcml6b25fdHdlZXRfZW1iZWRfOTU1NSI6eyJidWNrZXQiOiJodGUiLCJ2ZXJzaW9uIjpudWxsfSwidGZ3X3NwYWNlX2NhcmQiOnsiYnVja2V0Ijoib2ZmIiwidmVyc2lvbiI6bnVsbH19&amp;frame=false&amp;hideCard=false&amp;hideThread=false&amp;id=1444278400726753280&amp;lang=de&amp;origin=https%3A%2F%2Fwww.laut.de%2FNews%2FAdele-Erscheint-das-neue-Album-im-November-05-10-2021-18272&amp;sessionId=6bba4a7d09d7424fdcab2e03774ea7f3b44401b2&amp;theme=light&amp;widgetsVersion=fcb1942%3A1632982954711&amp;width=550px\" frameborder=\"0\" scrolling=\"no\" allowfullscreen=\"allowfullscreen\" data-tweet-id=\"1444278400726753280\" data-mce-fragment=\"1\"><\/iframe>\t\t<\/p>\n<p>\nUnd ihre Vermutungen sind nicht ganz von der Hand zu weisen: Bisher benannte die Britin ihre Studioalben stets nach dem Alter, in dem sie die Arbeit an der jeweiligen Platte aufgenommen hatte: &#8220;<a title=\"Adele - &#039;19&#039;\" href=\"https:\/\/www.laut.de\/release\/27033\" target=\"_blank\" rel=\"noopener\">19<\/a>&#8220;, &#8220;<a title=\"Adele - &#039;21&#039;\" href=\"https:\/\/www.laut.de\/release\/63833\" target=\"_blank\" rel=\"noopener\">21<\/a>&#8221; und &#8220;<a title=\"Adele - &#039;25&#039;\" href=\"https:\/\/www.laut.de\/release\/97840\" target=\"_blank\" rel=\"noopener\">25<\/a>&#8220;. Gestern aktualisierte die vielfache Grammy-Gewinnerin dann auch ihre Website und Social Media-Kan\u00e4le &#8211; farblich durchaus passend zu den Projektionen. Eine offizielle Best\u00e4tigung gab es nat\u00fcrlich nicht.<\/p>\n<p>Adeles erstes Album seit sechs Jahren geh\u00f6rt sicher zu den absatztr\u00e4chtigsten Pop-Ver\u00f6ffentlichungen, die in der kommenden Zeit erwartet werden. Zuletzt erwog Sony angesichts des angek\u00fcndigten&nbsp;<a title=\"ABBA\" href=\"https:\/\/www.laut.de\/artist\/17\" style=\"font-family: var( --e-global-typography-text-font-family ), Sans-serif; font-weight: var( --e-global-typography-text-font-weight );\" target=\"_blank\" rel=\"noopener\">ABBA<\/a>-Comebacks &#8220;<a title=\"ABBA: Neues Album nach 40 Jahren\" href=\"https:\/\/www.laut.de\/news\/18188\" style=\"font-family: var( --e-global-typography-text-font-family ), Sans-serif; font-weight: var( --e-global-typography-text-font-weight );\" target=\"_blank\" rel=\"noopener\">Voyage<\/a>&#8221; aber, ein offenbar bereits feststehendes Releasedatum zu verschieben: Man f\u00fcrchtet die Konkurrenz des legend\u00e4ren schwedischen Quartetts.<\/p>\n<p>Dennoch: Die Fangemeinde spekuliert &#8211; besser hofft &#8211; auf den 19. November als Releasedatum. Im vergangenen Jahr war Raphael Saadiq (u.a.&nbsp;<a title=\"Solange Knowles\" href=\"https:\/\/www.laut.de\/artist\/8630\" target=\"_blank\" rel=\"noopener\">Solange<\/a>,&nbsp;<a title=\"Mary J. Blige\" href=\"https:\/\/www.laut.de\/artist\/1255\" target=\"_blank\" rel=\"noopener\">Mary J. Blige<\/a>,&nbsp;<a title=\"Joss Stone\" href=\"https:\/\/www.laut.de\/artist\/3063\" target=\"_blank\" rel=\"noopener\">Joss Stone<\/a>) als m\u00f6glicher Kollabopartner Adeles in den Medien genannt worden.<\/p>","protected":false},"excerpt":{"rendered":"<p>Weltweit deuten Fans Werbeprojektionen als Hinweis auf den Release. Die S\u00e4ngerin aktualisierte derweil ihre Kommunikationskan\u00e4le. (ebi) Die Fanseele kocht: Adeles neues Studioalbum k\u00f6nnte bald erscheinen &#8211; so deuten Fans zumindest die Zeichen dies- und jenseits des Atlantiks, aber auch in Peking oder Rio De Janeiro, die in den vergangenen Tagen aufgetaucht waren. An zentralen Orten&hellip; <br \/> <a class=\"read-more\" href=\"https:\/\/radiosummernight.ch\/fr\/adele-erscheint-das-neue-album-im-november\/\">Read more<\/a><\/p>","protected":false},"author":1,"featured_media":7629,"comment_status":"closed","ping_status":"closed","sticky":false,"template":"","format":"standard","meta":{"episode_type":"","audio_file":"","podmotor_file_id":"","podmotor_episode_id":"","cover_image":"","cover_image_id":"","duration":"","filesize":"","filesize_raw":"","date_recorded":"","explicit":"","block":"","itunes_episode_number":"","itunes_title":"","itunes_season_number":"","itunes_episode_type":"","footnotes":""},"categories":[719],"tags":[60,61,33,62],"series":[],"class_list":["post-7627","post","type-post","status-publish","format-standard","has-post-thumbnail","hentry","category-news-kurse","tag-adele","tag-album","tag-content-partnerschaft-mit-laut-de","tag-musiknews"],"episode_featured_image":"https:\/\/radiosummernight.ch\/upload\/2021\/10\/Design-ohne-Titel-12.jpg","episode_player_image":"https:\/\/radiosummernight.ch\/upload\/2021\/03\/Logo-RSN-Schwarz-300x300-Green.png","download_link":"","player_link":"","audio_player":false,"episode_data":{"playerMode":"light","subscribeUrls":{"apple_podcasts":{"key":"apple_podcasts","url":"https:\/\/podcasts.apple.com\/us\/podcast\/radio-summernight\/id1647787397?uo=4&itsct=podtail_podcasts&itscg=30200&ls=1&at=1001l39ag&ct=deutschepodcasts.de","label":"Apple Podcasts","class":"apple_podcasts","icon":"apple-podcasts.png"},"deezer":{"key":"deezer","url":"https:\/\/deezer.page.link\/NKiaDgyHm5ekBXsE7","label":"Deezer","class":"deezer","icon":"deezer.png"},"google_podcasts":{"key":"google_podcasts","url":"https:\/\/podcasts.google.com\/feed\/aHR0cHM6Ly9yYWRpb3N1bW1lcm5pZ2h0LmNoL2ZlZWQvcG9kY2FzdA?sa=X&ved=0CAMQ4aUDahcKEwj4gc2i0oP8AhUAAAAAHQAAAAAQAQ&hl=de-CH","label":"Google Podcasts","class":"google_podcasts","icon":"google-podcasts.png"},"podcast_de":{"key":"podcast_de","url":"https:\/\/www.podcast.de\/podcast\/3070299\/radio-summernight","label":"Podcast.de","class":"podcast_de","icon":"podcast-de.png"},"spotify":{"key":"spotify","url":"https:\/\/open.spotify.com\/show\/4DnvrNRnOIGTWoVH4yoIpC","label":"Spotify","class":"spotify","icon":"spotify.png"},"itunes":{"key":"itunes","url":"","label":"iTunes","class":"itunes","icon":"itunes.png"},"mytuner_radio":{"key":"mytuner_radio","url":"","label":"myTuner Radio","class":"mytuner_radio","icon":"mytuner-radio.png"}},"rssFeedUrl":"https:\/\/radiosummernight.ch\/fr\/feed\/podcast\/radio-summernight","embedCode":"<blockquote class=\"wp-embedded-content\" data-secret=\"sOkAWK7Ng4\"><a href=\"https:\/\/radiosummernight.ch\/fr\/adele-erscheint-das-neue-album-im-november\/\">ADELE: Erscheint das neue Album im November?<\/a><\/blockquote><iframe sandbox=\"allow-scripts\" security=\"restricted\" src=\"https:\/\/radiosummernight.ch\/fr\/adele-erscheint-das-neue-album-im-november\/embed\/#?secret=sOkAWK7Ng4\" width=\"500\" height=\"350\" title=\"\u00ab\u00a0ADELE: Erscheint das neue Album im November?\u00a0\u00bb &#8212; Radio Summernight\" data-secret=\"sOkAWK7Ng4\" frameborder=\"0\" marginwidth=\"0\" marginheight=\"0\" scrolling=\"no\" class=\"wp-embedded-content\"><\/iframe><script type=\"text\/javascript\">\n\/* <![CDATA[ *\/\n\/*! This file is auto-generated *\/\n!function(d,l){\"use strict\";l.querySelector&&d.addEventListener&&\"undefined\"!=typeof URL&&(d.wp=d.wp||{},d.wp.receiveEmbedMessage||(d.wp.receiveEmbedMessage=function(e){var t=e.data;if((t||t.secret||t.message||t.value)&&!\/[^a-zA-Z0-9]\/.test(t.secret)){for(var s,r,n,a=l.querySelectorAll('iframe[data-secret=\"'+t.secret+'\"]'),o=l.querySelectorAll('blockquote[data-secret=\"'+t.secret+'\"]'),c=new RegExp(\"^https?:$\",\"i\"),i=0;i<o.length;i++)o[i].style.display=\"none\";for(i=0;i<a.length;i++)s=a[i],e.source===s.contentWindow&&(s.removeAttribute(\"style\"),\"height\"===t.message?(1e3<(r=parseInt(t.value,10))?r=1e3:~~r<200&&(r=200),s.height=r):\"link\"===t.message&&(r=new URL(s.getAttribute(\"src\")),n=new URL(t.value),c.test(n.protocol))&&n.host===r.host&&l.activeElement===s&&(d.top.location.href=t.value))}},d.addEventListener(\"message\",d.wp.receiveEmbedMessage,!1),l.addEventListener(\"DOMContentLoaded\",function(){for(var e,t,s=l.querySelectorAll(\"iframe.wp-embedded-content\"),r=0;r<s.length;r++)(t=(e=s[r]).getAttribute(\"data-secret\"))||(t=Math.random().toString(36).substring(2,12),e.src+=\"#?secret=\"+t,e.setAttribute(\"data-secret\",t)),e.contentWindow.postMessage({message:\"ready\",secret:t},\"*\")},!1)))}(window,document);\n\/\/# sourceURL=https:\/\/radiosummernight.ch\/includes\/js\/wp-embed.min.js\n\/* ]]> *\/\n<\/script>\n"},"_links":{"self":[{"href":"https:\/\/radiosummernight.ch\/fr\/wp-json\/wp\/v2\/posts\/7627","targetHints":{"allow":["GET"]}}],"collection":[{"href":"https:\/\/radiosummernight.ch\/fr\/wp-json\/wp\/v2\/posts"}],"about":[{"href":"https:\/\/radiosummernight.ch\/fr\/wp-json\/wp\/v2\/types\/post"}],"author":[{"embeddable":true,"href":"https:\/\/radiosummernight.ch\/fr\/wp-json\/wp\/v2\/users\/1"}],"replies":[{"embeddable":true,"href":"https:\/\/radiosummernight.ch\/fr\/wp-json\/wp\/v2\/comments?post=7627"}],"version-history":[{"count":0,"href":"https:\/\/radiosummernight.ch\/fr\/wp-json\/wp\/v2\/posts\/7627\/revisions"}],"wp:featuredmedia":[{"embeddable":true,"href":"https:\/\/radiosummernight.ch\/fr\/wp-json\/wp\/v2\/media\/7629"}],"wp:attachment":[{"href":"https:\/\/radiosummernight.ch\/fr\/wp-json\/wp\/v2\/media?parent=7627"}],"wp:term":[{"taxonomy":"category","embeddable":true,"href":"https:\/\/radiosummernight.ch\/fr\/wp-json\/wp\/v2\/categories?post=7627"},{"taxonomy":"post_tag","embeddable":true,"href":"https:\/\/radiosummernight.ch\/fr\/wp-json\/wp\/v2\/tags?post=7627"},{"taxonomy":"series","embeddable":true,"href":"https:\/\/radiosummernight.ch\/fr\/wp-json\/wp\/v2\/series?post=7627"}],"curies":[{"name":"wp","href":"https:\/\/api.w.org\/{rel}","templated":true}]}}