{"id":7794,"date":"2021-10-26T08:26:08","date_gmt":"2021-10-26T06:26:08","guid":{"rendered":"https:\/\/radiosummernight.ch\/?p=7794"},"modified":"2025-10-26T15:40:08","modified_gmt":"2025-10-26T14:40:08","slug":"j-balvin-statement-zum-sexistischen-perra","status":"publish","type":"post","link":"https:\/\/radiosummernight.ch\/fr\/j-balvin-statement-zum-sexistischen-perra\/","title":{"rendered":"J BALVIN: Statement zum sexistischen &#8220;Perra&#8221;"},"content":{"rendered":"<p class=\"lead\">J Balvin entschuldigt sich halbherzig f\u00fcr sexistische, frauenfeindliche und rassistische \u00c4u\u00dferungen und Bilder im Video zu seinem Song &#8220;Perra&#8221;.<\/p>\n<p><em><strong>(laut)<\/strong><\/em>\u00a0In\u00a0<a class=\"wort\" title=\"J. Balvin\" href=\"https:\/\/www.laut.de\/artist\/13895\" target=\"_blank\" rel=\"noopener\">J Balvins<\/a>\u00a0im September ver\u00f6ffentlichter Single &#8220;Perra&#8221; geht&#8217;s extrem diskriminierend, ekelhaft und niveaulos zu. Nun hat Balvin noch einen obendrauf gesetzt und sich acht Tage nach der L\u00f6schung des Videos so marginal dazu ge\u00e4u\u00dfert, dass man nur dar\u00fcber lachen k\u00f6nnte, wenn es nicht so traurig w\u00e4re.<\/p>\n<div id=\"aslot--de-desktop-04\" class=\"aslot aslot--intext\" data-google-query-id=\"CLCS5Ouy5_MCFYpH4AodTRQK4w\">\n<div id=\"google_ads_iframe_\/33532245\/de-desktop-04_0__container__\"><\/div>\n<\/div>\n<p>In &#8220;Perra&#8221; (auf deutsch &#8220;H\u00fcndin&#8221;) werden Frauen mit Tieren &#8211; genauer H\u00fcndinnen &#8211; verglichen, welche l\u00e4ufig und auf der Suche nach einem R\u00fcden sind und darauf warten, dominiert und misshandelt zu werden. Gibt es unter der untersten noch eine weitere Schublade?<\/p>\n<p>In dem Video ist der 36-J\u00e4hrige als einzige wei\u00dfe Person unter vielen Schwarzen in einem offensichtlich armen Viertel zu sehen. Unter anderem h\u00e4lt er in einer Szene an der Hundeleine zwei schwarze Frauen, die ihm buchst\u00e4blich auf allen Vieren parieren.<\/p>\n<p>Die kolumbianische Regierung bezeichnete das Video \u00f6ffentlich als &#8220;<i>sexistisch, rassistisch, machistisch und frauenfeindlich<\/i>&#8220;. Vor einer Woche wurde das Video kommentarlos von YouTube entfernt.<\/p>\n<div class=\"twitter-tweet twitter-tweet-rendered\"><iframe id=\"twitter-widget-0\" class=\"\" title=\"Twitter Tweet\" src=\"https:\/\/platform.twitter.com\/embed\/Tweet.html?dnt=false&amp;embedId=twitter-widget-0&amp;features=eyJ0ZndfZXhwZXJpbWVudHNfY29va2llX2V4cGlyYXRpb24iOnsiYnVja2V0IjoxMjA5NjAwLCJ2ZXJzaW9uIjpudWxsfSwidGZ3X2hvcml6b25fdHdlZXRfZW1iZWRfOTU1NSI6eyJidWNrZXQiOiJodGUiLCJ2ZXJzaW9uIjpudWxsfSwidGZ3X3NwYWNlX2NhcmQiOnsiYnVja2V0Ijoib2ZmIiwidmVyc2lvbiI6bnVsbH19&amp;frame=false&amp;hideCard=false&amp;hideThread=false&amp;id=1449903055844089858&amp;lang=de&amp;origin=https%3A%2F%2Fwww.laut.de%2FNews%2FJ-Balvin-Statement-zum-sexistischen-Perra-25-10-2021-18320&amp;sessionId=6032be3512c4fd870b7321c7c944901e67044b14&amp;theme=light&amp;widgetsVersion=f001879%3A1634581029404&amp;width=550px\" frameborder=\"0\" scrolling=\"no\" allowfullscreen=\"allowfullscreen\" data-tweet-id=\"1449903055844089858\"><\/iframe><\/div>\n<p>Gestern nun \u00e4u\u00dfert sich Balvin dazu und erkl\u00e4rt, dass er das Video aus Respekt gel\u00f6scht habe. Alles klar, ist er ja fr\u00fch drauf gekommen. Eine erzwungene Reaktion darauf, dass der Shitstorm nicht aufgeh\u00f6rt hat, ist es nat\u00fcrlich nicht. Auf Instagram postet er eine Story, in der er sich bei allen, die sich durch das Video angegriffen f\u00fchlen, entschuldigt. Insbesondere bei der schwarzen Gemeinschaft. Er f\u00f6rdere immer Toleranz, Liebe und Integration. Au\u00dferdem erkl\u00e4rt er gaaanz betroffen, dass das ja alles anders gemeint sei. Der Song und das Video handelten davon, &#8220;<i>dass Frauen genauso wie M\u00e4nner Aufrei\u00dfer sein k\u00f6nnen. Wenn du als Mann ein Player bist, kann eine Frau dich &#8216;bei\u00dfen&#8217; &#8211; weil sie vielleicht genauso ist wie du<\/i>&#8220;.<\/p>\n<p>Holy Moly. Statt einer aufrichtigen Entschuldigung und Einsicht, was f\u00fcr ein diskriminierendes Hohlbrot du bist, gibt es lediglich dieses einmin\u00fctige Video, welches 24 Stunden lang abrufbar ist und nur gequirlten Bullshit enth\u00e4lt? Ernsthaft, J Balvin?<\/p>","protected":false},"excerpt":{"rendered":"<p>J Balvin entschuldigt sich halbherzig f\u00fcr sexistische, frauenfeindliche und rassistische \u00c4u\u00dferungen und Bilder im Video zu seinem Song &#8220;Perra&#8221;. (laut)\u00a0In\u00a0J Balvins\u00a0im September ver\u00f6ffentlichter Single &#8220;Perra&#8221; geht&#8217;s extrem diskriminierend, ekelhaft und niveaulos zu. Nun hat Balvin noch einen obendrauf gesetzt und sich acht Tage nach der L\u00f6schung des Videos so marginal dazu ge\u00e4u\u00dfert, dass man nur&hellip; <br \/> <a class=\"read-more\" href=\"https:\/\/radiosummernight.ch\/fr\/j-balvin-statement-zum-sexistischen-perra\/\">Read more<\/a><\/p>","protected":false},"author":1,"featured_media":7796,"comment_status":"closed","ping_status":"closed","sticky":false,"template":"","format":"standard","meta":{"episode_type":"","audio_file":"","podmotor_file_id":"","podmotor_episode_id":"","cover_image":"","cover_image_id":"","duration":"","filesize":"","filesize_raw":"","date_recorded":"","explicit":"","block":"","itunes_episode_number":"","itunes_title":"","itunes_season_number":"","itunes_episode_type":"","footnotes":""},"categories":[719],"tags":[33],"series":[],"class_list":["post-7794","post","type-post","status-publish","format-standard","has-post-thumbnail","hentry","category-news-kurse","tag-content-partnerschaft-mit-laut-de"],"episode_featured_image":"https:\/\/radiosummernight.ch\/upload\/2021\/10\/Design-ohne-Titel-17.jpg","episode_player_image":"https:\/\/radiosummernight.ch\/upload\/2021\/03\/Logo-RSN-Schwarz-300x300-Green.png","download_link":"","player_link":"","audio_player":false,"episode_data":{"playerMode":"light","subscribeUrls":{"apple_podcasts":{"key":"apple_podcasts","url":"https:\/\/podcasts.apple.com\/us\/podcast\/radio-summernight\/id1647787397?uo=4&itsct=podtail_podcasts&itscg=30200&ls=1&at=1001l39ag&ct=deutschepodcasts.de","label":"Apple Podcasts","class":"apple_podcasts","icon":"apple-podcasts.png"},"deezer":{"key":"deezer","url":"https:\/\/deezer.page.link\/NKiaDgyHm5ekBXsE7","label":"Deezer","class":"deezer","icon":"deezer.png"},"google_podcasts":{"key":"google_podcasts","url":"https:\/\/podcasts.google.com\/feed\/aHR0cHM6Ly9yYWRpb3N1bW1lcm5pZ2h0LmNoL2ZlZWQvcG9kY2FzdA?sa=X&ved=0CAMQ4aUDahcKEwj4gc2i0oP8AhUAAAAAHQAAAAAQAQ&hl=de-CH","label":"Google Podcasts","class":"google_podcasts","icon":"google-podcasts.png"},"podcast_de":{"key":"podcast_de","url":"https:\/\/www.podcast.de\/podcast\/3070299\/radio-summernight","label":"Podcast.de","class":"podcast_de","icon":"podcast-de.png"},"spotify":{"key":"spotify","url":"https:\/\/open.spotify.com\/show\/4DnvrNRnOIGTWoVH4yoIpC","label":"Spotify","class":"spotify","icon":"spotify.png"},"itunes":{"key":"itunes","url":"","label":"iTunes","class":"itunes","icon":"itunes.png"},"mytuner_radio":{"key":"mytuner_radio","url":"","label":"myTuner Radio","class":"mytuner_radio","icon":"mytuner-radio.png"}},"rssFeedUrl":"https:\/\/radiosummernight.ch\/fr\/feed\/podcast\/radio-summernight","embedCode":"<blockquote class=\"wp-embedded-content\" data-secret=\"AbxfMcJn74\"><a href=\"https:\/\/radiosummernight.ch\/fr\/j-balvin-statement-zum-sexistischen-perra\/\">J BALVIN: Statement zum sexistischen &#8220;Perra&#8221;<\/a><\/blockquote><iframe sandbox=\"allow-scripts\" security=\"restricted\" src=\"https:\/\/radiosummernight.ch\/fr\/j-balvin-statement-zum-sexistischen-perra\/embed\/#?secret=AbxfMcJn74\" width=\"500\" height=\"350\" title=\"\u00ab\u00a0J BALVIN: Statement zum sexistischen &#8220;Perra&#8221;\u00a0\u00bb &#8212; Radio Summernight\" data-secret=\"AbxfMcJn74\" frameborder=\"0\" marginwidth=\"0\" marginheight=\"0\" scrolling=\"no\" class=\"wp-embedded-content\"><\/iframe><script type=\"text\/javascript\">\n\/* <![CDATA[ *\/\n\/*! This file is auto-generated *\/\n!function(d,l){\"use strict\";l.querySelector&&d.addEventListener&&\"undefined\"!=typeof URL&&(d.wp=d.wp||{},d.wp.receiveEmbedMessage||(d.wp.receiveEmbedMessage=function(e){var t=e.data;if((t||t.secret||t.message||t.value)&&!\/[^a-zA-Z0-9]\/.test(t.secret)){for(var s,r,n,a=l.querySelectorAll('iframe[data-secret=\"'+t.secret+'\"]'),o=l.querySelectorAll('blockquote[data-secret=\"'+t.secret+'\"]'),c=new RegExp(\"^https?:$\",\"i\"),i=0;i<o.length;i++)o[i].style.display=\"none\";for(i=0;i<a.length;i++)s=a[i],e.source===s.contentWindow&&(s.removeAttribute(\"style\"),\"height\"===t.message?(1e3<(r=parseInt(t.value,10))?r=1e3:~~r<200&&(r=200),s.height=r):\"link\"===t.message&&(r=new URL(s.getAttribute(\"src\")),n=new URL(t.value),c.test(n.protocol))&&n.host===r.host&&l.activeElement===s&&(d.top.location.href=t.value))}},d.addEventListener(\"message\",d.wp.receiveEmbedMessage,!1),l.addEventListener(\"DOMContentLoaded\",function(){for(var e,t,s=l.querySelectorAll(\"iframe.wp-embedded-content\"),r=0;r<s.length;r++)(t=(e=s[r]).getAttribute(\"data-secret\"))||(t=Math.random().toString(36).substring(2,12),e.src+=\"#?secret=\"+t,e.setAttribute(\"data-secret\",t)),e.contentWindow.postMessage({message:\"ready\",secret:t},\"*\")},!1)))}(window,document);\n\/\/# sourceURL=https:\/\/radiosummernight.ch\/includes\/js\/wp-embed.min.js\n\/* ]]> *\/\n<\/script>\n"},"_links":{"self":[{"href":"https:\/\/radiosummernight.ch\/fr\/wp-json\/wp\/v2\/posts\/7794","targetHints":{"allow":["GET"]}}],"collection":[{"href":"https:\/\/radiosummernight.ch\/fr\/wp-json\/wp\/v2\/posts"}],"about":[{"href":"https:\/\/radiosummernight.ch\/fr\/wp-json\/wp\/v2\/types\/post"}],"author":[{"embeddable":true,"href":"https:\/\/radiosummernight.ch\/fr\/wp-json\/wp\/v2\/users\/1"}],"replies":[{"embeddable":true,"href":"https:\/\/radiosummernight.ch\/fr\/wp-json\/wp\/v2\/comments?post=7794"}],"version-history":[{"count":0,"href":"https:\/\/radiosummernight.ch\/fr\/wp-json\/wp\/v2\/posts\/7794\/revisions"}],"wp:featuredmedia":[{"embeddable":true,"href":"https:\/\/radiosummernight.ch\/fr\/wp-json\/wp\/v2\/media\/7796"}],"wp:attachment":[{"href":"https:\/\/radiosummernight.ch\/fr\/wp-json\/wp\/v2\/media?parent=7794"}],"wp:term":[{"taxonomy":"category","embeddable":true,"href":"https:\/\/radiosummernight.ch\/fr\/wp-json\/wp\/v2\/categories?post=7794"},{"taxonomy":"post_tag","embeddable":true,"href":"https:\/\/radiosummernight.ch\/fr\/wp-json\/wp\/v2\/tags?post=7794"},{"taxonomy":"series","embeddable":true,"href":"https:\/\/radiosummernight.ch\/fr\/wp-json\/wp\/v2\/series?post=7794"}],"curies":[{"name":"wp","href":"https:\/\/api.w.org\/{rel}","templated":true}]}}