{"id":7887,"date":"2021-11-15T22:35:30","date_gmt":"2021-11-15T21:35:30","guid":{"rendered":"https:\/\/radiosummernight.ch\/?p=7887"},"modified":"2021-11-15T22:35:30","modified_gmt":"2021-11-15T21:35:30","slug":"winterwandern-perspektivwechsel-in-der-kalten-jahreszeit","status":"publish","type":"post","link":"https:\/\/radiosummernight.ch\/fr\/winterwandern-perspektivwechsel-in-der-kalten-jahreszeit\/","title":{"rendered":"Winterwandern Perspektivwechsel in der kalten Jahreszeit"},"content":{"rendered":"<p><strong>Gro\u00dfst\u00e4dter kennen ihn meist nur grau, vermatscht und kurzweilig. Dabei geh\u00f6rt eine wei\u00df-glitzernd bedeckte Landschaft zu den sch\u00f6nsten Seiten des Winters. Liegt Schnee, kehrt in der Natur Ruhe ein. Genau deswegen zieht es viele Menschen zum den Winterferien in die Berge. Was den Reiz von einem winterlichen Urlaub ganz ohne Menschentrubel ausmacht, dar\u00fcber hat sich unsere Redaktion f\u00fcr dich informiert.<\/strong><\/p>\n<p><strong><em>glb<\/em> <\/strong>Malerisch wei\u00df liegt die Landschaft vor uns ruhig und fast wie unber\u00fchrt. Winterwandern ist Entschleunigung pur, Wandern hat im Winter einfach eine ganz besondere Magie. Und vor allem die Stille auch: Die Tiere haben sich zur\u00fcckgezogen, die Pflanzen haben sich zur\u00fcckgezogen und wir genie\u00dfen einfach nur diese Stille. Warum also nicht dort Kraft sch\u00f6pfen, wo es uns am besten geht: In der Natur. Au\u00dfer ein bisschen Kondition, brauchen wir nicht viel f\u00fcr so einen Tag an der frischen Luft. Die Menschen machen oft gro\u00dfe Fehler und r\u00fcsten sich aus, als ob sie auf eine Expedition gehen w\u00fcrden. Sie brauchen keinen Skianzug! Also, man braucht ein gutes Wanderoutfit: Dass man eine lange Hose hat, eine Windjacke hat und dann steht dem ganzen Spa\u00df schon gar nichts mehr im Wege!<\/p>\n<p>Besonders in diesem Jahr boomt die sanfte Art des Wintersports. Gerade nach den zwei Corona Jahren und dem Eingesperrt sein, suchen Urlauber doch<br \/>\nOrte der Ruhe und Stille und Entspannung. Die Touren variieren von ganz gem\u00fctlich bis sportlich und es ist besonders f\u00fcr Einsteiger oder Winterurlauber Neulinge gut geeignet und eine echte Alternative f\u00fcr Nicht-Skifahrer. Zum Winter geh\u00f6rt jedenfalls noch eine Sache wie Schnee und Eis: Das Schlittenfahren. Also, ab ins Winter-Outfit und raus ins Vergn\u00fcgen!<\/p>\n<p>Der Natur im Winter ganz nah kommen, das geht bei Winterwanderungen besonders gut.<\/p>\n<p>&nbsp;<\/p>\n<p>*Sie m\u00f6chten Ihren link in diesem Beitrag? Angebot einholen unter <a href=\"https:\/\/rsn.li\/werbung\" target=\"_blank\" rel=\"noopener\">www.rsn.li\/werbung<\/a><\/p>","protected":false},"excerpt":{"rendered":"<p>Gro\u00dfst\u00e4dter kennen ihn meist nur grau, vermatscht und kurzweilig. Dabei geh\u00f6rt eine wei\u00df-glitzernd bedeckte Landschaft zu den sch\u00f6nsten Seiten des Winters. Liegt Schnee, kehrt in der Natur Ruhe ein. Genau deswegen zieht es viele Menschen zum den Winterferien in die Berge. Was den Reiz von einem winterlichen Urlaub ganz ohne Menschentrubel ausmacht, dar\u00fcber hat sich&hellip; <br \/> <a class=\"read-more\" href=\"https:\/\/radiosummernight.ch\/fr\/winterwandern-perspektivwechsel-in-der-kalten-jahreszeit\/\">Read more<\/a><\/p>","protected":false},"author":1,"featured_media":7890,"comment_status":"closed","ping_status":"closed","sticky":false,"template":"","format":"standard","meta":{"episode_type":"","audio_file":"","podmotor_file_id":"","podmotor_episode_id":"","cover_image":"","cover_image_id":"","duration":"","filesize":"","filesize_raw":"","date_recorded":"","explicit":"","block":"","itunes_episode_number":"","itunes_title":"","itunes_season_number":"","itunes_episode_type":"","footnotes":""},"categories":[186],"tags":[82,83,80,79,81],"series":[],"class_list":["post-7887","post","type-post","status-publish","format-standard","has-post-thumbnail","hentry","category-news","tag-ferien","tag-schnee","tag-wandern","tag-winter","tag-wintersport"],"episode_featured_image":"https:\/\/radiosummernight.ch\/upload\/2021\/11\/Design-ohne-Titel-21.jpg","episode_player_image":"https:\/\/radiosummernight.ch\/upload\/2021\/03\/Logo-RSN-Schwarz-300x300-Green.png","download_link":"","player_link":"","audio_player":false,"episode_data":{"playerMode":"light","subscribeUrls":{"apple_podcasts":{"key":"apple_podcasts","url":"https:\/\/podcasts.apple.com\/us\/podcast\/radio-summernight\/id1647787397?uo=4&itsct=podtail_podcasts&itscg=30200&ls=1&at=1001l39ag&ct=deutschepodcasts.de","label":"Apple Podcasts","class":"apple_podcasts","icon":"apple-podcasts.png"},"deezer":{"key":"deezer","url":"https:\/\/deezer.page.link\/NKiaDgyHm5ekBXsE7","label":"Deezer","class":"deezer","icon":"deezer.png"},"google_podcasts":{"key":"google_podcasts","url":"https:\/\/podcasts.google.com\/feed\/aHR0cHM6Ly9yYWRpb3N1bW1lcm5pZ2h0LmNoL2ZlZWQvcG9kY2FzdA?sa=X&ved=0CAMQ4aUDahcKEwj4gc2i0oP8AhUAAAAAHQAAAAAQAQ&hl=de-CH","label":"Google Podcasts","class":"google_podcasts","icon":"google-podcasts.png"},"podcast_de":{"key":"podcast_de","url":"https:\/\/www.podcast.de\/podcast\/3070299\/radio-summernight","label":"Podcast.de","class":"podcast_de","icon":"podcast-de.png"},"spotify":{"key":"spotify","url":"https:\/\/open.spotify.com\/show\/4DnvrNRnOIGTWoVH4yoIpC","label":"Spotify","class":"spotify","icon":"spotify.png"},"itunes":{"key":"itunes","url":"","label":"iTunes","class":"itunes","icon":"itunes.png"},"mytuner_radio":{"key":"mytuner_radio","url":"","label":"myTuner Radio","class":"mytuner_radio","icon":"mytuner-radio.png"}},"rssFeedUrl":"https:\/\/radiosummernight.ch\/fr\/feed\/podcast\/radio-summernight","embedCode":"<blockquote class=\"wp-embedded-content\" data-secret=\"37KiaSdzzZ\"><a href=\"https:\/\/radiosummernight.ch\/fr\/winterwandern-perspektivwechsel-in-der-kalten-jahreszeit\/\">Winterwandern Perspektivwechsel in der kalten Jahreszeit<\/a><\/blockquote><iframe sandbox=\"allow-scripts\" security=\"restricted\" src=\"https:\/\/radiosummernight.ch\/fr\/winterwandern-perspektivwechsel-in-der-kalten-jahreszeit\/embed\/#?secret=37KiaSdzzZ\" width=\"500\" height=\"350\" title=\"\u00ab\u00a0Winterwandern Perspektivwechsel in der kalten Jahreszeit\u00a0\u00bb &#8212; Radio Summernight\" data-secret=\"37KiaSdzzZ\" frameborder=\"0\" marginwidth=\"0\" marginheight=\"0\" scrolling=\"no\" class=\"wp-embedded-content\"><\/iframe><script type=\"text\/javascript\">\n\/* <![CDATA[ *\/\n\/*! This file is auto-generated *\/\n!function(d,l){\"use strict\";l.querySelector&&d.addEventListener&&\"undefined\"!=typeof URL&&(d.wp=d.wp||{},d.wp.receiveEmbedMessage||(d.wp.receiveEmbedMessage=function(e){var t=e.data;if((t||t.secret||t.message||t.value)&&!\/[^a-zA-Z0-9]\/.test(t.secret)){for(var s,r,n,a=l.querySelectorAll('iframe[data-secret=\"'+t.secret+'\"]'),o=l.querySelectorAll('blockquote[data-secret=\"'+t.secret+'\"]'),c=new RegExp(\"^https?:$\",\"i\"),i=0;i<o.length;i++)o[i].style.display=\"none\";for(i=0;i<a.length;i++)s=a[i],e.source===s.contentWindow&&(s.removeAttribute(\"style\"),\"height\"===t.message?(1e3<(r=parseInt(t.value,10))?r=1e3:~~r<200&&(r=200),s.height=r):\"link\"===t.message&&(r=new URL(s.getAttribute(\"src\")),n=new URL(t.value),c.test(n.protocol))&&n.host===r.host&&l.activeElement===s&&(d.top.location.href=t.value))}},d.addEventListener(\"message\",d.wp.receiveEmbedMessage,!1),l.addEventListener(\"DOMContentLoaded\",function(){for(var e,t,s=l.querySelectorAll(\"iframe.wp-embedded-content\"),r=0;r<s.length;r++)(t=(e=s[r]).getAttribute(\"data-secret\"))||(t=Math.random().toString(36).substring(2,12),e.src+=\"#?secret=\"+t,e.setAttribute(\"data-secret\",t)),e.contentWindow.postMessage({message:\"ready\",secret:t},\"*\")},!1)))}(window,document);\n\/\/# sourceURL=https:\/\/radiosummernight.ch\/includes\/js\/wp-embed.min.js\n\/* ]]> *\/\n<\/script>\n"},"_links":{"self":[{"href":"https:\/\/radiosummernight.ch\/fr\/wp-json\/wp\/v2\/posts\/7887","targetHints":{"allow":["GET"]}}],"collection":[{"href":"https:\/\/radiosummernight.ch\/fr\/wp-json\/wp\/v2\/posts"}],"about":[{"href":"https:\/\/radiosummernight.ch\/fr\/wp-json\/wp\/v2\/types\/post"}],"author":[{"embeddable":true,"href":"https:\/\/radiosummernight.ch\/fr\/wp-json\/wp\/v2\/users\/1"}],"replies":[{"embeddable":true,"href":"https:\/\/radiosummernight.ch\/fr\/wp-json\/wp\/v2\/comments?post=7887"}],"version-history":[{"count":0,"href":"https:\/\/radiosummernight.ch\/fr\/wp-json\/wp\/v2\/posts\/7887\/revisions"}],"wp:featuredmedia":[{"embeddable":true,"href":"https:\/\/radiosummernight.ch\/fr\/wp-json\/wp\/v2\/media\/7890"}],"wp:attachment":[{"href":"https:\/\/radiosummernight.ch\/fr\/wp-json\/wp\/v2\/media?parent=7887"}],"wp:term":[{"taxonomy":"category","embeddable":true,"href":"https:\/\/radiosummernight.ch\/fr\/wp-json\/wp\/v2\/categories?post=7887"},{"taxonomy":"post_tag","embeddable":true,"href":"https:\/\/radiosummernight.ch\/fr\/wp-json\/wp\/v2\/tags?post=7887"},{"taxonomy":"series","embeddable":true,"href":"https:\/\/radiosummernight.ch\/fr\/wp-json\/wp\/v2\/series?post=7887"}],"curies":[{"name":"wp","href":"https:\/\/api.w.org\/{rel}","templated":true}]}}