{"id":8021,"date":"2022-01-19T19:31:18","date_gmt":"2022-01-19T18:31:18","guid":{"rendered":"https:\/\/radiosummernight.ch\/?p=8021"},"modified":"2022-01-19T19:31:18","modified_gmt":"2022-01-19T18:31:18","slug":"nachhaltigere-ernaehrung-im-alltag","status":"publish","type":"post","link":"https:\/\/radiosummernight.ch\/fr\/nachhaltigere-ernaehrung-im-alltag\/","title":{"rendered":"Nachhaltigere Ern\u00e4hrung im Alltag &#8211;"},"content":{"rendered":"<div class=\"\" data-block=\"true\" data-editor=\"6oj20\" data-offset-key=\"8c28s-0-0\">\n<div class=\"public-DraftStyleDefault-block public-DraftStyleDefault-ltr\" data-offset-key=\"8c28s-0-0\"><span data-offset-key=\"8c28s-0-0\">Viele m\u00f6chten sich nicht nur <\/span><span id=\"decorator-corrected-entity-id-6\" data-entity-key=\"6\" data-offset-key=\"8c28s-1-0\"><span data-offset-key=\"8c28s-1-0\">ges\u00fcnder, sondern<\/span><\/span><span data-offset-key=\"8c28s-2-0\"> auch Nachhaltiger Ern\u00e4hren, doch wie geht das?<\/span><\/div>\n<\/div>\n<div class=\"\" data-block=\"true\" data-editor=\"6oj20\" data-offset-key=\"2kjg2-0-0\">\n<div class=\"public-DraftStyleDefault-block public-DraftStyleDefault-ltr\" data-offset-key=\"2kjg2-0-0\"><span data-offset-key=\"2kjg2-0-0\">\u00a0<\/span><\/div>\n<\/div>\n<div class=\"\" data-block=\"true\" data-editor=\"6oj20\" data-offset-key=\"da903-0-0\">\n<div class=\"public-DraftStyleDefault-block public-DraftStyleDefault-ltr\" data-offset-key=\"da903-0-0\"><span data-offset-key=\"da903-0-0\">Immer mehr Menschen machen sich Gedanken \u00fcber Nachhaltigkeit und fragen <\/span><span id=\"decorator-corrected-entity-id-10\" data-entity-key=\"10\" data-offset-key=\"da903-1-0\"><span data-offset-key=\"da903-1-0\">sich<\/span><\/span><span data-offset-key=\"da903-2-0\"> deshalb, woher ihre Lebensmittel kommen und welche Rolle die<\/span><\/div>\n<\/div>\n<div class=\"\" data-block=\"true\" data-editor=\"6oj20\" data-offset-key=\"dnei8-0-0\">\n<div class=\"public-DraftStyleDefault-block public-DraftStyleDefault-ltr\" data-offset-key=\"dnei8-0-0\"><span data-offset-key=\"dnei8-0-0\">Produktion spielt. Zu Recht. Wie ein nachhaltigerer Einkauf gelingen kann, dar\u00fcber hat sich unsere Redaktion <\/span><span id=\"decorator-corrected-entity-id-14\" data-entity-key=\"14\" data-offset-key=\"dnei8-1-0\"><span data-offset-key=\"dnei8-1-0\">informiert<\/span><\/span><span data-offset-key=\"dnei8-2-0\">. <\/span><\/div>\n<div data-offset-key=\"dnei8-0-0\"><\/div>\n<div class=\"public-DraftStyleDefault-block public-DraftStyleDefault-ltr\" data-offset-key=\"dnei8-0-0\"><span style=\"background-color: transparent;\" data-offset-key=\"doo81-0-0\">Nachhaltigkeit und bewusste Ern\u00e4hrung gehen mittlerweile Hand in Hand. Nicht nur auf die Inhaltsstoffe kommt es an, sondern auch, woher die Lebensmittel sind, wo sie produziert und wie sie verpackt werden. Wenn Du zum Beispiel an unverpacktes Obst und Gem\u00fcse <\/span><span id=\"decorator-corrected-entity-id-25\" style=\"background-color: transparent;\" data-entity-key=\"25\" data-offset-key=\"doo81-1-0\"><span data-offset-key=\"doo81-1-0\">denkst und<\/span><\/span><span style=\"background-color: transparent;\" data-offset-key=\"doo81-2-0\"> wir alle auf verpacktes Obst und Gem\u00fcse Verrichten, k\u00f6nnte jedes Jahr ca. 290 Tonnen Verpackung eingespart werden und damit macht es tats\u00e4chlich einen Unterschied. <\/span><span style=\"background-color: transparent;\">Mit jeder unverpackten Gurke, mit jeder unverpackten Zucchini sparen wir Verpackungsmengen ein. Trotzdem fragen sich viele Verbraucher, ob sie \u00fcberhaupt Einfluss nehmen k\u00f6nnen. Denn steht ein Produkt im Regal, ist die Produktion schon gelaufen, aber stimmt das wirklich? Macht das einen Unterschied, was ich einkaufe?<\/span><\/div>\n<\/div>\n<div class=\"\" data-block=\"true\" data-editor=\"6oj20\" data-offset-key=\"3n7r3-0-0\">\n<div class=\"public-DraftStyleDefault-block public-DraftStyleDefault-ltr\" data-offset-key=\"3n7r3-0-0\"><span data-offset-key=\"3n7r3-0-0\">\u00a0<\/span><\/div>\n<\/div>\n<div class=\"\" data-block=\"true\" data-editor=\"6oj20\" data-offset-key=\"7vamj-0-0\">\n<div class=\"public-DraftStyleDefault-block public-DraftStyleDefault-ltr\" data-offset-key=\"7vamj-0-0\"><span data-offset-key=\"7vamj-0-0\">Du alleine kannst in der Tat nichts bewirken, tats\u00e4chlich sind wir zusammen Millionen von Kunden, die jede Woche im Supermarkt einkaufen und in der Summe macht die Kaufentscheidung den Unterschied. Entscheidest du dich gegen <\/span><span id=\"decorator-corrected-entity-id-27\" data-entity-key=\"27\" data-offset-key=\"7vamj-1-0\"><span data-offset-key=\"7vamj-1-0\">Mangos, die<\/span><\/span><span data-offset-key=\"7vamj-2-0\"> eingeflogen wurden und viele weitere Kunden Kaufen ebenfalls keine Mangos mehr, so kauft der Supermarkt in Zukunft weniger Mangos ein. <\/span><span style=\"background-color: transparent;\" data-offset-key=\"8c28s-0-0\">F\u00fcr den Alltag gibt es schon jede Menge Tricks, den Einkauf nachhaltiger zu gestalten. Mit einem Einkaufszettel gewappnet kommt es zum Beispiel zu weniger Impulsk\u00e4ufen. Au\u00dferdem hilft eine gute Vorbereitung, wer sich vor dem Einkaufen die Rezepte \u00fcberlegt weiss <\/span><span style=\"background-color: transparent;\" data-offset-key=\"8c28s-2-0\">was er Kaufen muss und in welcher Menge. Beim Einkaufen nimmt man die Taschen selber mit und verwendet das Mehrweg-Frischenetz. W\u00e4hrend dem Einkaufen <\/span><span style=\"background-color: transparent;\" data-offset-key=\"8c28s-4-0\">kann man zum unverpackten Obst und Gem\u00fcse greifen und auf <\/span><span id=\"decorator-corrected-entity-id-36\" style=\"background-color: transparent;\" data-entity-key=\"36\" data-offset-key=\"8c28s-5-0\"><span data-offset-key=\"8c28s-5-0\">Produkte, die<\/span><\/span><span style=\"background-color: transparent;\" data-offset-key=\"8c28s-6-0\"> in wenig Verpackung sind. Leider sind oft Aktionen in Extra Verpackung, was die Umweltbilanz leider verschlechtert.<\/span><\/div>\n<div data-offset-key=\"7vamj-0-0\"><\/div>\n<\/div>\n<p><span data-offset-key=\"8c28s-0-0\"> Auch machen Bio-Produkte einen Unterschied und es gibt noch viele weitere Siegel f\u00fcr nachhaltigere Produkte, die Orientierung <\/span><span id=\"decorator-corrected-entity-id-40\" data-entity-key=\"40\" data-offset-key=\"8c28s-1-0\"><span data-offset-key=\"8c28s-1-0\">Bieten<\/span><\/span><span data-offset-key=\"8c28s-2-0\"> f\u00fcr den Kunden, sodass am Ende des Tages man auch ausgewogene Ern\u00e4hrung und nachhaltige Ern\u00e4hrung verbinden kann. Nachhaltigkeit ist auch bei Lebensmitteln ein gro\u00dfes Thema, da z\u00e4hlt jede einzelne Kaufentscheidung.<\/span><\/p>","protected":false},"excerpt":{"rendered":"<p>Viele m\u00f6chten sich nicht nur ges\u00fcnder, sondern auch Nachhaltiger Ern\u00e4hren, doch wie geht das? \u00a0 Immer mehr Menschen machen sich Gedanken \u00fcber Nachhaltigkeit und fragen sich deshalb, woher ihre Lebensmittel kommen und welche Rolle die Produktion spielt. Zu Recht. Wie ein nachhaltigerer Einkauf gelingen kann, dar\u00fcber hat sich unsere Redaktion informiert. Nachhaltigkeit und bewusste Ern\u00e4hrung&hellip; <br \/> <a class=\"read-more\" href=\"https:\/\/radiosummernight.ch\/fr\/nachhaltigere-ernaehrung-im-alltag\/\">Read more<\/a><\/p>","protected":false},"author":1,"featured_media":8023,"comment_status":"closed","ping_status":"closed","sticky":false,"template":"","format":"standard","meta":{"episode_type":"","audio_file":"","podmotor_file_id":"","podmotor_episode_id":"","cover_image":"","cover_image_id":"","duration":"","filesize":"","filesize_raw":"","date_recorded":"","explicit":"","block":"","itunes_episode_number":"","itunes_title":"","itunes_season_number":"","itunes_episode_type":"","footnotes":""},"categories":[186],"tags":[108,109,105,107,106],"series":[],"class_list":["post-8021","post","type-post","status-publish","format-standard","has-post-thumbnail","hentry","category-news","tag-alltag","tag-bio","tag-einkaufen","tag-nachhaltig","tag-umwelt"],"episode_featured_image":"https:\/\/radiosummernight.ch\/upload\/2022\/01\/Design-ohne-Titel-26.jpg","episode_player_image":"https:\/\/radiosummernight.ch\/upload\/2021\/03\/Logo-RSN-Schwarz-300x300-Green.png","download_link":"","player_link":"","audio_player":false,"episode_data":{"playerMode":"light","subscribeUrls":{"apple_podcasts":{"key":"apple_podcasts","url":"https:\/\/podcasts.apple.com\/us\/podcast\/radio-summernight\/id1647787397?uo=4&itsct=podtail_podcasts&itscg=30200&ls=1&at=1001l39ag&ct=deutschepodcasts.de","label":"Apple Podcasts","class":"apple_podcasts","icon":"apple-podcasts.png"},"deezer":{"key":"deezer","url":"https:\/\/deezer.page.link\/NKiaDgyHm5ekBXsE7","label":"Deezer","class":"deezer","icon":"deezer.png"},"google_podcasts":{"key":"google_podcasts","url":"https:\/\/podcasts.google.com\/feed\/aHR0cHM6Ly9yYWRpb3N1bW1lcm5pZ2h0LmNoL2ZlZWQvcG9kY2FzdA?sa=X&ved=0CAMQ4aUDahcKEwj4gc2i0oP8AhUAAAAAHQAAAAAQAQ&hl=de-CH","label":"Google Podcasts","class":"google_podcasts","icon":"google-podcasts.png"},"podcast_de":{"key":"podcast_de","url":"https:\/\/www.podcast.de\/podcast\/3070299\/radio-summernight","label":"Podcast.de","class":"podcast_de","icon":"podcast-de.png"},"spotify":{"key":"spotify","url":"https:\/\/open.spotify.com\/show\/4DnvrNRnOIGTWoVH4yoIpC","label":"Spotify","class":"spotify","icon":"spotify.png"},"itunes":{"key":"itunes","url":"","label":"iTunes","class":"itunes","icon":"itunes.png"},"mytuner_radio":{"key":"mytuner_radio","url":"","label":"myTuner Radio","class":"mytuner_radio","icon":"mytuner-radio.png"}},"rssFeedUrl":"https:\/\/radiosummernight.ch\/fr\/feed\/podcast\/radio-summernight","embedCode":"<blockquote class=\"wp-embedded-content\" data-secret=\"70z4BYAODj\"><a href=\"https:\/\/radiosummernight.ch\/fr\/nachhaltigere-ernaehrung-im-alltag\/\">Nachhaltigere Ern\u00e4hrung im Alltag &#8211;<\/a><\/blockquote><iframe sandbox=\"allow-scripts\" security=\"restricted\" src=\"https:\/\/radiosummernight.ch\/fr\/nachhaltigere-ernaehrung-im-alltag\/embed\/#?secret=70z4BYAODj\" width=\"500\" height=\"350\" title=\"\u00ab\u00a0Nachhaltigere Ern\u00e4hrung im Alltag &#8211;\u00a0\u00bb &#8212; Radio Summernight\" data-secret=\"70z4BYAODj\" frameborder=\"0\" marginwidth=\"0\" marginheight=\"0\" scrolling=\"no\" class=\"wp-embedded-content\"><\/iframe><script type=\"text\/javascript\">\n\/* <![CDATA[ *\/\n\/*! This file is auto-generated *\/\n!function(d,l){\"use strict\";l.querySelector&&d.addEventListener&&\"undefined\"!=typeof URL&&(d.wp=d.wp||{},d.wp.receiveEmbedMessage||(d.wp.receiveEmbedMessage=function(e){var t=e.data;if((t||t.secret||t.message||t.value)&&!\/[^a-zA-Z0-9]\/.test(t.secret)){for(var s,r,n,a=l.querySelectorAll('iframe[data-secret=\"'+t.secret+'\"]'),o=l.querySelectorAll('blockquote[data-secret=\"'+t.secret+'\"]'),c=new RegExp(\"^https?:$\",\"i\"),i=0;i<o.length;i++)o[i].style.display=\"none\";for(i=0;i<a.length;i++)s=a[i],e.source===s.contentWindow&&(s.removeAttribute(\"style\"),\"height\"===t.message?(1e3<(r=parseInt(t.value,10))?r=1e3:~~r<200&&(r=200),s.height=r):\"link\"===t.message&&(r=new URL(s.getAttribute(\"src\")),n=new URL(t.value),c.test(n.protocol))&&n.host===r.host&&l.activeElement===s&&(d.top.location.href=t.value))}},d.addEventListener(\"message\",d.wp.receiveEmbedMessage,!1),l.addEventListener(\"DOMContentLoaded\",function(){for(var e,t,s=l.querySelectorAll(\"iframe.wp-embedded-content\"),r=0;r<s.length;r++)(t=(e=s[r]).getAttribute(\"data-secret\"))||(t=Math.random().toString(36).substring(2,12),e.src+=\"#?secret=\"+t,e.setAttribute(\"data-secret\",t)),e.contentWindow.postMessage({message:\"ready\",secret:t},\"*\")},!1)))}(window,document);\n\/\/# sourceURL=https:\/\/radiosummernight.ch\/includes\/js\/wp-embed.min.js\n\/* ]]> *\/\n<\/script>\n"},"_links":{"self":[{"href":"https:\/\/radiosummernight.ch\/fr\/wp-json\/wp\/v2\/posts\/8021","targetHints":{"allow":["GET"]}}],"collection":[{"href":"https:\/\/radiosummernight.ch\/fr\/wp-json\/wp\/v2\/posts"}],"about":[{"href":"https:\/\/radiosummernight.ch\/fr\/wp-json\/wp\/v2\/types\/post"}],"author":[{"embeddable":true,"href":"https:\/\/radiosummernight.ch\/fr\/wp-json\/wp\/v2\/users\/1"}],"replies":[{"embeddable":true,"href":"https:\/\/radiosummernight.ch\/fr\/wp-json\/wp\/v2\/comments?post=8021"}],"version-history":[{"count":0,"href":"https:\/\/radiosummernight.ch\/fr\/wp-json\/wp\/v2\/posts\/8021\/revisions"}],"wp:featuredmedia":[{"embeddable":true,"href":"https:\/\/radiosummernight.ch\/fr\/wp-json\/wp\/v2\/media\/8023"}],"wp:attachment":[{"href":"https:\/\/radiosummernight.ch\/fr\/wp-json\/wp\/v2\/media?parent=8021"}],"wp:term":[{"taxonomy":"category","embeddable":true,"href":"https:\/\/radiosummernight.ch\/fr\/wp-json\/wp\/v2\/categories?post=8021"},{"taxonomy":"post_tag","embeddable":true,"href":"https:\/\/radiosummernight.ch\/fr\/wp-json\/wp\/v2\/tags?post=8021"},{"taxonomy":"series","embeddable":true,"href":"https:\/\/radiosummernight.ch\/fr\/wp-json\/wp\/v2\/series?post=8021"}],"curies":[{"name":"wp","href":"https:\/\/api.w.org\/{rel}","templated":true}]}}