{"id":8195,"date":"2022-03-12T18:17:34","date_gmt":"2022-03-12T17:17:34","guid":{"rendered":"https:\/\/radiosummernight.ch\/?p=8195"},"modified":"2022-03-12T18:17:34","modified_gmt":"2022-03-12T17:17:34","slug":"gzuz-rapper-muss-hinter-gitter","status":"publish","type":"post","link":"https:\/\/radiosummernight.ch\/fr\/gzuz-rapper-muss-hinter-gitter\/","title":{"rendered":"GZUZ: Rapper muss hinter Gitter"},"content":{"rendered":"<article class=\"cf artikel vor news\">\n<p class=\"lead\">Wegen mehrerer Vergehen verurteilte ihn das Gericht zu \u00fcber acht Monaten Haft und einer satten Geldstrafe.<\/p>\n<p><em><strong>(jah)\u00a0<\/strong> <\/em>&#8220;<i>Haarschnitt so wie ein Knacki<\/i>&#8220;: Diese Zeilen rappte\u00a0<a class=\"wort\" title=\"Gzuz\" href=\"https:\/\/www.laut.de\/artist\/12395\" target=\"_blank\" rel=\"noopener\">Gzuz<\/a>\u00a0Ende Februar im zuletzt ver\u00f6ffentlichten Song der\u00a0<a class=\"wort\" title=\"187 Strassenbande\" href=\"https:\/\/www.laut.de\/artist\/12090\" target=\"_blank\" rel=\"noopener\">187 Stra\u00dfenbande<\/a>\u00a0noch \u2013 nun werden sie Realit\u00e4t. Das Landgericht Hamburg hat den 33-j\u00e4hrigen Rapper zu einer Haftstrafe von acht Monaten und zwei Wochen verurteilt. Hinzu kommt eine Geldstrafe von insgesamt 414.000 Euro in 180 Tagess\u00e4tzen zu je 2.300 Euro.<\/p>\n<div id=\"aslot--de-desktop-04\" class=\"aslot aslot--intext\" data-google-query-id=\"CNXguZmHwfYCFWG0dwodgyEFLQ\">\n<div id=\"google_ads_iframe_\/33532245\/de-desktop-04_0__container__\"><\/div>\n<\/div>\n<p><b>Hauptanklage wegen K\u00f6rperverletzung<\/b><\/p>\n<p>Das Gericht sprach den Hamburger wegen eines Versto\u00dfes gegen das Sprengstoffgesetz, zweier Verst\u00f6\u00dfe gegen das Waffengesetz und K\u00f6rperverletzung schuldig. Bereits im Januar hatte Gzuz zugegeben, an Silvester 2018\/2019 mit einer Schreckschusspistole geschossen zu haben, sowie einen Teleskopschlagstock und eine Walter P99 mit Platzpatronen in seiner Wohnung offen gelagert zu haben. Auch den Schlag ins Gesicht einer Frau auf der Reeperbahn gestand er, erkl\u00e4rte jedoch er habe die Frau nur ausversehen verletzt, als er sie durch Wegschlagen des Handys davon abhalten wollte, ihn zu filmen.<\/p>\n<p>Das\u00a0<a class=\"vor\" title=\"Gzuz: 187-Rapper muss ins Gef\u00e4ngnis\" href=\"https:\/\/www.laut.de\/news\/17385\" target=\"_blank\" rel=\"noopener\">urspr\u00fcngliche Urteil<\/a>\u00a0von September 2020, das 18 Monate Haft und eine Geldstrafe von \u00fcber einer halben Million Euro umfasste, hatte Gzuz angefochten. In der Neuauflage des Prozesses wurde die Anklage wegen versuchten Diebstahls einer Sauerstoffflasche aus einem Rettungswagen fallen gelassen. Auch der urspr\u00fcnglich angeklagte Drogenbesitz konnte nicht zweifelsfrei bewiesen werden. Gzuz erkl\u00e4rte, die in seiner Wohnung gefundenen Drogen w\u00fcrden nicht ihm geh\u00f6ren, sondern einem Freund, der zu der Zeit in der Wohnung untergekommen sei.<\/p>\n<p><b>Rapper zeigt Reue<\/b><\/p>\n<p>W\u00e4hrend der vergangenen Verhandlungen hatte Gzuz, b\u00fcrgerlich Kristoffer Jonas Klau\u00df, immer wieder verlauten lassen, man m\u00fcsse die Kunstfigur Gzuz von ihm als Menschen trennen. Zudem entschuldigte er sich f\u00fcr einige seiner Taten, auch gegen\u00fcber der verletzten Frau habe er mehrmals sein Bedauern ausgedr\u00fcckt und ihr ein Schmerzensgeld von 500 Euro gezahlt. In seinen letzten Worten des aktuellen Prozesses versprach er Besserung: &#8220;<i>Ich werde keine Straftaten mehr begehen. Ich bin nicht mehr der Mann, der ich damals war.<\/i>&#8221; wird er vom NDR zitiert. Rechtskr\u00e4ftig ist das Urteil nicht, seine Anw\u00e4lte k\u00f6nnen noch Revision einlegen.<\/p>\n<p><iframe loading=\"lazy\" title=\"YouTube video player\" src=\"https:\/\/www.youtube-nocookie.com\/embed\/yoYMXBvOo8w\" width=\"479\" height=\"315\" frameborder=\"0\" allowfullscreen=\"allowfullscreen\" data-mce-fragment=\"1\"><\/iframe><\/p>\n<\/article>\n<section class=\"weiterlesen\">\n<h2 class=\"tab\"><\/h2>\n<article class=\"teaser cf vor\">\n<p class=\"teasertitel\">Mehr davon auf <a href=\"https:\/\/laut.de\" target=\"_blank\" rel=\"noopener\">laut.de<\/a><\/p>\n<\/article>\n<\/section>","protected":false},"excerpt":{"rendered":"<p>Wegen mehrerer Vergehen verurteilte ihn das Gericht zu \u00fcber acht Monaten Haft und einer satten Geldstrafe. (jah)\u00a0 &#8220;Haarschnitt so wie ein Knacki&#8220;: Diese Zeilen rappte\u00a0Gzuz\u00a0Ende Februar im zuletzt ver\u00f6ffentlichten Song der\u00a0187 Stra\u00dfenbande\u00a0noch \u2013 nun werden sie Realit\u00e4t. Das Landgericht Hamburg hat den 33-j\u00e4hrigen Rapper zu einer Haftstrafe von acht Monaten und zwei Wochen verurteilt. Hinzu&hellip; <br \/> <a class=\"read-more\" href=\"https:\/\/radiosummernight.ch\/fr\/gzuz-rapper-muss-hinter-gitter\/\">Read more<\/a><\/p>","protected":false},"author":1,"featured_media":8198,"comment_status":"closed","ping_status":"closed","sticky":false,"template":"","format":"standard","meta":{"episode_type":"","audio_file":"","podmotor_file_id":"","podmotor_episode_id":"","cover_image":"","cover_image_id":"","duration":"","filesize":"","filesize_raw":"","date_recorded":"","explicit":"","block":"","itunes_episode_number":"","itunes_title":"","itunes_season_number":"","itunes_episode_type":"","footnotes":""},"categories":[186],"tags":[133,132,114],"series":[],"class_list":["post-8195","post","type-post","status-publish","format-standard","has-post-thumbnail","hentry","category-news","tag-gitter","tag-gzuz","tag-rapper"],"episode_featured_image":"https:\/\/radiosummernight.ch\/upload\/2022\/03\/Design-ohne-Titel-34.jpg","episode_player_image":"https:\/\/radiosummernight.ch\/upload\/2021\/03\/Logo-RSN-Schwarz-300x300-Green.png","download_link":"","player_link":"","audio_player":false,"episode_data":{"playerMode":"light","subscribeUrls":{"apple_podcasts":{"key":"apple_podcasts","url":"https:\/\/podcasts.apple.com\/us\/podcast\/radio-summernight\/id1647787397?uo=4&itsct=podtail_podcasts&itscg=30200&ls=1&at=1001l39ag&ct=deutschepodcasts.de","label":"Apple Podcasts","class":"apple_podcasts","icon":"apple-podcasts.png"},"deezer":{"key":"deezer","url":"https:\/\/deezer.page.link\/NKiaDgyHm5ekBXsE7","label":"Deezer","class":"deezer","icon":"deezer.png"},"google_podcasts":{"key":"google_podcasts","url":"https:\/\/podcasts.google.com\/feed\/aHR0cHM6Ly9yYWRpb3N1bW1lcm5pZ2h0LmNoL2ZlZWQvcG9kY2FzdA?sa=X&ved=0CAMQ4aUDahcKEwj4gc2i0oP8AhUAAAAAHQAAAAAQAQ&hl=de-CH","label":"Google Podcasts","class":"google_podcasts","icon":"google-podcasts.png"},"podcast_de":{"key":"podcast_de","url":"https:\/\/www.podcast.de\/podcast\/3070299\/radio-summernight","label":"Podcast.de","class":"podcast_de","icon":"podcast-de.png"},"spotify":{"key":"spotify","url":"https:\/\/open.spotify.com\/show\/4DnvrNRnOIGTWoVH4yoIpC","label":"Spotify","class":"spotify","icon":"spotify.png"},"itunes":{"key":"itunes","url":"","label":"iTunes","class":"itunes","icon":"itunes.png"},"mytuner_radio":{"key":"mytuner_radio","url":"","label":"myTuner Radio","class":"mytuner_radio","icon":"mytuner-radio.png"}},"rssFeedUrl":"https:\/\/radiosummernight.ch\/fr\/feed\/podcast\/radio-summernight","embedCode":"<blockquote class=\"wp-embedded-content\" data-secret=\"wbs1E0b0bA\"><a href=\"https:\/\/radiosummernight.ch\/fr\/gzuz-rapper-muss-hinter-gitter\/\">GZUZ: Rapper muss hinter Gitter<\/a><\/blockquote><iframe sandbox=\"allow-scripts\" security=\"restricted\" src=\"https:\/\/radiosummernight.ch\/fr\/gzuz-rapper-muss-hinter-gitter\/embed\/#?secret=wbs1E0b0bA\" width=\"500\" height=\"350\" title=\"\u00ab\u00a0GZUZ: Rapper muss hinter Gitter\u00a0\u00bb &#8212; Radio Summernight\" data-secret=\"wbs1E0b0bA\" frameborder=\"0\" marginwidth=\"0\" marginheight=\"0\" scrolling=\"no\" class=\"wp-embedded-content\"><\/iframe><script type=\"text\/javascript\">\n\/* <![CDATA[ *\/\n\/*! This file is auto-generated *\/\n!function(d,l){\"use strict\";l.querySelector&&d.addEventListener&&\"undefined\"!=typeof URL&&(d.wp=d.wp||{},d.wp.receiveEmbedMessage||(d.wp.receiveEmbedMessage=function(e){var t=e.data;if((t||t.secret||t.message||t.value)&&!\/[^a-zA-Z0-9]\/.test(t.secret)){for(var s,r,n,a=l.querySelectorAll('iframe[data-secret=\"'+t.secret+'\"]'),o=l.querySelectorAll('blockquote[data-secret=\"'+t.secret+'\"]'),c=new RegExp(\"^https?:$\",\"i\"),i=0;i<o.length;i++)o[i].style.display=\"none\";for(i=0;i<a.length;i++)s=a[i],e.source===s.contentWindow&&(s.removeAttribute(\"style\"),\"height\"===t.message?(1e3<(r=parseInt(t.value,10))?r=1e3:~~r<200&&(r=200),s.height=r):\"link\"===t.message&&(r=new URL(s.getAttribute(\"src\")),n=new URL(t.value),c.test(n.protocol))&&n.host===r.host&&l.activeElement===s&&(d.top.location.href=t.value))}},d.addEventListener(\"message\",d.wp.receiveEmbedMessage,!1),l.addEventListener(\"DOMContentLoaded\",function(){for(var e,t,s=l.querySelectorAll(\"iframe.wp-embedded-content\"),r=0;r<s.length;r++)(t=(e=s[r]).getAttribute(\"data-secret\"))||(t=Math.random().toString(36).substring(2,12),e.src+=\"#?secret=\"+t,e.setAttribute(\"data-secret\",t)),e.contentWindow.postMessage({message:\"ready\",secret:t},\"*\")},!1)))}(window,document);\n\/\/# sourceURL=https:\/\/radiosummernight.ch\/includes\/js\/wp-embed.min.js\n\/* ]]> *\/\n<\/script>\n"},"_links":{"self":[{"href":"https:\/\/radiosummernight.ch\/fr\/wp-json\/wp\/v2\/posts\/8195","targetHints":{"allow":["GET"]}}],"collection":[{"href":"https:\/\/radiosummernight.ch\/fr\/wp-json\/wp\/v2\/posts"}],"about":[{"href":"https:\/\/radiosummernight.ch\/fr\/wp-json\/wp\/v2\/types\/post"}],"author":[{"embeddable":true,"href":"https:\/\/radiosummernight.ch\/fr\/wp-json\/wp\/v2\/users\/1"}],"replies":[{"embeddable":true,"href":"https:\/\/radiosummernight.ch\/fr\/wp-json\/wp\/v2\/comments?post=8195"}],"version-history":[{"count":0,"href":"https:\/\/radiosummernight.ch\/fr\/wp-json\/wp\/v2\/posts\/8195\/revisions"}],"wp:featuredmedia":[{"embeddable":true,"href":"https:\/\/radiosummernight.ch\/fr\/wp-json\/wp\/v2\/media\/8198"}],"wp:attachment":[{"href":"https:\/\/radiosummernight.ch\/fr\/wp-json\/wp\/v2\/media?parent=8195"}],"wp:term":[{"taxonomy":"category","embeddable":true,"href":"https:\/\/radiosummernight.ch\/fr\/wp-json\/wp\/v2\/categories?post=8195"},{"taxonomy":"post_tag","embeddable":true,"href":"https:\/\/radiosummernight.ch\/fr\/wp-json\/wp\/v2\/tags?post=8195"},{"taxonomy":"series","embeddable":true,"href":"https:\/\/radiosummernight.ch\/fr\/wp-json\/wp\/v2\/series?post=8195"}],"curies":[{"name":"wp","href":"https:\/\/api.w.org\/{rel}","templated":true}]}}