{"id":888,"date":"2018-07-27T20:01:03","date_gmt":"2018-07-27T20:01:03","guid":{"rendered":"https:\/\/radiosummernight.ch\/?p=888"},"modified":"2018-07-27T20:02:30","modified_gmt":"2018-07-27T20:02:30","slug":"die-ersten-zwei-tage-auf-dem-tomorrowland","status":"publish","type":"post","link":"https:\/\/radiosummernight.ch\/fr\/die-ersten-zwei-tage-auf-dem-tomorrowland\/","title":{"rendered":"Die ersten zwei Tage auf dem Tomorrowland"},"content":{"rendered":"<p>Wie bereits angek\u00fcndigt kommen in den n\u00e4chsten Tagen nun Berichte \u00fcber eines der gr\u00f6\u00dften Festival auf der Welt. Heute erz\u00e4hle ich euch vom 19 und 20 Juli.<\/p>\n<p><img loading=\"lazy\" decoding=\"async\" class=\"aligncenter size-medium wp-image-896\" src=\"https:\/\/radiosummernight.ch\/upload\/2018\/07\/IMG-20180719-WA0059-300x169.jpeg\" alt=\"\" width=\"300\" height=\"169\" title=\"\" srcset=\"https:\/\/radiosummernight.ch\/upload\/2018\/07\/IMG-20180719-WA0059-300x169.jpeg 300w, https:\/\/radiosummernight.ch\/upload\/2018\/07\/IMG-20180719-WA0059-600x338.jpeg 600w, https:\/\/radiosummernight.ch\/upload\/2018\/07\/IMG-20180719-WA0059-768x432.jpeg 768w, https:\/\/radiosummernight.ch\/upload\/2018\/07\/IMG-20180719-WA0059-1024x576.jpeg 1024w, https:\/\/radiosummernight.ch\/upload\/2018\/07\/IMG-20180719-WA0059-320x180.jpeg 320w, https:\/\/radiosummernight.ch\/upload\/2018\/07\/IMG-20180719-WA0059-640x360.jpeg 640w, https:\/\/radiosummernight.ch\/upload\/2018\/07\/IMG-20180719-WA0059-360x203.jpeg 360w, https:\/\/radiosummernight.ch\/upload\/2018\/07\/IMG-20180719-WA0059-720x405.jpeg 720w, https:\/\/radiosummernight.ch\/upload\/2018\/07\/IMG-20180719-WA0059-1080x608.jpeg 1080w, https:\/\/radiosummernight.ch\/upload\/2018\/07\/IMG-20180719-WA0059-800x450.jpeg 800w, https:\/\/radiosummernight.ch\/upload\/2018\/07\/IMG-20180719-WA0059-1280x720.jpeg 1280w, https:\/\/radiosummernight.ch\/upload\/2018\/07\/IMG-20180719-WA0059-1920x1080.jpeg 1920w\" sizes=\"auto, (max-width: 300px) 100vw, 300px\" \/><\/p>\n<p style=\"text-align: left;\">19.07: Endlich in Dreamville!\u00a0 Das ist der gro\u00dfe Campingplatz auf dem Tomorrowland selber. Dort bekamen wir ein Zelt zugeteilt wo wir f\u00fcr die restlichen 3 Tag unterkamen.<\/p>\n<p>\u00a0<strong><img loading=\"lazy\" decoding=\"async\" class=\"aligncenter size-medium wp-image-889\" src=\"https:\/\/radiosummernight.ch\/upload\/2018\/07\/20180719_142345-300x225.jpg\" alt=\"\" width=\"300\" height=\"225\" title=\"\"><\/strong>Es war relativ gro\u00df und ger\u00e4umig . Da es ein Easy Tent ist, war alles schon bereits aufgebaut und ausgestattet mit einer Luftmatratze, einem Spiegel, einer Lampe, zwei Schlafs\u00e4cken und einem Schloss.<\/p>\n<p>&nbsp;<\/p>\n<p><img loading=\"lazy\" decoding=\"async\" class=\"aligncenter size-medium wp-image-890\" src=\"https:\/\/radiosummernight.ch\/upload\/2018\/07\/20180719_144032-e1532720469450-225x300.jpg\" alt=\"\" width=\"225\" height=\"300\" title=\"\" srcset=\"https:\/\/radiosummernight.ch\/upload\/2018\/07\/20180719_144032-e1532720469450-225x300.jpg 225w, https:\/\/radiosummernight.ch\/upload\/2018\/07\/20180719_144032-e1532720469450-600x800.jpg 600w, https:\/\/radiosummernight.ch\/upload\/2018\/07\/20180719_144032-e1532720469450-768x1024.jpg 768w, https:\/\/radiosummernight.ch\/upload\/2018\/07\/20180719_144032-e1532720469450-320x427.jpg 320w, https:\/\/radiosummernight.ch\/upload\/2018\/07\/20180719_144032-e1532720469450-640x853.jpg 640w, https:\/\/radiosummernight.ch\/upload\/2018\/07\/20180719_144032-e1532720469450-360x480.jpg 360w, https:\/\/radiosummernight.ch\/upload\/2018\/07\/20180719_144032-e1532720469450-720x960.jpg 720w, https:\/\/radiosummernight.ch\/upload\/2018\/07\/20180719_144032-e1532720469450-1080x1440.jpg 1080w, https:\/\/radiosummernight.ch\/upload\/2018\/07\/20180719_144032-e1532720469450-800x1067.jpg 800w, https:\/\/radiosummernight.ch\/upload\/2018\/07\/20180719_144032-e1532720469450-1024x1365.jpg 1024w, https:\/\/radiosummernight.ch\/upload\/2018\/07\/20180719_144032-e1532720469450-1280x1707.jpg 1280w, https:\/\/radiosummernight.ch\/upload\/2018\/07\/20180719_144032-e1532720469450-810x1080.jpg 810w, https:\/\/radiosummernight.ch\/upload\/2018\/07\/20180719_144032-e1532720469450-scaled.jpg 1920w\" sizes=\"auto, (max-width: 225px) 100vw, 225px\" \/><\/p>\n<p>Weiter zog es uns auf den gro\u00dfem Marktplatz wo auch Abends unsere Pre Party &#8220;The Gathering&#8221; stattfand.<\/p>\n<p>&nbsp;<\/p>\n<div id=\"attachment_895\" style=\"width: 310px\" class=\"wp-caption aligncenter\"><img loading=\"lazy\" decoding=\"async\" aria-describedby=\"caption-attachment-895\" class=\"wp-image-895 size-medium\" src=\"https:\/\/radiosummernight.ch\/upload\/2018\/07\/IMG-20180719-WA0065-300x169.jpeg\" alt=\"\" width=\"300\" height=\"169\" title=\"\" srcset=\"https:\/\/radiosummernight.ch\/upload\/2018\/07\/IMG-20180719-WA0065-300x169.jpeg 300w, https:\/\/radiosummernight.ch\/upload\/2018\/07\/IMG-20180719-WA0065-600x338.jpeg 600w, https:\/\/radiosummernight.ch\/upload\/2018\/07\/IMG-20180719-WA0065-768x432.jpeg 768w, https:\/\/radiosummernight.ch\/upload\/2018\/07\/IMG-20180719-WA0065-1024x576.jpeg 1024w, https:\/\/radiosummernight.ch\/upload\/2018\/07\/IMG-20180719-WA0065-320x180.jpeg 320w, https:\/\/radiosummernight.ch\/upload\/2018\/07\/IMG-20180719-WA0065-640x360.jpeg 640w, https:\/\/radiosummernight.ch\/upload\/2018\/07\/IMG-20180719-WA0065-360x203.jpeg 360w, https:\/\/radiosummernight.ch\/upload\/2018\/07\/IMG-20180719-WA0065-720x405.jpeg 720w, https:\/\/radiosummernight.ch\/upload\/2018\/07\/IMG-20180719-WA0065-1080x608.jpeg 1080w, https:\/\/radiosummernight.ch\/upload\/2018\/07\/IMG-20180719-WA0065-800x450.jpeg 800w, https:\/\/radiosummernight.ch\/upload\/2018\/07\/IMG-20180719-WA0065-1280x720.jpeg 1280w, https:\/\/radiosummernight.ch\/upload\/2018\/07\/IMG-20180719-WA0065-1920x1080.jpeg 1920w\" sizes=\"auto, (max-width: 300px) 100vw, 300px\" \/><p id=\"caption-attachment-895\" class=\"wp-caption-text\">Boutique auf dem Marktplatz.<\/p><\/div>\n<div id=\"attachment_897\" style=\"width: 310px\" class=\"wp-caption aligncenter\"><img loading=\"lazy\" decoding=\"async\" aria-describedby=\"caption-attachment-897\" class=\"size-medium wp-image-897\" src=\"https:\/\/radiosummernight.ch\/upload\/2018\/07\/IMG-20180720-WA0058-300x169.jpeg\" alt=\"\" width=\"300\" height=\"169\" title=\"\" srcset=\"https:\/\/radiosummernight.ch\/upload\/2018\/07\/IMG-20180720-WA0058-300x169.jpeg 300w, https:\/\/radiosummernight.ch\/upload\/2018\/07\/IMG-20180720-WA0058-600x338.jpeg 600w, https:\/\/radiosummernight.ch\/upload\/2018\/07\/IMG-20180720-WA0058-768x432.jpeg 768w, https:\/\/radiosummernight.ch\/upload\/2018\/07\/IMG-20180720-WA0058-1024x576.jpeg 1024w, https:\/\/radiosummernight.ch\/upload\/2018\/07\/IMG-20180720-WA0058-320x180.jpeg 320w, https:\/\/radiosummernight.ch\/upload\/2018\/07\/IMG-20180720-WA0058-640x360.jpeg 640w, https:\/\/radiosummernight.ch\/upload\/2018\/07\/IMG-20180720-WA0058-360x203.jpeg 360w, https:\/\/radiosummernight.ch\/upload\/2018\/07\/IMG-20180720-WA0058-720x405.jpeg 720w, https:\/\/radiosummernight.ch\/upload\/2018\/07\/IMG-20180720-WA0058-1080x608.jpeg 1080w, https:\/\/radiosummernight.ch\/upload\/2018\/07\/IMG-20180720-WA0058-800x450.jpeg 800w, https:\/\/radiosummernight.ch\/upload\/2018\/07\/IMG-20180720-WA0058-1280x720.jpeg 1280w, https:\/\/radiosummernight.ch\/upload\/2018\/07\/IMG-20180720-WA0058-1920x1080.jpeg 1920w\" sizes=\"auto, (max-width: 300px) 100vw, 300px\" \/><p id=\"caption-attachment-897\" class=\"wp-caption-text\">The Gathering<\/p><\/div>\n<p>&nbsp;<\/p>\n<p style=\"text-align: left;\">20.07: Der erste Tag auf dem Festival selber. Es war eine harmonische und super gute Stimmung. Gleich als erstes sahen wir die Mainstage ( die Hauptb\u00fchne ).<\/p>\n<p><img loading=\"lazy\" decoding=\"async\" class=\"aligncenter size-medium wp-image-893\" src=\"https:\/\/radiosummernight.ch\/upload\/2018\/07\/20180721_185632-300x225.jpg\" alt=\"\" width=\"300\" height=\"225\" title=\"\" srcset=\"https:\/\/radiosummernight.ch\/upload\/2018\/07\/20180721_185632-300x225.jpg 300w, https:\/\/radiosummernight.ch\/upload\/2018\/07\/20180721_185632-scaled-600x450.jpg 600w, https:\/\/radiosummernight.ch\/upload\/2018\/07\/20180721_185632-1024x768.jpg 1024w, https:\/\/radiosummernight.ch\/upload\/2018\/07\/20180721_185632-768x576.jpg 768w, https:\/\/radiosummernight.ch\/upload\/2018\/07\/20180721_185632-1536x1152.jpg 1536w, https:\/\/radiosummernight.ch\/upload\/2018\/07\/20180721_185632-2048x1536.jpg 2048w, https:\/\/radiosummernight.ch\/upload\/2018\/07\/20180721_185632-1440x1080.jpg 1440w\" sizes=\"auto, (max-width: 300px) 100vw, 300px\" \/><\/p>\n<p style=\"text-align: left;\">Es war einfach gigantisch! Die Bildschirme haben einen glauben lassen, in ein riesiges Aquarium hinein zu schauen. Doch das war noch lange nicht alles. Die ganzen Details im hellen und die Beleuchtung in der Nacht, verschafften dem ganzen eine stimmungsvolle Atmosph\u00e4re.<\/p>\n<p>Gegen Abend hatten wir auch alle B\u00fchnen einmal zu Gesicht bekommen . Diese werdet ihr im n\u00e4chsten Teil zusehen bekommen. Lasst es euch nicht entgehen!<\/p>\n<p>&nbsp;<\/p>","protected":false},"excerpt":{"rendered":"<p>Wie bereits angek\u00fcndigt kommen in den n\u00e4chsten Tagen nun Berichte \u00fcber eines der gr\u00f6\u00dften Festival auf der Welt. Heute erz\u00e4hle ich euch vom 19 und 20 Juli. 19.07: Endlich in Dreamville!\u00a0 Das ist der gro\u00dfe Campingplatz auf dem Tomorrowland selber. Dort bekamen wir ein Zelt zugeteilt wo wir f\u00fcr die restlichen 3 Tag unterkamen. \u00a0Es&hellip; <br \/> <a class=\"read-more\" href=\"https:\/\/radiosummernight.ch\/fr\/die-ersten-zwei-tage-auf-dem-tomorrowland\/\">Read more<\/a><\/p>","protected":false},"author":1,"featured_media":821,"comment_status":"open","ping_status":"open","sticky":false,"template":"","format":"standard","meta":{"episode_type":"","audio_file":"","podmotor_file_id":"","podmotor_episode_id":"","cover_image":"","cover_image_id":"","duration":"","filesize":"","filesize_raw":"","date_recorded":"","explicit":"","block":"","itunes_episode_number":"","itunes_title":"","itunes_season_number":"","itunes_episode_type":"","footnotes":""},"categories":[5],"tags":[8,10,14,7],"series":[],"class_list":["post-888","post","type-post","status-publish","format-standard","has-post-thumbnail","hentry","category-events","tag-edm","tag-festival","tag-music","tag-tomorrowland"],"episode_featured_image":"https:\/\/radiosummernight.ch\/upload\/2018\/07\/Snap-2017-10-23-at-16.20.33.png","episode_player_image":"https:\/\/radiosummernight.ch\/upload\/2021\/03\/Logo-RSN-Schwarz-300x300-Green.png","download_link":"","player_link":"","audio_player":false,"episode_data":{"playerMode":"light","subscribeUrls":{"apple_podcasts":{"key":"apple_podcasts","url":"https:\/\/podcasts.apple.com\/us\/podcast\/radio-summernight\/id1647787397?uo=4&itsct=podtail_podcasts&itscg=30200&ls=1&at=1001l39ag&ct=deutschepodcasts.de","label":"Apple Podcasts","class":"apple_podcasts","icon":"apple-podcasts.png"},"deezer":{"key":"deezer","url":"https:\/\/deezer.page.link\/NKiaDgyHm5ekBXsE7","label":"Deezer","class":"deezer","icon":"deezer.png"},"google_podcasts":{"key":"google_podcasts","url":"https:\/\/podcasts.google.com\/feed\/aHR0cHM6Ly9yYWRpb3N1bW1lcm5pZ2h0LmNoL2ZlZWQvcG9kY2FzdA?sa=X&ved=0CAMQ4aUDahcKEwj4gc2i0oP8AhUAAAAAHQAAAAAQAQ&hl=de-CH","label":"Google Podcasts","class":"google_podcasts","icon":"google-podcasts.png"},"podcast_de":{"key":"podcast_de","url":"https:\/\/www.podcast.de\/podcast\/3070299\/radio-summernight","label":"Podcast.de","class":"podcast_de","icon":"podcast-de.png"},"spotify":{"key":"spotify","url":"https:\/\/open.spotify.com\/show\/4DnvrNRnOIGTWoVH4yoIpC","label":"Spotify","class":"spotify","icon":"spotify.png"},"itunes":{"key":"itunes","url":"","label":"iTunes","class":"itunes","icon":"itunes.png"},"mytuner_radio":{"key":"mytuner_radio","url":"","label":"myTuner Radio","class":"mytuner_radio","icon":"mytuner-radio.png"}},"rssFeedUrl":"https:\/\/radiosummernight.ch\/fr\/feed\/podcast\/radio-summernight","embedCode":"<blockquote class=\"wp-embedded-content\" data-secret=\"XO8T0a2Dlw\"><a href=\"https:\/\/radiosummernight.ch\/fr\/die-ersten-zwei-tage-auf-dem-tomorrowland\/\">Die ersten zwei Tage auf dem Tomorrowland<\/a><\/blockquote><iframe sandbox=\"allow-scripts\" security=\"restricted\" src=\"https:\/\/radiosummernight.ch\/fr\/die-ersten-zwei-tage-auf-dem-tomorrowland\/embed\/#?secret=XO8T0a2Dlw\" width=\"500\" height=\"350\" title=\"\u00ab\u00a0Die ersten zwei Tage auf dem Tomorrowland\u00a0\u00bb &#8212; Radio Summernight\" data-secret=\"XO8T0a2Dlw\" frameborder=\"0\" marginwidth=\"0\" marginheight=\"0\" scrolling=\"no\" class=\"wp-embedded-content\"><\/iframe><script type=\"text\/javascript\">\n\/* <![CDATA[ *\/\n\/*! This file is auto-generated *\/\n!function(d,l){\"use strict\";l.querySelector&&d.addEventListener&&\"undefined\"!=typeof URL&&(d.wp=d.wp||{},d.wp.receiveEmbedMessage||(d.wp.receiveEmbedMessage=function(e){var t=e.data;if((t||t.secret||t.message||t.value)&&!\/[^a-zA-Z0-9]\/.test(t.secret)){for(var s,r,n,a=l.querySelectorAll('iframe[data-secret=\"'+t.secret+'\"]'),o=l.querySelectorAll('blockquote[data-secret=\"'+t.secret+'\"]'),c=new RegExp(\"^https?:$\",\"i\"),i=0;i<o.length;i++)o[i].style.display=\"none\";for(i=0;i<a.length;i++)s=a[i],e.source===s.contentWindow&&(s.removeAttribute(\"style\"),\"height\"===t.message?(1e3<(r=parseInt(t.value,10))?r=1e3:~~r<200&&(r=200),s.height=r):\"link\"===t.message&&(r=new URL(s.getAttribute(\"src\")),n=new URL(t.value),c.test(n.protocol))&&n.host===r.host&&l.activeElement===s&&(d.top.location.href=t.value))}},d.addEventListener(\"message\",d.wp.receiveEmbedMessage,!1),l.addEventListener(\"DOMContentLoaded\",function(){for(var e,t,s=l.querySelectorAll(\"iframe.wp-embedded-content\"),r=0;r<s.length;r++)(t=(e=s[r]).getAttribute(\"data-secret\"))||(t=Math.random().toString(36).substring(2,12),e.src+=\"#?secret=\"+t,e.setAttribute(\"data-secret\",t)),e.contentWindow.postMessage({message:\"ready\",secret:t},\"*\")},!1)))}(window,document);\n\/\/# sourceURL=https:\/\/radiosummernight.ch\/includes\/js\/wp-embed.min.js\n\/* ]]> *\/\n<\/script>\n"},"_links":{"self":[{"href":"https:\/\/radiosummernight.ch\/fr\/wp-json\/wp\/v2\/posts\/888","targetHints":{"allow":["GET"]}}],"collection":[{"href":"https:\/\/radiosummernight.ch\/fr\/wp-json\/wp\/v2\/posts"}],"about":[{"href":"https:\/\/radiosummernight.ch\/fr\/wp-json\/wp\/v2\/types\/post"}],"author":[{"embeddable":true,"href":"https:\/\/radiosummernight.ch\/fr\/wp-json\/wp\/v2\/users\/1"}],"replies":[{"embeddable":true,"href":"https:\/\/radiosummernight.ch\/fr\/wp-json\/wp\/v2\/comments?post=888"}],"version-history":[{"count":0,"href":"https:\/\/radiosummernight.ch\/fr\/wp-json\/wp\/v2\/posts\/888\/revisions"}],"wp:featuredmedia":[{"embeddable":true,"href":"https:\/\/radiosummernight.ch\/fr\/wp-json\/wp\/v2\/media\/821"}],"wp:attachment":[{"href":"https:\/\/radiosummernight.ch\/fr\/wp-json\/wp\/v2\/media?parent=888"}],"wp:term":[{"taxonomy":"category","embeddable":true,"href":"https:\/\/radiosummernight.ch\/fr\/wp-json\/wp\/v2\/categories?post=888"},{"taxonomy":"post_tag","embeddable":true,"href":"https:\/\/radiosummernight.ch\/fr\/wp-json\/wp\/v2\/tags?post=888"},{"taxonomy":"series","embeddable":true,"href":"https:\/\/radiosummernight.ch\/fr\/wp-json\/wp\/v2\/series?post=888"}],"curies":[{"name":"wp","href":"https:\/\/api.w.org\/{rel}","templated":true}]}}