{"id":9307,"date":"2022-09-28T20:54:06","date_gmt":"2022-09-28T18:54:06","guid":{"rendered":"https:\/\/radiosummernight.ch\/?p=9307"},"modified":"2023-04-20T09:19:09","modified_gmt":"2023-04-20T07:19:09","slug":"praemienschock-im-jahr-2023","status":"publish","type":"post","link":"https:\/\/radiosummernight.ch\/fr\/praemienschock-im-jahr-2023\/","title":{"rendered":"Pr\u00e4mienschock im Jahr 2023"},"content":{"rendered":"<p>Nach 4 Jahren Stabilit\u00e4t steigen die Krankenkassenpr\u00e4mien um satte 6.6%, einen solch hohen Anstieg erlebten wir zuletzt 2010.<\/p>\n<p>Grund daf\u00fcr sind vor allem die durch die Covid 19 Pandemie direkt verursachten Mehrkosten wie zum Beispiel 300 Millionen CHF durch Hospitalisierungen und 250 Millionen CHF durch Beschaffung und Durchf\u00fchrung der Impfungen, zudem auch von indirekten Kosten, die durch nachgeholte Operationen verursacht werden. Der endg\u00fcltige Pr\u00e4mienanstieg f\u00e4llt aber je nach Kanton ganz unterschiedlich aus. Stark betroffen sind die Kantone: Neuenburg, Appenzell Innerrhoden und das Tessin, die jeweils einen Anstieg von \u00fcber 9% verzeichnen werden. Am glimpflichsten werden die Kantone Glarus mit 4.8%, Genf mit 4.7% und Basel-Stadt mit 3.9% davonkommen.<\/p>\n<p><span data-offset-key=\"75bh6-0-0\">Durch die aktuelle Teuerung und die steigenden Mietpreise wird so ein Umstand wieder den Mittelstand treffen und potenziell weiter Menschen in die Armut <\/span><span id=\"decorator-corrected-entity-id-71\" data-entity-key=\"71\" data-offset-key=\"75bh6-1-0\"><span data-offset-key=\"75bh6-1-0\">treiben, wenn<\/span><\/span><span data-offset-key=\"75bh6-2-0\"> nicht <\/span><span id=\"decorator-ignored-entity-id-78\" data-entity-key=\"78\" data-offset-key=\"75bh6-3-0\"><span data-offset-key=\"75bh6-3-0\">Massnahem<\/span><\/span><span data-offset-key=\"75bh6-4-0\"> wie zus\u00e4tzliche Pr\u00e4mienverbilligungen beschlossen werden. Wie und ob die steigenden Pr\u00e4mien abgefangen werden, entscheiden die Kantone selber, in Z\u00fcrich und Basel-Stadt steht der Regierungsentscheid noch bevor die Aussichten sind allerdings sehr gut, in den Kantonen Luzern und St.Gallen werden die Pl\u00e4ne der Regierung erst im Oktober respektive November vorgestellt. Anders sieht es im Kanton Basel-Landschaft aus dort heisst es, dass f\u00fcr das Jahr 2023 kein weiterer Anstieg der Pr\u00e4mienverbilligung vorgesehen ist, man habe die individuellen Pr\u00e4mienverbilligungen von 2018-2022 um mehr als 30% erh\u00f6ht und damit den Pr\u00e4mienanstieg mehr als kompensiert.<\/span><\/p>\n<p>Klar ist aber, dass auch hier der Wohnkanton ausschlaggebend sein wird und ob die dortigen amtierenden Regierungen es f\u00fcr angemessen halten werden, armutsgef\u00e4hrdete Personen in dieser Krise zu unterst\u00fctzen oder ob vorhaben wie zum Beispiel weiterer Ausgabenabbau infolge Steuersenkungen priorisiert werden.<\/p>","protected":false},"excerpt":{"rendered":"<p>Nach 4 Jahren Stabilit\u00e4t steigen die Krankenkassenpr\u00e4mien um satte 6.6%, einen solch hohen Anstieg erlebten wir zuletzt 2010. Grund daf\u00fcr sind vor allem die durch die Covid 19 Pandemie direkt verursachten Mehrkosten wie zum Beispiel 300 Millionen CHF durch Hospitalisierungen und 250 Millionen CHF durch Beschaffung und Durchf\u00fchrung der Impfungen, zudem auch von indirekten Kosten,&hellip; <br \/> <a class=\"read-more\" href=\"https:\/\/radiosummernight.ch\/fr\/praemienschock-im-jahr-2023\/\">Read more<\/a><\/p>","protected":false},"author":59,"featured_media":9325,"comment_status":"closed","ping_status":"closed","sticky":false,"template":"","format":"standard","meta":{"episode_type":"","audio_file":"","podmotor_file_id":"","podmotor_episode_id":"","cover_image":"","cover_image_id":"","duration":"","filesize":"","filesize_raw":"","date_recorded":"","explicit":"","block":"","itunes_episode_number":"","itunes_title":"","itunes_season_number":"","itunes_episode_type":"","footnotes":""},"categories":[186,588],"tags":[183,181,182,184],"series":[],"class_list":["post-9307","post","type-post","status-publish","format-standard","has-post-thumbnail","hentry","category-news","category-redaktionell","tag-krankenkassenbeitrag-2023","tag-krankenkassenpraemien","tag-praemienschock","tag-praemienverbilligung"],"episode_featured_image":"https:\/\/radiosummernight.ch\/upload\/2022\/09\/Design-ohne-Titel.png","episode_player_image":"https:\/\/radiosummernight.ch\/upload\/2021\/03\/Logo-RSN-Schwarz-300x300-Green.png","download_link":"","player_link":"","audio_player":false,"episode_data":{"playerMode":"light","subscribeUrls":{"apple_podcasts":{"key":"apple_podcasts","url":"https:\/\/podcasts.apple.com\/us\/podcast\/radio-summernight\/id1647787397?uo=4&itsct=podtail_podcasts&itscg=30200&ls=1&at=1001l39ag&ct=deutschepodcasts.de","label":"Apple Podcasts","class":"apple_podcasts","icon":"apple-podcasts.png"},"deezer":{"key":"deezer","url":"https:\/\/deezer.page.link\/NKiaDgyHm5ekBXsE7","label":"Deezer","class":"deezer","icon":"deezer.png"},"google_podcasts":{"key":"google_podcasts","url":"https:\/\/podcasts.google.com\/feed\/aHR0cHM6Ly9yYWRpb3N1bW1lcm5pZ2h0LmNoL2ZlZWQvcG9kY2FzdA?sa=X&ved=0CAMQ4aUDahcKEwj4gc2i0oP8AhUAAAAAHQAAAAAQAQ&hl=de-CH","label":"Google Podcasts","class":"google_podcasts","icon":"google-podcasts.png"},"podcast_de":{"key":"podcast_de","url":"https:\/\/www.podcast.de\/podcast\/3070299\/radio-summernight","label":"Podcast.de","class":"podcast_de","icon":"podcast-de.png"},"spotify":{"key":"spotify","url":"https:\/\/open.spotify.com\/show\/4DnvrNRnOIGTWoVH4yoIpC","label":"Spotify","class":"spotify","icon":"spotify.png"},"itunes":{"key":"itunes","url":"","label":"iTunes","class":"itunes","icon":"itunes.png"},"mytuner_radio":{"key":"mytuner_radio","url":"","label":"myTuner Radio","class":"mytuner_radio","icon":"mytuner-radio.png"}},"rssFeedUrl":"https:\/\/radiosummernight.ch\/fr\/feed\/podcast\/radio-summernight","embedCode":"<blockquote class=\"wp-embedded-content\" data-secret=\"UItFoxFwz9\"><a href=\"https:\/\/radiosummernight.ch\/fr\/praemienschock-im-jahr-2023\/\">Pr\u00e4mienschock im Jahr 2023<\/a><\/blockquote><iframe sandbox=\"allow-scripts\" security=\"restricted\" src=\"https:\/\/radiosummernight.ch\/fr\/praemienschock-im-jahr-2023\/embed\/#?secret=UItFoxFwz9\" width=\"500\" height=\"350\" title=\"\u00ab\u00a0Pr\u00e4mienschock im Jahr 2023\u00a0\u00bb &#8212; Radio Summernight\" data-secret=\"UItFoxFwz9\" frameborder=\"0\" marginwidth=\"0\" marginheight=\"0\" scrolling=\"no\" class=\"wp-embedded-content\"><\/iframe><script type=\"text\/javascript\">\n\/* <![CDATA[ *\/\n\/*! This file is auto-generated *\/\n!function(d,l){\"use strict\";l.querySelector&&d.addEventListener&&\"undefined\"!=typeof URL&&(d.wp=d.wp||{},d.wp.receiveEmbedMessage||(d.wp.receiveEmbedMessage=function(e){var t=e.data;if((t||t.secret||t.message||t.value)&&!\/[^a-zA-Z0-9]\/.test(t.secret)){for(var s,r,n,a=l.querySelectorAll('iframe[data-secret=\"'+t.secret+'\"]'),o=l.querySelectorAll('blockquote[data-secret=\"'+t.secret+'\"]'),c=new RegExp(\"^https?:$\",\"i\"),i=0;i<o.length;i++)o[i].style.display=\"none\";for(i=0;i<a.length;i++)s=a[i],e.source===s.contentWindow&&(s.removeAttribute(\"style\"),\"height\"===t.message?(1e3<(r=parseInt(t.value,10))?r=1e3:~~r<200&&(r=200),s.height=r):\"link\"===t.message&&(r=new URL(s.getAttribute(\"src\")),n=new URL(t.value),c.test(n.protocol))&&n.host===r.host&&l.activeElement===s&&(d.top.location.href=t.value))}},d.addEventListener(\"message\",d.wp.receiveEmbedMessage,!1),l.addEventListener(\"DOMContentLoaded\",function(){for(var e,t,s=l.querySelectorAll(\"iframe.wp-embedded-content\"),r=0;r<s.length;r++)(t=(e=s[r]).getAttribute(\"data-secret\"))||(t=Math.random().toString(36).substring(2,12),e.src+=\"#?secret=\"+t,e.setAttribute(\"data-secret\",t)),e.contentWindow.postMessage({message:\"ready\",secret:t},\"*\")},!1)))}(window,document);\n\/\/# sourceURL=https:\/\/radiosummernight.ch\/includes\/js\/wp-embed.min.js\n\/* ]]> *\/\n<\/script>\n"},"_links":{"self":[{"href":"https:\/\/radiosummernight.ch\/fr\/wp-json\/wp\/v2\/posts\/9307","targetHints":{"allow":["GET"]}}],"collection":[{"href":"https:\/\/radiosummernight.ch\/fr\/wp-json\/wp\/v2\/posts"}],"about":[{"href":"https:\/\/radiosummernight.ch\/fr\/wp-json\/wp\/v2\/types\/post"}],"author":[{"embeddable":true,"href":"https:\/\/radiosummernight.ch\/fr\/wp-json\/wp\/v2\/users\/59"}],"replies":[{"embeddable":true,"href":"https:\/\/radiosummernight.ch\/fr\/wp-json\/wp\/v2\/comments?post=9307"}],"version-history":[{"count":0,"href":"https:\/\/radiosummernight.ch\/fr\/wp-json\/wp\/v2\/posts\/9307\/revisions"}],"wp:featuredmedia":[{"embeddable":true,"href":"https:\/\/radiosummernight.ch\/fr\/wp-json\/wp\/v2\/media\/9325"}],"wp:attachment":[{"href":"https:\/\/radiosummernight.ch\/fr\/wp-json\/wp\/v2\/media?parent=9307"}],"wp:term":[{"taxonomy":"category","embeddable":true,"href":"https:\/\/radiosummernight.ch\/fr\/wp-json\/wp\/v2\/categories?post=9307"},{"taxonomy":"post_tag","embeddable":true,"href":"https:\/\/radiosummernight.ch\/fr\/wp-json\/wp\/v2\/tags?post=9307"},{"taxonomy":"series","embeddable":true,"href":"https:\/\/radiosummernight.ch\/fr\/wp-json\/wp\/v2\/series?post=9307"}],"curies":[{"name":"wp","href":"https:\/\/api.w.org\/{rel}","templated":true}]}}