{"id":9313,"date":"2022-09-27T19:26:16","date_gmt":"2022-09-27T17:26:16","guid":{"rendered":"https:\/\/radiosummernight.ch\/?p=9313"},"modified":"2025-10-26T15:39:48","modified_gmt":"2025-10-26T14:39:48","slug":"gil-ofarim-klage-wegen-verleumdung-zugelassen","status":"publish","type":"post","link":"https:\/\/radiosummernight.ch\/fr\/gil-ofarim-klage-wegen-verleumdung-zugelassen\/","title":{"rendered":"GIL OFARIM: Klage wegen Verleumdung zugelassen"},"content":{"rendered":"<p>Nach angeblich falschen Antisemitismus-Vorw\u00fcrfen muss Gil Ofarim im Oktober in Leipzig vor Gericht.<\/p>\n<p>(<strong>aoh<\/strong>) Vor knapp einem Jahr hatte der Musiker <a class=\"wort\" title=\"Gil Ofarim\" href=\"https:\/\/www.laut.de\/artist\/14506\" target=\"_blank\" rel=\"noopener\">Gil Ofarim<\/a>\u00a0sich mit einem Instagram-Video an die \u00d6ffentlichkeit gewandt und behauptet, von einem Leipziger Hotelangestellten\u00a0<a class=\"vor\" title=\"Gil Ofarim: Antisemitismus-Vorwurf gegen Leipziger Hotel\" href=\"https:\/\/www.laut.de\/news\/18274\" target=\"_blank\" rel=\"noopener\">antisemitisch beleidigt<\/a>\u00a0worden zu sein. Die Staatsanwaltschaft hegte\u00a0<a class=\"vor\" title=\"Gil Ofarim: Untersuchungsbericht weckt neue Zweifel\" href=\"https:\/\/www.laut.de\/news\/18328\" target=\"_blank\" rel=\"noopener\">Zweifel<\/a>\u00a0an seinen Aussagen und\u00a0<a class=\"vor\" title=\"Verleumdung: Staatsanwalt klagt Gil Ofarim an\" href=\"https:\/\/www.laut.de\/news\/18696\" target=\"_blank\" rel=\"noopener\">klagte<\/a>\u00a0ihn im April dieses Jahres an. Das Landgericht Leipzig hat die Anklage nun unver\u00e4ndert zugelassen.<\/p>\n<p>Ofarim hatte in dem Video und gegen\u00fcber der Polizei angegeben, von einem Mitarbeiter eines Leipziger Hotels angewiesen worden zu sein, seine Davidstern-Kette wegzupacken. Besagter Mitarbeiter erhob daraufhin Anklage und tritt nun als Nebenkl\u00e4ger auf. Am 24. Oktober soll der Prozess wegen falscher Verd\u00e4chtigung in zwei F\u00e4llen und Verleumdung gegen den 40-J\u00e4hrigen beginnen.<\/p>\n<p>Aufgrund der besonderen Bedeutung und der gro\u00dfen \u00f6ffentlichen Aufmerksamkeit in dem Fall wird das Verfahren vor dem Landgericht Lepzig ausgetragen. Zus\u00e4tzlich zu den genannten Anklagepunkten hatte die Staatsanwaltschaft noch Anklage wegen falscher eidesstattlicher Versicherung, Betrug und versuchtem Betrug erstattet. Im Falle einer Verurteilung k\u00f6nnte das Gericht au\u00dferdem der Tatbestand der \u00fcblen Nachrede feststellen.<\/p>","protected":false},"excerpt":{"rendered":"<p>Nach angeblich falschen Antisemitismus-Vorw\u00fcrfen muss Gil Ofarim im Oktober in Leipzig vor Gericht. (aoh) Vor knapp einem Jahr hatte der Musiker Gil Ofarim\u00a0sich mit einem Instagram-Video an die \u00d6ffentlichkeit gewandt und behauptet, von einem Leipziger Hotelangestellten\u00a0antisemitisch beleidigt\u00a0worden zu sein. Die Staatsanwaltschaft hegte\u00a0Zweifel\u00a0an seinen Aussagen und\u00a0klagte\u00a0ihn im April dieses Jahres an. Das Landgericht Leipzig hat die&hellip; <br \/> <a class=\"read-more\" href=\"https:\/\/radiosummernight.ch\/fr\/gil-ofarim-klage-wegen-verleumdung-zugelassen\/\">Read more<\/a><\/p>","protected":false},"author":1,"featured_media":9316,"comment_status":"closed","ping_status":"closed","sticky":false,"template":"","format":"standard","meta":{"episode_type":"","audio_file":"","podmotor_file_id":"","podmotor_episode_id":"","cover_image":"","cover_image_id":"","duration":"","filesize":"","filesize_raw":"","date_recorded":"","explicit":"","block":"","itunes_episode_number":"","itunes_title":"","itunes_season_number":"","itunes_episode_type":"","footnotes":""},"categories":[719],"tags":[33,178,179,11,180],"series":[],"class_list":["post-9313","post","type-post","status-publish","format-standard","has-post-thumbnail","hentry","category-news-kurse","tag-content-partnerschaft-mit-laut-de","tag-gil-ofarim","tag-klage","tag-musik","tag-verleumdung"],"episode_featured_image":"https:\/\/radiosummernight.ch\/upload\/2022\/02\/1BB2C5B9-6B70-4BE2-8935-2AE84E555067.png","episode_player_image":"https:\/\/radiosummernight.ch\/upload\/2021\/03\/Logo-RSN-Schwarz-300x300-Green.png","download_link":"","player_link":"","audio_player":false,"episode_data":{"playerMode":"light","subscribeUrls":{"apple_podcasts":{"key":"apple_podcasts","url":"https:\/\/podcasts.apple.com\/us\/podcast\/radio-summernight\/id1647787397?uo=4&itsct=podtail_podcasts&itscg=30200&ls=1&at=1001l39ag&ct=deutschepodcasts.de","label":"Apple Podcasts","class":"apple_podcasts","icon":"apple-podcasts.png"},"deezer":{"key":"deezer","url":"https:\/\/deezer.page.link\/NKiaDgyHm5ekBXsE7","label":"Deezer","class":"deezer","icon":"deezer.png"},"google_podcasts":{"key":"google_podcasts","url":"https:\/\/podcasts.google.com\/feed\/aHR0cHM6Ly9yYWRpb3N1bW1lcm5pZ2h0LmNoL2ZlZWQvcG9kY2FzdA?sa=X&ved=0CAMQ4aUDahcKEwj4gc2i0oP8AhUAAAAAHQAAAAAQAQ&hl=de-CH","label":"Google Podcasts","class":"google_podcasts","icon":"google-podcasts.png"},"podcast_de":{"key":"podcast_de","url":"https:\/\/www.podcast.de\/podcast\/3070299\/radio-summernight","label":"Podcast.de","class":"podcast_de","icon":"podcast-de.png"},"spotify":{"key":"spotify","url":"https:\/\/open.spotify.com\/show\/4DnvrNRnOIGTWoVH4yoIpC","label":"Spotify","class":"spotify","icon":"spotify.png"},"itunes":{"key":"itunes","url":"","label":"iTunes","class":"itunes","icon":"itunes.png"},"mytuner_radio":{"key":"mytuner_radio","url":"","label":"myTuner Radio","class":"mytuner_radio","icon":"mytuner-radio.png"}},"rssFeedUrl":"https:\/\/radiosummernight.ch\/fr\/feed\/podcast\/radio-summernight","embedCode":"<blockquote class=\"wp-embedded-content\" data-secret=\"J1VXlA4bAq\"><a href=\"https:\/\/radiosummernight.ch\/fr\/gil-ofarim-klage-wegen-verleumdung-zugelassen\/\">GIL OFARIM: Klage wegen Verleumdung zugelassen<\/a><\/blockquote><iframe sandbox=\"allow-scripts\" security=\"restricted\" src=\"https:\/\/radiosummernight.ch\/fr\/gil-ofarim-klage-wegen-verleumdung-zugelassen\/embed\/#?secret=J1VXlA4bAq\" width=\"500\" height=\"350\" title=\"\u00ab\u00a0GIL OFARIM: Klage wegen Verleumdung zugelassen\u00a0\u00bb &#8212; Radio Summernight\" data-secret=\"J1VXlA4bAq\" frameborder=\"0\" marginwidth=\"0\" marginheight=\"0\" scrolling=\"no\" class=\"wp-embedded-content\"><\/iframe><script type=\"text\/javascript\">\n\/* <![CDATA[ *\/\n\/*! This file is auto-generated *\/\n!function(d,l){\"use strict\";l.querySelector&&d.addEventListener&&\"undefined\"!=typeof URL&&(d.wp=d.wp||{},d.wp.receiveEmbedMessage||(d.wp.receiveEmbedMessage=function(e){var t=e.data;if((t||t.secret||t.message||t.value)&&!\/[^a-zA-Z0-9]\/.test(t.secret)){for(var s,r,n,a=l.querySelectorAll('iframe[data-secret=\"'+t.secret+'\"]'),o=l.querySelectorAll('blockquote[data-secret=\"'+t.secret+'\"]'),c=new RegExp(\"^https?:$\",\"i\"),i=0;i<o.length;i++)o[i].style.display=\"none\";for(i=0;i<a.length;i++)s=a[i],e.source===s.contentWindow&&(s.removeAttribute(\"style\"),\"height\"===t.message?(1e3<(r=parseInt(t.value,10))?r=1e3:~~r<200&&(r=200),s.height=r):\"link\"===t.message&&(r=new URL(s.getAttribute(\"src\")),n=new URL(t.value),c.test(n.protocol))&&n.host===r.host&&l.activeElement===s&&(d.top.location.href=t.value))}},d.addEventListener(\"message\",d.wp.receiveEmbedMessage,!1),l.addEventListener(\"DOMContentLoaded\",function(){for(var e,t,s=l.querySelectorAll(\"iframe.wp-embedded-content\"),r=0;r<s.length;r++)(t=(e=s[r]).getAttribute(\"data-secret\"))||(t=Math.random().toString(36).substring(2,12),e.src+=\"#?secret=\"+t,e.setAttribute(\"data-secret\",t)),e.contentWindow.postMessage({message:\"ready\",secret:t},\"*\")},!1)))}(window,document);\n\/\/# sourceURL=https:\/\/radiosummernight.ch\/includes\/js\/wp-embed.min.js\n\/* ]]> *\/\n<\/script>\n"},"_links":{"self":[{"href":"https:\/\/radiosummernight.ch\/fr\/wp-json\/wp\/v2\/posts\/9313","targetHints":{"allow":["GET"]}}],"collection":[{"href":"https:\/\/radiosummernight.ch\/fr\/wp-json\/wp\/v2\/posts"}],"about":[{"href":"https:\/\/radiosummernight.ch\/fr\/wp-json\/wp\/v2\/types\/post"}],"author":[{"embeddable":true,"href":"https:\/\/radiosummernight.ch\/fr\/wp-json\/wp\/v2\/users\/1"}],"replies":[{"embeddable":true,"href":"https:\/\/radiosummernight.ch\/fr\/wp-json\/wp\/v2\/comments?post=9313"}],"version-history":[{"count":0,"href":"https:\/\/radiosummernight.ch\/fr\/wp-json\/wp\/v2\/posts\/9313\/revisions"}],"wp:featuredmedia":[{"embeddable":true,"href":"https:\/\/radiosummernight.ch\/fr\/wp-json\/wp\/v2\/media\/9316"}],"wp:attachment":[{"href":"https:\/\/radiosummernight.ch\/fr\/wp-json\/wp\/v2\/media?parent=9313"}],"wp:term":[{"taxonomy":"category","embeddable":true,"href":"https:\/\/radiosummernight.ch\/fr\/wp-json\/wp\/v2\/categories?post=9313"},{"taxonomy":"post_tag","embeddable":true,"href":"https:\/\/radiosummernight.ch\/fr\/wp-json\/wp\/v2\/tags?post=9313"},{"taxonomy":"series","embeddable":true,"href":"https:\/\/radiosummernight.ch\/fr\/wp-json\/wp\/v2\/series?post=9313"}],"curies":[{"name":"wp","href":"https:\/\/api.w.org\/{rel}","templated":true}]}}