{"id":9314,"date":"2022-09-28T19:32:27","date_gmt":"2022-09-28T17:32:27","guid":{"rendered":"https:\/\/radiosummernight.ch\/?p=9314"},"modified":"2025-10-26T15:39:48","modified_gmt":"2025-10-26T14:39:48","slug":"wanda-christian-hummer-ist-tot","status":"publish","type":"post","link":"https:\/\/radiosummernight.ch\/fr\/wanda-christian-hummer-ist-tot\/","title":{"rendered":"WANDA: Christian Hummer ist tot"},"content":{"rendered":"<p>Der Keyboarder war Gr\u00fcndungsmitglied der Wiener Indie-Band. Er wurde nur 32 Jahre alt.<\/p>\n<p>(<strong>mis<\/strong>) Die Wiener Band <a class=\"wort\" title=\"Wanda\" href=\"https:\/\/www.laut.de\/artist\/11939\" target=\"_blank\" rel=\"noopener\">Wanda<\/a>\u00a0trauert um ihren Keyboarder. Christian Hummer ist im Alter von 32 Jahren &#8220;<i>nach langer, schwerer Krankheit verstorben<\/i>&#8220;, wie die Band auf ihren Social-Media-Kan\u00e4len mitteilt. &#8220;<i>Christian war ein begnadeter Musiker und ein wundervoller Mensch. Seine Begeisterung f\u00fcr die Musik und seine Zuwendung zu den Menschen haben ihn so liebenswert gemacht. Es gibt keine Worte, die diesem Verlust gerecht werden k\u00f6nnen<\/i>&#8220;, hei\u00dft es dort. Das Statement schlie\u00dft mit der Bitte, die Privatsph\u00e4re der Familie und der Band zu respektieren. Alle Termine dieser Woche seien abgesagt.<\/p>\n<p><iframe id=\"instagram-embed-0\" class=\"instagram-media instagram-media-rendered\" src=\"https:\/\/www.instagram.com\/p\/Ci-hARTq321\/embed\/captioned\/?cr=1&amp;v=14&amp;wp=476&amp;rd=https%3A%2F%2Fwww.laut.de&amp;rp=%2FNews%2FWanda-Christian-Hummer-ist-tot-26-09-2022-19150#%7B%22ci%22%3A0%2C%22os%22%3A7397.700000000186%2C%22ls%22%3A1273.6000000000931%2C%22le%22%3A7380.9000000003725%7D\" height=\"899\" frameborder=\"0\" scrolling=\"no\" allowfullscreen=\"allowfullscreen\" data-instgrm-payload-id=\"instagram-media-payload-0\" data-mce-fragment=\"1\"><\/iframe><\/p>\n<p>Die Nachricht von seinem Tod traf die \u00d6ffentlichkeit unvermittelt. Hummers Krankheit wurde nicht publik gemacht, 2020 soll er am Herzen operiert worden sein. Im selben Jahr verlie\u00df Drummer Lukas Hasitschka die Band, die Trennung sei freundschaftlich verlaufen, hie\u00df es.<\/p>\n<p>Das neue Album &#8220;Wanda&#8221;, das am Freitag erscheint, nahm die Band noch mit Hummer sowie mit dem neuen Drummer Valentin Wegscheider auf. Wegscheider spielte vor 2014 bereits mit der Band und ist ein alter Freund. Auf den Konzerten der letzten Monate war Hummer nicht mehr auf der B\u00fchne dabei, das letzte gemeinsame Konzert fand im M\u00e4rz beim Ukraine-Benefizkonzert im Ernst-Happel-Stadion in Wien statt. Hummer war Gr\u00fcndungsmitglied und somit vom Erfolgsdeb\u00fct &#8220;<a class=\"stark\" title=\"Wanda - &#039;Amore&#039;\" href=\"https:\/\/www.laut.de\/release\/94533\" target=\"_blank\" rel=\"noopener\">Amore<\/a>&#8221; aus dem Jahr 2014 an Teil der Band.<\/p>","protected":false},"excerpt":{"rendered":"<p>Der Keyboarder war Gr\u00fcndungsmitglied der Wiener Indie-Band. Er wurde nur 32 Jahre alt. (mis) Die Wiener Band Wanda\u00a0trauert um ihren Keyboarder. Christian Hummer ist im Alter von 32 Jahren &#8220;nach langer, schwerer Krankheit verstorben&#8220;, wie die Band auf ihren Social-Media-Kan\u00e4len mitteilt. &#8220;Christian war ein begnadeter Musiker und ein wundervoller Mensch. Seine Begeisterung f\u00fcr die Musik&hellip; <br \/> <a class=\"read-more\" href=\"https:\/\/radiosummernight.ch\/fr\/wanda-christian-hummer-ist-tot\/\">Read more<\/a><\/p>","protected":false},"author":1,"featured_media":9315,"comment_status":"closed","ping_status":"closed","sticky":false,"template":"","format":"standard","meta":{"episode_type":"","audio_file":"","podmotor_file_id":"","podmotor_episode_id":"","cover_image":"","cover_image_id":"","duration":"","filesize":"","filesize_raw":"","date_recorded":"","explicit":"","block":"","itunes_episode_number":"","itunes_title":"","itunes_season_number":"","itunes_episode_type":"","footnotes":""},"categories":[719],"tags":[175,33,177,176,174],"series":[],"class_list":["post-9314","post","type-post","status-publish","format-standard","has-post-thumbnail","hentry","category-news-kurse","tag-christian-hummer","tag-content-partnerschaft-mit-laut-de","tag-musiker","tag-tot","tag-wanda"],"episode_featured_image":"https:\/\/radiosummernight.ch\/upload\/2022\/02\/86AE2C67-9CFC-4B27-A316-5E486C740183.png","episode_player_image":"https:\/\/radiosummernight.ch\/upload\/2021\/03\/Logo-RSN-Schwarz-300x300-Green.png","download_link":"","player_link":"","audio_player":false,"episode_data":{"playerMode":"light","subscribeUrls":{"apple_podcasts":{"key":"apple_podcasts","url":"https:\/\/podcasts.apple.com\/us\/podcast\/radio-summernight\/id1647787397?uo=4&itsct=podtail_podcasts&itscg=30200&ls=1&at=1001l39ag&ct=deutschepodcasts.de","label":"Apple Podcasts","class":"apple_podcasts","icon":"apple-podcasts.png"},"deezer":{"key":"deezer","url":"https:\/\/deezer.page.link\/NKiaDgyHm5ekBXsE7","label":"Deezer","class":"deezer","icon":"deezer.png"},"google_podcasts":{"key":"google_podcasts","url":"https:\/\/podcasts.google.com\/feed\/aHR0cHM6Ly9yYWRpb3N1bW1lcm5pZ2h0LmNoL2ZlZWQvcG9kY2FzdA?sa=X&ved=0CAMQ4aUDahcKEwj4gc2i0oP8AhUAAAAAHQAAAAAQAQ&hl=de-CH","label":"Google Podcasts","class":"google_podcasts","icon":"google-podcasts.png"},"podcast_de":{"key":"podcast_de","url":"https:\/\/www.podcast.de\/podcast\/3070299\/radio-summernight","label":"Podcast.de","class":"podcast_de","icon":"podcast-de.png"},"spotify":{"key":"spotify","url":"https:\/\/open.spotify.com\/show\/4DnvrNRnOIGTWoVH4yoIpC","label":"Spotify","class":"spotify","icon":"spotify.png"},"itunes":{"key":"itunes","url":"","label":"iTunes","class":"itunes","icon":"itunes.png"},"mytuner_radio":{"key":"mytuner_radio","url":"","label":"myTuner Radio","class":"mytuner_radio","icon":"mytuner-radio.png"}},"rssFeedUrl":"https:\/\/radiosummernight.ch\/fr\/feed\/podcast\/radio-summernight","embedCode":"<blockquote class=\"wp-embedded-content\" data-secret=\"uIyTF9klHC\"><a href=\"https:\/\/radiosummernight.ch\/fr\/wanda-christian-hummer-ist-tot\/\">WANDA: Christian Hummer ist tot<\/a><\/blockquote><iframe sandbox=\"allow-scripts\" security=\"restricted\" src=\"https:\/\/radiosummernight.ch\/fr\/wanda-christian-hummer-ist-tot\/embed\/#?secret=uIyTF9klHC\" width=\"500\" height=\"350\" title=\"\u00ab\u00a0WANDA: Christian Hummer ist tot\u00a0\u00bb &#8212; Radio Summernight\" data-secret=\"uIyTF9klHC\" frameborder=\"0\" marginwidth=\"0\" marginheight=\"0\" scrolling=\"no\" class=\"wp-embedded-content\"><\/iframe><script type=\"text\/javascript\">\n\/* <![CDATA[ *\/\n\/*! This file is auto-generated *\/\n!function(d,l){\"use strict\";l.querySelector&&d.addEventListener&&\"undefined\"!=typeof URL&&(d.wp=d.wp||{},d.wp.receiveEmbedMessage||(d.wp.receiveEmbedMessage=function(e){var t=e.data;if((t||t.secret||t.message||t.value)&&!\/[^a-zA-Z0-9]\/.test(t.secret)){for(var s,r,n,a=l.querySelectorAll('iframe[data-secret=\"'+t.secret+'\"]'),o=l.querySelectorAll('blockquote[data-secret=\"'+t.secret+'\"]'),c=new RegExp(\"^https?:$\",\"i\"),i=0;i<o.length;i++)o[i].style.display=\"none\";for(i=0;i<a.length;i++)s=a[i],e.source===s.contentWindow&&(s.removeAttribute(\"style\"),\"height\"===t.message?(1e3<(r=parseInt(t.value,10))?r=1e3:~~r<200&&(r=200),s.height=r):\"link\"===t.message&&(r=new URL(s.getAttribute(\"src\")),n=new URL(t.value),c.test(n.protocol))&&n.host===r.host&&l.activeElement===s&&(d.top.location.href=t.value))}},d.addEventListener(\"message\",d.wp.receiveEmbedMessage,!1),l.addEventListener(\"DOMContentLoaded\",function(){for(var e,t,s=l.querySelectorAll(\"iframe.wp-embedded-content\"),r=0;r<s.length;r++)(t=(e=s[r]).getAttribute(\"data-secret\"))||(t=Math.random().toString(36).substring(2,12),e.src+=\"#?secret=\"+t,e.setAttribute(\"data-secret\",t)),e.contentWindow.postMessage({message:\"ready\",secret:t},\"*\")},!1)))}(window,document);\n\/\/# sourceURL=https:\/\/radiosummernight.ch\/includes\/js\/wp-embed.min.js\n\/* ]]> *\/\n<\/script>\n"},"_links":{"self":[{"href":"https:\/\/radiosummernight.ch\/fr\/wp-json\/wp\/v2\/posts\/9314","targetHints":{"allow":["GET"]}}],"collection":[{"href":"https:\/\/radiosummernight.ch\/fr\/wp-json\/wp\/v2\/posts"}],"about":[{"href":"https:\/\/radiosummernight.ch\/fr\/wp-json\/wp\/v2\/types\/post"}],"author":[{"embeddable":true,"href":"https:\/\/radiosummernight.ch\/fr\/wp-json\/wp\/v2\/users\/1"}],"replies":[{"embeddable":true,"href":"https:\/\/radiosummernight.ch\/fr\/wp-json\/wp\/v2\/comments?post=9314"}],"version-history":[{"count":0,"href":"https:\/\/radiosummernight.ch\/fr\/wp-json\/wp\/v2\/posts\/9314\/revisions"}],"wp:featuredmedia":[{"embeddable":true,"href":"https:\/\/radiosummernight.ch\/fr\/wp-json\/wp\/v2\/media\/9315"}],"wp:attachment":[{"href":"https:\/\/radiosummernight.ch\/fr\/wp-json\/wp\/v2\/media?parent=9314"}],"wp:term":[{"taxonomy":"category","embeddable":true,"href":"https:\/\/radiosummernight.ch\/fr\/wp-json\/wp\/v2\/categories?post=9314"},{"taxonomy":"post_tag","embeddable":true,"href":"https:\/\/radiosummernight.ch\/fr\/wp-json\/wp\/v2\/tags?post=9314"},{"taxonomy":"series","embeddable":true,"href":"https:\/\/radiosummernight.ch\/fr\/wp-json\/wp\/v2\/series?post=9314"}],"curies":[{"name":"wp","href":"https:\/\/api.w.org\/{rel}","templated":true}]}}