{"id":9713,"date":"2022-10-31T13:03:48","date_gmt":"2022-10-31T12:03:48","guid":{"rendered":"https:\/\/radiosummernight.ch\/?p=9713"},"modified":"2023-04-20T09:19:05","modified_gmt":"2023-04-20T07:19:05","slug":"kommentar-zu-hans-ueli-vogts-bundesratskandidatur","status":"publish","type":"post","link":"https:\/\/radiosummernight.ch\/fr\/kommentar-zu-hans-ueli-vogts-bundesratskandidatur\/","title":{"rendered":"Kommentar zu Hans Ueli Vogts Bundesratskandidatur"},"content":{"rendered":"<blockquote>\n<pre><strong>Ein Kommentar von Simon Jacob.<\/strong><\/pre>\n<\/blockquote>\n<p>Nun ist es offiziell die Z\u00fcrcher SVP schickt alt Nationalrat Hans Ueli Vogt ins rennen um die nachfolge von Ueli Maurer.<\/p>\n<p>(SJB)\u00a0Mit seinen juristischen Kompetenzen als Strafrechtsprofessor und seinen vergleichsweise eher geringe aber dennoch vorhandenen Erfahrungen im Nationalrat bringt er schon dass Theoretische R\u00fcstzeug mit die dieses Amt erfordert.<\/p>\n<p>Das die Z\u00fcrcher SVP genau ihn ins rennen schickt ist erstaunlich, denn Hans Ueli Vogt der Stadtz\u00fcrcher, Homosexueller Uniprofessor ist f\u00fcr die sehr stark B\u00e4uerlich und L\u00e4ndlich gepr\u00e4gten SVP so eine starke Repr\u00e4sentation wie ein Bauer f\u00fcr die Juso.<\/p>\n<p>2015 wurde Vogt f\u00fcr die SVP Kanton Z\u00fcrich in den Nationalrat gew\u00e4hlt und galt als das neue Aush\u00e4ngeschild der Partei welche neue St\u00e4dtische und j\u00fcngere W\u00e4hler ansprechen sollte, allerdings warf er nach nur 6 Jahren das Handtuch und trat als Nationalrat zur\u00fcck. Er begr\u00fcndete dies damit dass die SVP wie die SP politisiere programmatisch, nicht Konstruktiv.<\/p>\n<p>Dennoch ist er als angeh\u00f6riger einer Minderheit als Homosexueller vor allem f\u00fcr die Progressiven Kr\u00e4fte in der Bundesversammlung interessant, da er allein dadurch Erfahrungen und Sichtweisen einbringen kann welche andere eher schlecht bis garnicht nachvollziehen k\u00f6nnen.<\/p>\n<p>Er w\u00e4re eine Chance, nachdem der als Rechtskonservative geltende Ueli Maurer seinen Posten r\u00e4umt, endlich eine Progressivere Stimme die auch wirklich die Anliegen von Minderheiten in diesem Land nachvollziehen kann in den Bundesrat zu w\u00e4hlen.<\/p>","protected":false},"excerpt":{"rendered":"<p>Ein Kommentar von Simon Jacob. Nun ist es offiziell die Z\u00fcrcher SVP schickt alt Nationalrat Hans Ueli Vogt ins rennen um die nachfolge von Ueli Maurer. (SJB)\u00a0Mit seinen juristischen Kompetenzen als Strafrechtsprofessor und seinen vergleichsweise eher geringe aber dennoch vorhandenen Erfahrungen im Nationalrat bringt er schon dass Theoretische R\u00fcstzeug mit die dieses Amt erfordert. Das&hellip; <br \/> <a class=\"read-more\" href=\"https:\/\/radiosummernight.ch\/fr\/kommentar-zu-hans-ueli-vogts-bundesratskandidatur\/\">Read more<\/a><\/p>","protected":false},"author":59,"featured_media":9695,"comment_status":"closed","ping_status":"closed","sticky":false,"template":"","format":"standard","meta":{"episode_type":"audio","audio_file":"","podmotor_file_id":"","podmotor_episode_id":"","cover_image":"","cover_image_id":"","duration":"","filesize":"","filesize_raw":"","date_recorded":"","explicit":"","block":"","itunes_episode_number":"","itunes_title":"","itunes_season_number":"","itunes_episode_type":"","footnotes":""},"categories":[186,588],"tags":[248,249,250,251,252],"series":[],"class_list":["post-9713","post","type-post","status-publish","format-standard","has-post-thumbnail","hentry","category-news","category-redaktionell","tag-bundesrat","tag-bundesratswahlen","tag-hans-ueli-vogt","tag-svp","tag-svp-bundesratskandidat"],"episode_featured_image":"https:\/\/radiosummernight.ch\/upload\/2022\/10\/D121F8B6-E4A2-4349-8B6E-2745BE9809EE.webp","episode_player_image":"https:\/\/radiosummernight.ch\/upload\/2021\/03\/Logo-RSN-Schwarz-300x300-Green.png","download_link":"","player_link":"","audio_player":false,"episode_data":{"playerMode":"light","subscribeUrls":{"apple_podcasts":{"key":"apple_podcasts","url":"https:\/\/podcasts.apple.com\/us\/podcast\/radio-summernight\/id1647787397?uo=4&itsct=podtail_podcasts&itscg=30200&ls=1&at=1001l39ag&ct=deutschepodcasts.de","label":"Apple Podcasts","class":"apple_podcasts","icon":"apple-podcasts.png"},"deezer":{"key":"deezer","url":"https:\/\/deezer.page.link\/NKiaDgyHm5ekBXsE7","label":"Deezer","class":"deezer","icon":"deezer.png"},"google_podcasts":{"key":"google_podcasts","url":"https:\/\/podcasts.google.com\/feed\/aHR0cHM6Ly9yYWRpb3N1bW1lcm5pZ2h0LmNoL2ZlZWQvcG9kY2FzdA?sa=X&ved=0CAMQ4aUDahcKEwj4gc2i0oP8AhUAAAAAHQAAAAAQAQ&hl=de-CH","label":"Google Podcasts","class":"google_podcasts","icon":"google-podcasts.png"},"podcast_de":{"key":"podcast_de","url":"https:\/\/www.podcast.de\/podcast\/3070299\/radio-summernight","label":"Podcast.de","class":"podcast_de","icon":"podcast-de.png"},"spotify":{"key":"spotify","url":"https:\/\/open.spotify.com\/show\/4DnvrNRnOIGTWoVH4yoIpC","label":"Spotify","class":"spotify","icon":"spotify.png"},"itunes":{"key":"itunes","url":"","label":"iTunes","class":"itunes","icon":"itunes.png"},"mytuner_radio":{"key":"mytuner_radio","url":"","label":"myTuner Radio","class":"mytuner_radio","icon":"mytuner-radio.png"}},"rssFeedUrl":"https:\/\/radiosummernight.ch\/fr\/feed\/podcast\/radio-summernight","embedCode":"<blockquote class=\"wp-embedded-content\" data-secret=\"SywkuIw3yB\"><a href=\"https:\/\/radiosummernight.ch\/fr\/kommentar-zu-hans-ueli-vogts-bundesratskandidatur\/\">Kommentar zu Hans Ueli Vogts Bundesratskandidatur<\/a><\/blockquote><iframe sandbox=\"allow-scripts\" security=\"restricted\" src=\"https:\/\/radiosummernight.ch\/fr\/kommentar-zu-hans-ueli-vogts-bundesratskandidatur\/embed\/#?secret=SywkuIw3yB\" width=\"500\" height=\"350\" title=\"\u00ab\u00a0Kommentar zu Hans Ueli Vogts Bundesratskandidatur\u00a0\u00bb &#8212; Radio Summernight\" data-secret=\"SywkuIw3yB\" frameborder=\"0\" marginwidth=\"0\" marginheight=\"0\" scrolling=\"no\" class=\"wp-embedded-content\"><\/iframe><script type=\"text\/javascript\">\n\/* <![CDATA[ *\/\n\/*! This file is auto-generated *\/\n!function(d,l){\"use strict\";l.querySelector&&d.addEventListener&&\"undefined\"!=typeof URL&&(d.wp=d.wp||{},d.wp.receiveEmbedMessage||(d.wp.receiveEmbedMessage=function(e){var t=e.data;if((t||t.secret||t.message||t.value)&&!\/[^a-zA-Z0-9]\/.test(t.secret)){for(var s,r,n,a=l.querySelectorAll('iframe[data-secret=\"'+t.secret+'\"]'),o=l.querySelectorAll('blockquote[data-secret=\"'+t.secret+'\"]'),c=new RegExp(\"^https?:$\",\"i\"),i=0;i<o.length;i++)o[i].style.display=\"none\";for(i=0;i<a.length;i++)s=a[i],e.source===s.contentWindow&&(s.removeAttribute(\"style\"),\"height\"===t.message?(1e3<(r=parseInt(t.value,10))?r=1e3:~~r<200&&(r=200),s.height=r):\"link\"===t.message&&(r=new URL(s.getAttribute(\"src\")),n=new URL(t.value),c.test(n.protocol))&&n.host===r.host&&l.activeElement===s&&(d.top.location.href=t.value))}},d.addEventListener(\"message\",d.wp.receiveEmbedMessage,!1),l.addEventListener(\"DOMContentLoaded\",function(){for(var e,t,s=l.querySelectorAll(\"iframe.wp-embedded-content\"),r=0;r<s.length;r++)(t=(e=s[r]).getAttribute(\"data-secret\"))||(t=Math.random().toString(36).substring(2,12),e.src+=\"#?secret=\"+t,e.setAttribute(\"data-secret\",t)),e.contentWindow.postMessage({message:\"ready\",secret:t},\"*\")},!1)))}(window,document);\n\/\/# sourceURL=https:\/\/radiosummernight.ch\/includes\/js\/wp-embed.min.js\n\/* ]]> *\/\n<\/script>\n"},"_links":{"self":[{"href":"https:\/\/radiosummernight.ch\/fr\/wp-json\/wp\/v2\/posts\/9713","targetHints":{"allow":["GET"]}}],"collection":[{"href":"https:\/\/radiosummernight.ch\/fr\/wp-json\/wp\/v2\/posts"}],"about":[{"href":"https:\/\/radiosummernight.ch\/fr\/wp-json\/wp\/v2\/types\/post"}],"author":[{"embeddable":true,"href":"https:\/\/radiosummernight.ch\/fr\/wp-json\/wp\/v2\/users\/59"}],"replies":[{"embeddable":true,"href":"https:\/\/radiosummernight.ch\/fr\/wp-json\/wp\/v2\/comments?post=9713"}],"version-history":[{"count":0,"href":"https:\/\/radiosummernight.ch\/fr\/wp-json\/wp\/v2\/posts\/9713\/revisions"}],"wp:featuredmedia":[{"embeddable":true,"href":"https:\/\/radiosummernight.ch\/fr\/wp-json\/wp\/v2\/media\/9695"}],"wp:attachment":[{"href":"https:\/\/radiosummernight.ch\/fr\/wp-json\/wp\/v2\/media?parent=9713"}],"wp:term":[{"taxonomy":"category","embeddable":true,"href":"https:\/\/radiosummernight.ch\/fr\/wp-json\/wp\/v2\/categories?post=9713"},{"taxonomy":"post_tag","embeddable":true,"href":"https:\/\/radiosummernight.ch\/fr\/wp-json\/wp\/v2\/tags?post=9713"},{"taxonomy":"series","embeddable":true,"href":"https:\/\/radiosummernight.ch\/fr\/wp-json\/wp\/v2\/series?post=9713"}],"curies":[{"name":"wp","href":"https:\/\/api.w.org\/{rel}","templated":true}]}}